{"id":121138,"date":"2025-12-30T18:33:15","date_gmt":"2025-12-30T18:33:15","guid":{"rendered":"https:\/\/www.europesays.com\/se\/121138\/"},"modified":"2025-12-30T18:33:15","modified_gmt":"2025-12-30T18:33:15","slug":"ranarliga-kom-over-300-miljoner","status":"publish","type":"post","link":"https:\/\/www.europesays.com\/se\/121138\/","title":{"rendered":"R\u00e5narliga kom \u00f6ver 300 miljoner"},"content":{"rendered":"<p>Kuppen \u00e4gde rum i v\u00e4stligt bel\u00e4gna staden Gelsenkirchen och g\u00e4rningspersonerna ska ha lyckats l\u00e4nsa \u00f6ver 3\u00a0000 fack som inneh\u00f6ll pengar, juveler och guld inuti valvet, uppger polisen p\u00e5 tisdagen.<\/p>\n<p>Enligt polisens utredare ska r\u00e5narna ha tagit sig in i valvet genom att borra sig in via ett parkeringshus. Utredarna bed\u00f6mer att r\u00e5narna d\u00e4refter tillbringade en stor del av den g\u00e5ngna helgen inuti valvet, upptagna med att bryta upp bankfacken.<\/p>\n","protected":false},"excerpt":{"rendered":"Kuppen \u00e4gde rum i v\u00e4stligt bel\u00e4gna staden Gelsenkirchen och g\u00e4rningspersonerna ska ha lyckats l\u00e4nsa \u00f6ver 3\u00a0000 fack som&hellip;\n","protected":false},"author":2,"featured_media":121139,"comment_status":"","ping_status":"","sticky":false,"template":"","format":"standard","meta":{"footnotes":""},"categories":[65],"tags":[72,70,71,34,31,33,32,30],"class_list":{"0":"post-121138","1":"post","2":"type-post","3":"status-publish","4":"format-standard","5":"has-post-thumbnail","7":"category-ekonomi","8":"tag-business","9":"tag-economy","10":"tag-ekonomi","11":"tag-se","12":"tag-svenska","13":"tag-sverige","14":"tag-sweden","15":"tag-swedish"},"share_on_mastodon":{"url":"https:\/\/pubeurope.com\/@se\/115809956939030354","error":""},"_links":{"self":[{"href":"https:\/\/www.europesays.com\/se\/wp-json\/wp\/v2\/posts\/121138","targetHints":{"allow":["GET"]}}],"collection":[{"href":"https:\/\/www.europesays.com\/se\/wp-json\/wp\/v2\/posts"}],"about":[{"href":"https:\/\/www.europesays.com\/se\/wp-json\/wp\/v2\/types\/post"}],"author":[{"embeddable":true,"href":"https:\/\/www.europesays.com\/se\/wp-json\/wp\/v2\/users\/2"}],"replies":[{"embeddable":true,"href":"https:\/\/www.europesays.com\/se\/wp-json\/wp\/v2\/comments?post=121138"}],"version-history":[{"count":0,"href":"https:\/\/www.europesays.com\/se\/wp-json\/wp\/v2\/posts\/121138\/revisions"}],"wp:featuredmedia":[{"embeddable":true,"href":"https:\/\/www.europesays.com\/se\/wp-json\/wp\/v2\/media\/121139"}],"wp:attachment":[{"href":"https:\/\/www.europesays.com\/se\/wp-json\/wp\/v2\/media?parent=121138"}],"wp:term":[{"taxonomy":"category","embeddable":true,"href":"https:\/\/www.europesays.com\/se\/wp-json\/wp\/v2\/categories?post=121138"},{"taxonomy":"post_tag","embeddable":true,"href":"https:\/\/www.europesays.com\/se\/wp-json\/wp\/v2\/tags?post=121138"}],"curies":[{"name":"wp","href":"https:\/\/api.w.org\/{rel}","templated":true}]}}