{"id":121140,"date":"2025-12-30T18:34:07","date_gmt":"2025-12-30T18:34:07","guid":{"rendered":"https:\/\/www.europesays.com\/se\/121140\/"},"modified":"2025-12-30T18:34:07","modified_gmt":"2025-12-30T18:34:07","slug":"polis-biten-vid-ingripande-mot-valdsam-minderarig-i-katrineholm","status":"publish","type":"post","link":"https:\/\/www.europesays.com\/se\/121140\/","title":{"rendered":"Polis biten vid ingripande mot v\u00e5ldsam minder\u00e5rig i Katrineholm"},"content":{"rendered":"<p>\u2013 Vi har tidigare under eftermiddagen f\u00e5tt beslut om att omh\u00e4nderta en minder\u00e5rig person som ska f\u00f6ras till ett hem. N\u00e4r vi kommer dit \u00e4r personen mycket ut\u00e5tagerande, s\u00e4ger polisens presstalesperson Martina Gradian.Ambulans och fem patruller kallades till platsen.\u00a0\u2013 Det r\u00f6r sig om en ej straffmyndig person som gjort v\u00e5ldsamt motst\u00e5nd och ut\u00f6vat v\u00e5ld mot tj\u00e4nsteman. D<\/p>\n","protected":false},"excerpt":{"rendered":"\u2013 Vi har tidigare under eftermiddagen f\u00e5tt beslut om att omh\u00e4nderta en minder\u00e5rig person som ska f\u00f6ras till&hellip;\n","protected":false},"author":2,"featured_media":121141,"comment_status":"","ping_status":"","sticky":false,"template":"","format":"standard","meta":{"footnotes":""},"categories":[14],"tags":[22,23,26,27,17,21,24,25,28,29,15,16,18,34,31,33,32,30,19,20,51,52,53,54],"class_list":{"0":"post-121140","1":"post","2":"type-post","3":"status-publish","4":"format-standard","5":"has-post-thumbnail","7":"category-varlden","8":"tag-breaking-news","9":"tag-breakingnews","10":"tag-featured-news","11":"tag-featurednews","12":"tag-headlines","13":"tag-huvudnyheter","14":"tag-latest-news","15":"tag-latestnews","16":"tag-main-news","17":"tag-mainnews","18":"tag-news","19":"tag-nyheter","20":"tag-rubriker","21":"tag-se","22":"tag-svenska","23":"tag-sverige","24":"tag-sweden","25":"tag-swedish","26":"tag-top-stories","27":"tag-topstories","28":"tag-varlden","29":"tag-world","30":"tag-world-news","31":"tag-worldnews"},"share_on_mastodon":{"url":"https:\/\/pubeurope.com\/@se\/115809960745499889","error":""},"_links":{"self":[{"href":"https:\/\/www.europesays.com\/se\/wp-json\/wp\/v2\/posts\/121140","targetHints":{"allow":["GET"]}}],"collection":[{"href":"https:\/\/www.europesays.com\/se\/wp-json\/wp\/v2\/posts"}],"about":[{"href":"https:\/\/www.europesays.com\/se\/wp-json\/wp\/v2\/types\/post"}],"author":[{"embeddable":true,"href":"https:\/\/www.europesays.com\/se\/wp-json\/wp\/v2\/users\/2"}],"replies":[{"embeddable":true,"href":"https:\/\/www.europesays.com\/se\/wp-json\/wp\/v2\/comments?post=121140"}],"version-history":[{"count":0,"href":"https:\/\/www.europesays.com\/se\/wp-json\/wp\/v2\/posts\/121140\/revisions"}],"wp:featuredmedia":[{"embeddable":true,"href":"https:\/\/www.europesays.com\/se\/wp-json\/wp\/v2\/media\/121141"}],"wp:attachment":[{"href":"https:\/\/www.europesays.com\/se\/wp-json\/wp\/v2\/media?parent=121140"}],"wp:term":[{"taxonomy":"category","embeddable":true,"href":"https:\/\/www.europesays.com\/se\/wp-json\/wp\/v2\/categories?post=121140"},{"taxonomy":"post_tag","embeddable":true,"href":"https:\/\/www.europesays.com\/se\/wp-json\/wp\/v2\/tags?post=121140"}],"curies":[{"name":"wp","href":"https:\/\/api.w.org\/{rel}","templated":true}]}}