{"id":121142,"date":"2025-12-30T18:38:31","date_gmt":"2025-12-30T18:38:31","guid":{"rendered":"https:\/\/www.europesays.com\/se\/121142\/"},"modified":"2025-12-30T18:38:31","modified_gmt":"2025-12-30T18:38:31","slug":"simon-edvinsson-hjalte-i-forlangningen-nhl","status":"publish","type":"post","link":"https:\/\/www.europesays.com\/se\/121142\/","title":{"rendered":"Simon Edvinsson hj\u00e4lte i f\u00f6rl\u00e4ngningen | NHL"},"content":{"rendered":"<p>Publicerad 29 dec 2025 kl 06.39Uppdaterad kl 07.06<\/p>\n<p>LOS ANGELES. Det var hans f\u00f6rsta m\u00e5l p\u00e5 \u00e5tta matcher.<\/p>\n<p>Och nog Simon Edvinssons viktigaste fulltr\u00e4ff i vinter.<\/p>\n<p>Den 22-\u00e5rige backen sk\u00f6t segern till Detroit Red Wings i f\u00f6rl\u00e4ngningen n\u00e4r man besegrade Toronto Maple Leafs med 3-2.<\/p>\n<p>\u2013 Jag s\u00e5g en chans n\u00e4r m\u00e5lvakten var ur position och tog den. F\u00f6r en g\u00e5ngs skull fick jag utdelning, sa Edvinsson efter\u00e5t om sitt backhandm\u00e5l.<\/p>\n<p><img   alt=\"\"\/> <\/p>\n<p>Foto: RYAN SUN \/ AP TT NYHETSBYR\u00c5N<\/p>\n<p>\u00d6ppna bild i helsk\u00e4rm<img loading=\"lazy\"   alt=\"\"\/> <\/p>\n<p>Foto: RYAN SUN \/ AP TT NYHETSBYR\u00c5N<\/p>\n<p>\u00d6ppna bild i helsk\u00e4rm<\/p>\n<p>Edvinsson \u00e4r mer k\u00e4nd som en defensiv klippa \u00e4n matchvinnare i Red Wings.<\/p>\n<p>Han t\u00e4ckte ett skott tidigare under matchen som tog illa, men klev inte av utan kom tillbaka och blev matchvinnare.<\/p>\n<p>\u2013 Han \u00e4r en av v\u00e5ra b\u00e4sta n\u00e4r det g\u00e4ller att t\u00e4cka skott. Men trots att hans fot domnade bort kom han tillbaka och spelade halva matchen, ber\u00f6mde tr\u00e4naren Todd McLellan.<\/p>\n<p>Simon Edvinsson har gjort 14 po\u00e4ng p\u00e5 37 matcher och \u00e4r +8 s\u00e5 h\u00e4r l\u00e5ngt i vinter.<\/p>\n<p>Lucas Raymond noterade sin 31:a assist och 42:a po\u00e4ng p\u00e5 38 matcher den h\u00e4r s\u00e4songen.<\/p>\n<p>Ocks\u00e5 Albert Johansson hade en m\u00e5lgivande passning i Detroit. Laget toppar Atlantic-divisionen f\u00f6re Tampa Bay Lightning och Montreal Canadiens.<\/p>\n<p>Toronto saknade William Nylander, som skadade sig i l\u00f6rdagens m\u00f6te med Ottawa Senators.<\/p>\n<p>Maple Leafs m\u00e5l gjordes av Matthew Knies och Nicholas Robertson.<\/p>\n","protected":false},"excerpt":{"rendered":"Publicerad 29 dec 2025 kl 06.39Uppdaterad kl 07.06 LOS ANGELES. Det var hans f\u00f6rsta m\u00e5l p\u00e5 \u00e5tta matcher.&hellip;\n","protected":false},"author":2,"featured_media":121143,"comment_status":"","ping_status":"","sticky":false,"template":"","format":"standard","meta":{"footnotes":""},"categories":[68],"tags":[34,255,256,111,110,31,33,32,30],"class_list":{"0":"post-121142","1":"post","2":"type-post","3":"status-publish","4":"format-standard","5":"has-post-thumbnail","7":"category-sport","8":"tag-se","9":"tag-sections-ishockey","10":"tag-sections-nhl","11":"tag-sport","12":"tag-sports","13":"tag-svenska","14":"tag-sverige","15":"tag-sweden","16":"tag-swedish"},"share_on_mastodon":{"url":"https:\/\/pubeurope.com\/@se\/115809976634068759","error":""},"_links":{"self":[{"href":"https:\/\/www.europesays.com\/se\/wp-json\/wp\/v2\/posts\/121142","targetHints":{"allow":["GET"]}}],"collection":[{"href":"https:\/\/www.europesays.com\/se\/wp-json\/wp\/v2\/posts"}],"about":[{"href":"https:\/\/www.europesays.com\/se\/wp-json\/wp\/v2\/types\/post"}],"author":[{"embeddable":true,"href":"https:\/\/www.europesays.com\/se\/wp-json\/wp\/v2\/users\/2"}],"replies":[{"embeddable":true,"href":"https:\/\/www.europesays.com\/se\/wp-json\/wp\/v2\/comments?post=121142"}],"version-history":[{"count":0,"href":"https:\/\/www.europesays.com\/se\/wp-json\/wp\/v2\/posts\/121142\/revisions"}],"wp:featuredmedia":[{"embeddable":true,"href":"https:\/\/www.europesays.com\/se\/wp-json\/wp\/v2\/media\/121143"}],"wp:attachment":[{"href":"https:\/\/www.europesays.com\/se\/wp-json\/wp\/v2\/media?parent=121142"}],"wp:term":[{"taxonomy":"category","embeddable":true,"href":"https:\/\/www.europesays.com\/se\/wp-json\/wp\/v2\/categories?post=121142"},{"taxonomy":"post_tag","embeddable":true,"href":"https:\/\/www.europesays.com\/se\/wp-json\/wp\/v2\/tags?post=121142"}],"curies":[{"name":"wp","href":"https:\/\/api.w.org\/{rel}","templated":true}]}}