{"id":121144,"date":"2025-12-30T18:39:23","date_gmt":"2025-12-30T18:39:23","guid":{"rendered":"https:\/\/www.europesays.com\/se\/121144\/"},"modified":"2025-12-30T18:39:23","modified_gmt":"2025-12-30T18:39:23","slug":"thor-ar-tillbaka-se-nya-trailern-till-avengers-doomsday","status":"publish","type":"post","link":"https:\/\/www.europesays.com\/se\/121144\/","title":{"rendered":"Thor \u00e4r tillbaka! Se nya trailern till &#8221;Avengers: Doomsday&#8221;"},"content":{"rendered":"<p>Senaste veckorna har det varit tal om trailers f\u00f6r efterl\u00e4ngtade <a href=\"https:\/\/www.moviezine.se\/nyheter\/mcu-favoriten-ar-tillbaka-se-forsta-teaser-trailern-till-avengers-doomsday\" rel=\"nofollow noopener\" target=\"_blank\">\u201dAvengers: Doomsday\u201d<\/a>, varav ett antal har l\u00e4ckt ut p\u00e5 n\u00e4tet och p\u00e5visat <a href=\"https:\/\/www.moviezine.se\/nyheter\/annu-en-doomsday-trailer-har-lackt-online-mcu-veteran-atervander\" rel=\"nofollow noopener\" target=\"_blank\">\u00e5terkomsten f\u00f6r flera folkk\u00e4ra figurer<\/a>.<\/p>\n<p>Nu har Marvel officiellt sl\u00e4ppt en ny teaser f\u00f6r filmen p\u00e5 sin Youtube-kanal. H\u00e4r f\u00e5r vi allts\u00e5 bekr\u00e4ftat att <strong>Chris Hemsworth <\/strong>faktiskt \u00e5terv\u00e4nder som <strong>Thor<\/strong>. Nu k\u00e4mpar han inte bara f\u00f6r sig sj\u00e4lv, utan f\u00f6r sitt barn. Den gudomliga hj\u00e4lten har g\u00e5tt igenom mycket sedan han f\u00f6rst d\u00f6k upp 2010 och fr\u00e5gar nu allfadern om svar.<\/p>\n<p>Kolla in trailern nedan och missa f\u00f6r allt i v\u00e4rlden inte biopremi\u00e4ren, som \u00e4r om ungef\u00e4r ett \u00e5r. Den <strong>18 december<\/strong>!<\/p>\n<p><img loading=\"lazy\" decoding=\"async\" alt=\"YouTube video\" width=\"480\" height=\"360\" data-pin-nopin=\"true\" nopin=\"nopin\" class=\"perfmatters-lazy\" src=\"https:\/\/www.europesays.com\/se\/wp-content\/uploads\/2025\/12\/1767119963_766_hqdefault.jpg\"\/><\/p>\n<p>L\u00e4s ocks\u00e5: <a href=\"https:\/\/www.moviezine.se\/nyheter\/ryan-coogler-avslojar-sa-skulle-black-panther-2-ha-blivit-om-chadwick-boseman-levt\" title=\"Ryan Coogler avsl\u00f6jar \u2013 s\u00e5 skulle \u201dBlack Panther 2\u201d ha blivit om Chadwick Boseman levt\" class=\"underline-custom !font-montserrat !font-bold !underline-offset-4 !decoration-4 !decoration-moviezine-green !text-md\" rel=\"nofollow noopener\" target=\"_blank\">Ryan Coogler avsl\u00f6jar \u2013 s\u00e5 skulle \u201dBlack Panther 2\u201d ha blivit om Chadwick Boseman levt<\/a><\/p>\n<p>L\u00e4s ocks\u00e5: <a href=\"https:\/\/www.moviezine.se\/nyheter\/mcu-favoriten-ar-tillbaka-se-forsta-teaser-trailern-till-avengers-doomsday\" title=\"MCU-favoriten \u00e4r tillbaka! Se f\u00f6rsta teaser-trailern till \u201dAvengers: Doomsday\u201d\" class=\"underline-custom !font-montserrat !font-bold !underline-offset-4 !decoration-4 !decoration-moviezine-green !text-md\" rel=\"nofollow noopener\" target=\"_blank\">MCU-favoriten \u00e4r tillbaka! Se f\u00f6rsta teaser-trailern till \u201dAvengers: Doomsday\u201d<\/a><\/p>\n","protected":false},"excerpt":{"rendered":"Senaste veckorna har det varit tal om trailers f\u00f6r efterl\u00e4ngtade \u201dAvengers: Doomsday\u201d, varav ett antal har l\u00e4ckt ut&hellip;\n","protected":false},"author":2,"featured_media":121145,"comment_status":"","ping_status":"","sticky":false,"template":"","format":"standard","meta":{"footnotes":""},"categories":[67],"tags":[104,2390,34,31,33,32,30,2044,105],"class_list":{"0":"post-121144","1":"post","2":"type-post","3":"status-publish","4":"format-standard","5":"has-post-thumbnail","7":"category-underhallning","8":"tag-entertainment","9":"tag-marvel","10":"tag-se","11":"tag-svenska","12":"tag-sverige","13":"tag-sweden","14":"tag-swedish","15":"tag-trailer","16":"tag-underhallning"},"share_on_mastodon":{"url":"https:\/\/pubeurope.com\/@se\/115809980444973715","error":""},"_links":{"self":[{"href":"https:\/\/www.europesays.com\/se\/wp-json\/wp\/v2\/posts\/121144","targetHints":{"allow":["GET"]}}],"collection":[{"href":"https:\/\/www.europesays.com\/se\/wp-json\/wp\/v2\/posts"}],"about":[{"href":"https:\/\/www.europesays.com\/se\/wp-json\/wp\/v2\/types\/post"}],"author":[{"embeddable":true,"href":"https:\/\/www.europesays.com\/se\/wp-json\/wp\/v2\/users\/2"}],"replies":[{"embeddable":true,"href":"https:\/\/www.europesays.com\/se\/wp-json\/wp\/v2\/comments?post=121144"}],"version-history":[{"count":0,"href":"https:\/\/www.europesays.com\/se\/wp-json\/wp\/v2\/posts\/121144\/revisions"}],"wp:featuredmedia":[{"embeddable":true,"href":"https:\/\/www.europesays.com\/se\/wp-json\/wp\/v2\/media\/121145"}],"wp:attachment":[{"href":"https:\/\/www.europesays.com\/se\/wp-json\/wp\/v2\/media?parent=121144"}],"wp:term":[{"taxonomy":"category","embeddable":true,"href":"https:\/\/www.europesays.com\/se\/wp-json\/wp\/v2\/categories?post=121144"},{"taxonomy":"post_tag","embeddable":true,"href":"https:\/\/www.europesays.com\/se\/wp-json\/wp\/v2\/tags?post=121144"}],"curies":[{"name":"wp","href":"https:\/\/api.w.org\/{rel}","templated":true}]}}