{"id":121148,"date":"2025-12-30T18:42:34","date_gmt":"2025-12-30T18:42:34","guid":{"rendered":"https:\/\/www.europesays.com\/se\/121148\/"},"modified":"2025-12-30T18:42:34","modified_gmt":"2025-12-30T18:42:34","slug":"radikala-boomers","status":"publish","type":"post","link":"https:\/\/www.europesays.com\/se\/121148\/","title":{"rendered":"Radikala boomers"},"content":{"rendered":"<p class=\"has-drop-cap\">Det m\u00e5ste ha varit en m\u00e4rklig syn som m\u00f6tte skyddsvakten vid riksdagens entr\u00e9 en vecka f\u00f6re valet 2022. Den samling m\u00e4nniskor som n\u00e4rmat sig var nu framme och bildade ett l\u00e5ngt led fr\u00e5n riksdagens svarta avsp\u00e4rrningsband till portalen p\u00e5 Riksgatan norrut mot Drottninggatan.<\/p>\n<p>Det hela b\u00f6rjar trevande. Den \u00e4ldre samlingen, de flesta fr\u00e5n medel\u00e5ldern och upp till efter pensionen, r\u00f6rde sig l\u00e5ngsamt men m\u00e5lmedvetet. Med en h\u00e4lsning in i Ulf Bejerstrands kamera kastade de i tur och ordning ett g\u00e4ng valsedlar h\u00f6gt upp i luften.<\/p>\n<p>Partiet Knapptryckarna hade kraftsamlat inf\u00f6r valet 2022 men hade sv\u00e5rt att n\u00e5 ut lika brett som partiledaren Ulf Bejerstrand hade sett framf\u00f6r sig. Eftersom partiet inte var kvalificerat f\u00f6r att f\u00e5 sina valsedlar utplacerade i vallokalerna av landets valn\u00e4mnder ans\u00e5g han att valet var riggat. D\u00e4rf\u00f6r samlades man nu till manifestation utanf\u00f6r\u00a0riksdagen.<\/p>\n<p>Ritualen p\u00e5gick i cirka femton minuter innan den sista i ledet kommit fram till avsp\u00e4rrningsrepet och ledarens direkts\u00e4ndning. Mannen, med en gr\u00e5 luvtr\u00f6ja med texten \u201dNo pain, no gain\u201d, lyfte som avslutning hela k\u00e4rran med resterande valsedlar framf\u00f6r br\u00f6stet och t\u00f6mde dess inneh\u00e5ll p\u00e5 asfalten. Tusentals gula papperslappar singlade l\u00e5ngsamt ner mot marken i en v\u00e4lregisserad protest.<\/p>\n<p><img data-lazyloaded=\"1\" fetchpriority=\"high\" decoding=\"async\" width=\"815\" height=\"1024\" src=\"https:\/\/www.europesays.com\/se\/wp-content\/uploads\/2025\/12\/Expo-4-2025-Omslag-HR-815x1024.png\" alt=\"Expo #4 2025 om radikala boomers, hatets geografi, arvet efter Franco och Aktivklubb.\" class=\"wp-image-49868\"  data-\/>Foto: Mickan M\u00f6rk<\/p>\n<p class=\"has-medium-font-size\"><strong>Artikeln \u00e4r h\u00e4mtad ur tidskriften Expo #4-2025<\/strong><\/p>\n<p class=\"has-small-font-size\">Radikala boomers \u2013 ett osynligt samh\u00e4llsproblem. Expo g\u00e5r i sista numret f\u00f6r 2025 p\u00e5 djupet med fr\u00e5gan om \u00e4ldres radikalisering. <\/p>\n<p class=\"has-small-font-size\">Dessutom granskas st\u00f6det till Aktivklubb och vi tittar n\u00e4rmare p\u00e5 arvet efter Franco \u2013 50 \u00e5r efter hans d\u00f6d.<\/p>\n<p>\ud83d\udc40\u00a0<a href=\"https:\/\/expo.se\/lar-dig-mer\/tidskriften\/satansdyrkarna\/\" rel=\"nofollow noopener\" target=\"_blank\"><strong>L\u00e4s mer om <\/strong><\/a><a href=\"https:\/\/expo.se\/lar-dig-mer\/tidskriften\/radikala-boomers\/\" rel=\"nofollow noopener\" target=\"_blank\"><strong>numret<\/strong><\/a><a href=\"https:\/\/expo.se\/lar-dig-mer\/tidskriften\/satansdyrkarna\/\" rel=\"nofollow noopener\" target=\"_blank\"><strong> h\u00e4r.<\/strong><\/a><\/p>\n<p>\ud83d\uddde\u00a0<a href=\"https:\/\/expo.se\/prenumerera\/\" rel=\"nofollow noopener\" target=\"_blank\"><strong>Prenumerera p\u00e5 tidskriften h\u00e4r.<\/strong><\/a><\/p>\n<p>radikalisering av medel\u00e5lders och \u00e4ldre \u00e4r ett fenomen som det s\u00e4llan pratas om i samh\u00e4llsdebatten. Men f\u00f6r den som f\u00f6ljer den h\u00f6gerextrema organiseringen och den ofta sammanl\u00e4nkade konspirationsteoretiska milj\u00f6n, \u00e4r bilden tydlig. Personer \u00f6ver 50 \u00e4r centrala f\u00f6r den utveckling av extremism vi sett under senare \u00e5r, b\u00e5de i Sverige och internationellt.<\/p>\n<p>Reichsb\u00fcrgerr\u00f6relsen i Tyskland, som i huvudsak samlar personer mellan 40 och 60, \u00e4r ett exempel. De anser tyska staten och r\u00e4ttsv\u00e4sendet vara illegitima och har utropat en egen kung. I december 2022 greps 25 medlemmar, bland annat den d\u00e5 71-\u00e5rige adelsmannen Heinrich XIII, misst\u00e4nkta f\u00f6r att ha planerat en statskupp. Efter det har flera medlemmar ur r\u00f6relsen misst\u00e4nkts f\u00f6r en rad brott, bland annat vapentr\u00e4ning.<\/p>\n<p>Samtidigt l\u00e4gger samh\u00e4llet fr\u00e4mst resurser p\u00e5 att informera yngre om vilka risker som kan kopplas till material och kommunikation p\u00e5 n\u00e4tet. N\u00e5gra liknande insatser har inte riktats mot den \u00e4ldre generationen. Och som sj\u00e4lvl\u00e4rda i k\u00e4llkritik har de l\u00e4ttare att falla offer f\u00f6r konspirationsteorier, desinformation, rykten och \u201dfake news\u201d. Det menar Sara H Wilford, som forskar p\u00e5 fenomenet.<\/p>\n<p>\u2013 M\u00e5nga av dem, s\u00e4rskilt de n\u00e5got yngre, tror att de \u00e4r full\u00e4rda efter att ha g\u00e5tt \u2019Livets H\u00e5rda Skola\u2019 \u2013 att de inte beh\u00f6ver n\u00e5gon som helst utbildning eller tr\u00e4ning. Samtidigt anser de att yngre generationer \u00e4r okunniga och outbildade, s\u00e4ger Sara H Wilford.<\/p>\n<p>Hon \u00e4r docent vid De Montfort University i Storbritannien, m\u00e5ng\u00e5rig expert p\u00e5 extremistiska onlinemilj\u00f6er och forskar just nu p\u00e5 hur \u00e4ldre radikaliseras in i konspirationsteoretiskt t\u00e4nkande och anti-statlig extremism. I det internationella projektet SMIDGE som p\u00e5g\u00e5r till 2026 forskar hon tillsammans med kollegor fr\u00e5n universitet runt om i Europa p\u00e5 hur extremistiska och konspirationistiska ber\u00e4ttelser sprids online och s\u00e4rskilt p\u00e5verkar personer mellan 45\u201365 \u00e5r.<\/p>\n<p>Generationer som i Sverige har kallats f\u00f6r K\u00f6ttberget, J\u00e4tteproppen Orvar och babyboomers. Men ocks\u00e5 MTV-generationen, den ironiska generationen eller kort och gott generation X. De f\u00f6ddes innan 1980 och Sara H Wilford kallar dem f\u00f6r \u201dden osynliga mitten\u201d eller \u201dden osynliga demografin\u201d eftersom gruppen, enligt henne, totalt ignoreras i samh\u00e4llet.<\/p>\n<p><img loading=\"lazy\" data-lazyloaded=\"1\" decoding=\"async\" width=\"1024\" height=\"672\" src=\"https:\/\/www.europesays.com\/se\/wp-content\/uploads\/2025\/12\/ED_ED_DSC07117-BY-Expo-1024x672.jpg\" alt=\"\" class=\"wp-image-50008\"  data-\/>Inom den konspirationstroende milj\u00f6n \u00e4r misstron mot samh\u00e4llets institutioner och medier utbredd. Foto: Expo<\/p>\n<p>\u2013 Ibland t\u00e4nker jag p\u00e5 n\u00e4r jag var p\u00e5 ett kaf\u00e9. N\u00e4r jag stod d\u00e4r vid disken och f\u00f6rs\u00f6kte best\u00e4mma mig f\u00f6r vilken kaka jag skulle ha s\u00e5 blev det pl\u00f6tsligt min tur. Men baristan gick vidare till s\u00e4llskapet bakom mig i k\u00f6n, som om jag inte fanns. Jag t\u00e4nkte att det \u00e4r precis s\u00e5 de jag forskar p\u00e5 k\u00e4nner i sin\u00a0tillvaro.<\/p>\n<p>Hon h\u00e4nvisar till att det n\u00e4stan helt saknas samh\u00e4llsvetenskaplig forskning d\u00e4r personer i \u00e5ldrarna 45\u201365 \u00e5r inkluderas ordentligt. Den data som samlas in fr\u00e5n \u00e5ldersgruppen sl\u00e5s i regel ihop till kategorin \u201d50+\u201d. Samtidigt, p\u00e5pekar hon, \u00e5terfinns n\u00e5gra av de mest inflytelserika m\u00e4nniskorna i v\u00e4rlden, som formar v\u00e5ra digitala liv, i just den \u00e5ldersgruppen \u2013 exempelvis Elon Musk och techentrepren\u00f6ren tillika h\u00f6gerradikalen Peter Thiel.<\/p>\n<p>Genom intervjuer med en fokusgrupp best\u00e5ende av 45\u201365-\u00e5ringar har Sara H Wilford och hennes kollegor sett ett tydligt m\u00f6nster. Dels pekar hon p\u00e5 en utpr\u00e4glad anti-intellektualism i gruppen, men ocks\u00e5 en stark k\u00e4nsla av gemenskap.<\/p>\n<p>\u2013 En av de viktigaste drivkrafterna f\u00f6r dessa m\u00e4nniskor, som k\u00e4nner sig \u00e5sidosatta och osynliggjorda, \u00e4r att hitta sammanhang d\u00e4r de \u00e4r v\u00e4lkomna och inte k\u00e4nner sig nedtryckta. Det finns i deras digitala gemenskaper och det finns en otrolig kraft i det, s\u00e4ger Sara Wilford.<\/p>\n<p>\u2013 \u00c5 ena sidan r\u00f6r det sig om en grupp m\u00e4nniskor som uppfattar sig som ignorerade, utst\u00f6tta och osynliggjorda. \u00c5 andra sidan \u00e4r det en \u00e5ldersgrupp som i m\u00e5ngt och mycket styr v\u00e4rlden.<\/p>\n<p>2021 drar partiet Knapptryckarna ig\u00e5ng sin verksamhet. De \u00e4r en del av den konspirationsteoretiska protestr\u00f6relse som v\u00e4xte fram som en motreaktion mot de restriktioner och vaccinprogram som syftade till att st\u00e4vja coronapandemin.<\/p>\n<p>Partiet vill genomf\u00f6ra en form av direktdemokrati d\u00e4r de som sitter p\u00e5 partiets mandat \u00e4r bundna till att r\u00f6sta som partiets medlemmar vill. Partiet ska allts\u00e5 inte driva egna fr\u00e5gor utan agera \u201dknapptryckare\u201d \u00e5t en bredare opinion \u2013 ett s\u00e4tt att anv\u00e4nda den svenska representativa demokratin som ram f\u00f6r en hemmasnickrad modell f\u00f6r direktdemokrati.<\/p>\n<p>Det ideologiska fundamentet i partiet \u00e4r konspirationsteorier som g\u00e5r ut p\u00e5 att makten i Sverige \u2013 politiker, tj\u00e4nstem\u00e4n, myndighetspersonal och journalister \u2013 \u00e4r korrumperade och i maskopi med en global elit som styr v\u00e4rlden. Enligt partiet \u00e4r den svenska demokratin inte legitim s\u00e5 l\u00e4nge inte deras form av direktdemokrati \u00e4r implementerad.<\/p>\n<p><img loading=\"lazy\" data-lazyloaded=\"1\" decoding=\"async\" width=\"1024\" height=\"672\" src=\"https:\/\/www.europesays.com\/se\/wp-content\/uploads\/2025\/12\/ED_ED_u03_raw_210306_539-BY-Expo-1024x672.jpg\" alt=\"\" class=\"wp-image-50009\"  data-\/>Under pandemin v\u00e4xte en liten, h\u00f6gljudd protestr\u00f6relse mot insatserna kopplade till corona fram. Den bestod av personer fr\u00e5n s\u00e5v\u00e4l den nyandliga v\u00e4rlden, som f\u00f6respr\u00e5kare av alternativmedicin och \u00f6ppna h\u00f6gerextremister. En betydande andel av dem var medel\u00e5lders eller \u00e4ldre. Foto: Expo<\/p>\n<p>N\u00e5gra politiska framg\u00e5ngar har partiet inte haft. I riksdagsvalet 2022 fick det <a href=\"https:\/\/expo.se\/nyhet\/svagt-stod-for-partier-som-vaxte-fram-ur-coronaprotesterna\/\" rel=\"nofollow noopener\" target=\"_blank\">blygsamma 0,08 procent<\/a> av r\u00f6sterna. 2023 kom den hittills st\u00f6rsta framg\u00e5ngen, n\u00e4r ett antal kommunfullm\u00e4ktigeledam\u00f6ter i Forshaga l\u00e4mnade Sverigedemokraterna och blev politiska vildar. Avhopparna gick ut och sa sig vilja f\u00f6ra Knapptryckarnas politik. 2024 var det totalt sju SD-vildar i kommunen som i lokalpress beskrevs som \u201dfoliehattar\u201d.<\/p>\n<p class=\"has-drop-cap\">Men trots att det inte givit resultat i allm\u00e4nna val s\u00e5 \u00e4r partiets opinionsbildning p\u00e5 n\u00e4tet ih\u00e4rdig och frekvent. Partiets grundare och ordf\u00f6rande \u00e4r tidigare n\u00e4mnda Ulf Bejerstrand, 71. Han har bakgrund inom den svenska musik- och n\u00f6jesindustrin. Sj\u00e4lv uppger han att han politiskt \u00e4r sprungen ur v\u00e4nstern, samtidigt som han innan Knapptryckarna f\u00f6retr\u00e4dde Ny Demokrati i Stockholm. I valet 2014 kandiderade han f\u00f6r partiet Direktdemokraterna till Tyres\u00f6 kommunfullm\u00e4ktige.<\/p>\n<p>Under 2020-talet har hans n\u00e4rvaro p\u00e5 sociala medier varit intensiv, framf\u00f6r allt genom videos\u00e4ndningar p\u00e5 Youtube och Facebook som g\u00f6rs under eget eller i Knapptryckarnas namn. Han deltar \u00e4ven \u00e5terkommande i andra s\u00e4ndningar, i m\u00e5nga fall med personer som ocks\u00e5 \u00e4r kopplade till Knapptryckarna. Bejerstrand har sj\u00e4lv kallat sitt politiska sammanhang f\u00f6r \u201den massa pension\u00e4rer som \u00e4r f\u00f6rbannade\u201d. Och tong\u00e5ngarna bland partiets f\u00f6retr\u00e4dare och sympatis\u00f6rer \u00e4r ofta radikala \u2013 s\u00e4rskilt i direkts\u00e4ndningarna.<\/p>\n<p>Expo har <a href=\"https:\/\/expo.se\/nyhet\/filmade-nazistpropaganda-fick-jobb-hos-ekeroth\/\" rel=\"nofollow noopener\" target=\"_blank\">tidigare uppm\u00e4rksammat<\/a> Bejerstrand \u2013 bland annat f\u00f6r hans relativiserande av F\u00f6rintelsen, en beteckning han underk\u00e4nner eftersom \u201dalla judar inte f\u00f6rintades\u201d vilket han menar att Israel \u00e4r ett bevis p\u00e5.<\/p>\n<p>N\u00e4r hans f\u00f6ljare p\u00e5 Youtube fr\u00e5gor honom om han \u00e4r f\u00f6rintelsef\u00f6rnekare s\u00e5 brukar svaret bli att han inte f\u00f6rnekar att det dog m\u00e5nga under vad han brukar ben\u00e4mna som \u201dden s\u00e5 kallade F\u00f6rintelsen\u201d innan han f\u00f6r \u00f6ver diskussionen till \u201dandra folkmord\u201d i Sovjetunionen, Kina eller av \u201dindianerna\u201d i USA.<\/p>\n<p>partikamraten h\u00e5kan bergmark, 66, som tidigare var aktiv i partiet Populisterna, har en egen Youtube-kanal, inslagen g\u00f6r han ofta ihop med den n\u00e5gra \u00e5r \u00e4ldre parh\u00e4sten \u00d6ystein R\u00f6nne. F\u00f6rintelsen, judar och konspirationsteorier om \u201dde som styr\u201d \u00e4r teman som frekvent avhandlas i s\u00e4ndningarna, d\u00e4r Ulf Bejerstrand ocks\u00e5 \u00e4r en \u00e5terkommande g\u00e4st.<\/p>\n<p>Tidigare i \u00e5r medverkade de tre tillsammans med Johan Nordquist, 69, som sedan ett par \u00e5r tillbaka st\u00e5r n\u00e4ra det h\u00f6gerextrema s\u00e5 kallade <a href=\"https:\/\/expo.se\/lar-dig-mer\/wiki\/natverket\/\" rel=\"nofollow noopener\" target=\"_blank\">N\u00e4tverket<\/a>, i Bergmark TV, som kanalen heter.\u00a0<\/p>\n<p>I s\u00e4ndningen \u00e4r bilden delad p\u00e5 fyra. Deltagarna samsas om ordet. \u00d6ystein R\u00f6nne argumenterar f\u00f6r att USA styrs av \u201dsionisterna\u201d, varp\u00e5 H\u00e5kan Bergmark svarar:<\/p>\n<p>\u2013 Det d\u00e4r blir en v\u00e4ldigt k\u00e4nslig fr\u00e5ga. Det blir ju den d\u00e4r kopplingen till den s\u00e5 kallade F\u00f6rintelsen, som egentligen inte skedde.<\/p>\n<p>Han h\u00e4nvisar till det som enligt honom \u00e4r ny kunskap efter \u201dm\u00e5nga \u00e5r av informationsm\u00f6rker\u201d.<\/p>\n<p>\u2013 I dag g\u00e5r det, tack vare att vi fortfarande har tillg\u00e5ng till internet, att skaffa egen information, till\u00e4gger han och s\u00e4ger att det \u00e4r sv\u00e5rare f\u00f6r mainstreammedier att ljuga f\u00f6r n\u00e5gon som \u00e4r \u2019vaken\u2019.<\/p>\n<p>Det \u00f6ppna f\u00f6rintelsef\u00f6rnekandet l\u00e4mnar de \u00f6vriga deltagarna i det direkts\u00e4nda samtalet ober\u00f6rda. Ingen inv\u00e4nder, protesterar eller tar ordet f\u00f6r att korrigera uttalandet.<\/p>\n<p>\u00c5terkommande i s\u00e4ndningarna \u00e4r proryska talepunkter i kombination med utspel kraftigt kritiska mot Nato och det svenska medlemskapet i f\u00f6rsvarsalliansen \u2013 vilket till stor del ersatt den m\u00e4ngd av konspirationsteorier om restriktioner och vaccin som spreds i kanalerna under pandemi\u00e5ren.<\/p>\n<p><a href=\"https:\/\/expo.se\/kommentar\/covidprotesterna-fortsatter\/\" class=\"blurb read-more\" rel=\"nofollow noopener\" target=\"_blank\"><\/p>\n<p>                    <img data-lazyloaded=\"1\" decoding=\"async\" src=\"https:\/\/www.europesays.com\/se\/wp-content\/uploads\/2025\/12\/ed-demo-sthlm-alla-ljuger_by_anders_dalsbro.jpg\" alt=\"Coronaprotest i Stockholm.\"\/><\/p>\n<p>\n            Vad h\u00e4nder med coronaprotesterna n\u00e4r restriktionerna upph\u00f6r?\n        <\/p>\n<p>F\u00f6retr\u00e4dare talar om revolution och att \u201dansvariga\u201d ska st\u00e4llas till svars.<\/p>\n<p><\/a><\/p>\n<p class=\"has-drop-cap\">N\u00e5got som d\u00e4remot \u00e4r konstant sedan starten \u00e4r hat och hot mot politiker och andra meningsmotst\u00e5ndare som \u00e5terkommande uttalas i direkts\u00e4ndningarna. \u00d6ystein R\u00f6nne f\u00f6rklarar i en s\u00e4ndning fr\u00e5n november i \u00e5r sin syn p\u00e5 \u201dhatretorik\u201d och \u201dhot\u201d. Enligt honom \u00e4r samh\u00e4llets f\u00f6rs\u00f6k att st\u00e4vja hot och hat en chim\u00e4r som i sj\u00e4lva verket syftar till att de som \u201davsl\u00f6jar\u201d politikerna ska \u201dstraffas\u201d och \u201dskr\u00e4mmas till tystnad\u201d. Han menar att politikerna bara \u00e4r r\u00e4dda f\u00f6r sin egen impopularitet.<\/p>\n<p>\u2013 Och det ska de vara, f\u00f6r jag kommer att attackera dem, alla som \u00e4r galna, vilket jag tycker att de flesta av v\u00e5ra politiker \u00e4r, s\u00e4ger han i s\u00e4ndningen.<\/p>\n<p><img loading=\"lazy\" data-lazyloaded=\"1\" decoding=\"async\" width=\"1024\" height=\"672\" src=\"https:\/\/www.europesays.com\/se\/wp-content\/uploads\/2025\/12\/ED-mask-BY-Expo-1024x672.jpg\" alt=\"\" class=\"wp-image-50010\"  data-\/>Bland konspirationstroende och h\u00f6gerextremister varvas ett positivt k\u00e4rleksbudskap friktionsfritt med \u00f6ppet hat, hot och hets mot de som anses vara maktens illasinnade f\u00f6retr\u00e4dare och medl\u00f6pare. Foto: Expo<\/p>\n<p>Han argumenterar vidare att om lagstiftningen runt \u201dhatretorik\u201d g\u00f6r att \u201dman inte kan s\u00e4ga vad man tycker, d\u00e5 \u00e5terst\u00e5r att g\u00f6ra vad man vill utan att flagga irritationen innan\u201d.<\/p>\n<p>\u2013 Jag s\u00e4ger inte vad \u2019att g\u00f6ra vad man vill\u2019 betyder. Men det finns n\u00e5gra exempel p\u00e5 det i hyfsad n\u00e4rtid \u00e4ven i Sverige. Om jag s\u00e4ger Gotland s\u00e5 kanske en del hajar till. Men det \u00e4r s\u00e5 det \u00e4r. Du kan inte undertrycka k\u00e4nslorna, uppfattningen och reaktionen hos folket, s\u00e4ger \u00d6ystein R\u00f6nne.<\/p>\n<blockquote>\n<p>Det \u00e4r samtal som genomsyras av l\u00e4ngtan till v\u00e4pnad kamp och \u00f6nskningar om att svenska riksdagsledam\u00f6ter och regeringsmedlemmar ska skjutas ihj\u00e4l<\/p>\n<\/blockquote>\n<p>I andra s\u00e4ndningar \u00e4r den v\u00e5ldsbejakande tonen \u00e4n mer explicit. Politiker ska d\u00f6, sp\u00e4rras in eller spr\u00e4ngas i bitar. Det \u00e4r samtal som genomsyras av l\u00e4ngtan till v\u00e4pnad kamp och \u00f6nskningar om att svenska riksdagsledam\u00f6ter och regeringsmedlemmar ska skjutas ihj\u00e4l.\u00a0<\/p>\n<p>\u2013 De \u00e4r \u00e4ckliga, de \u00e4r psykopater, de \u00e4r sinnessjuka. De borde egentligen avr\u00e4ttas allihop. Jag brukar s\u00e4ga det \u2013 \u00e5teruppr\u00e4tta galgbacken i Gamla stan s\u00e5 f\u00e5r vi det h\u00e4r blodbadet, sa till exempel \u00d6ystein R\u00f6nne i en Youtube-s\u00e4ndning som gick under vinjetten \u201dLive med Knapptryckare\u201d.<\/p>\n<p><a href=\"https:\/\/expo.se\/kommentar\/de-vill-doda-svenska-politiker-och-sager-det-helt-oppet\/\" class=\"blurb read-more\" rel=\"nofollow noopener\" target=\"_blank\"><\/p>\n<p>                    <img data-lazyloaded=\"1\" decoding=\"async\" src=\"https:\/\/www.europesays.com\/se\/wp-content\/uploads\/2025\/12\/namnlost-5.jpg\" alt=\"Knapptryckarnas f\u00f6retr\u00e4dare s\u00e4ger helt \u00f6ppet i onlines\u00e4ndningar att svenska politiker ska avr\u00e4ttas.\"\/><\/p>\n<p>\n            De vill d\u00f6da svenska politiker och s\u00e4ger det helt \u00f6ppet\n        <\/p>\n<p>I helgen marscherar de f\u00f6r att \u201dta tillbaka SVT och SR\u201d.  <\/p>\n<p><\/a><\/p>\n<p>Expo har s\u00f6kt \u00d6ystein R\u00f6nne f\u00f6r en intervju om hans retorik p\u00e5 n\u00e4tet och om hur hans engagemang vuxit fram.<\/p>\n<p>\u2013 \u00c4ven om jag syns mer nu \u00e4n tidigare s\u00e5 har jag i hela mitt liv uttryckt min \u00e5sikt i ganska stor grad. Men som du vet s\u00e5 g\u00e5r det s\u00e4llan i Sverige att uttrycka vad man anser i olika fr\u00e5gor utan att bli f\u00f6rf\u00f6ljd och stigmatiserad om \u00e5sikterna inte \u00e4r typ woke och PK, och \u00e4r man d\u00e5 yrkesverksam s\u00e5 kan det kosta en jobbet, skriver han i ett mejlsvar till\u00a0Expo d\u00e4r han avb\u00f6jer intervju.<\/p>\n<p>\u2013 Att jag \u00e4r \u00e4nnu tydligare med mitt budskap i dag beror p\u00e5 att jag har mer tid och \u00e4r pension\u00e4r, som de flesta gamla \u00e4r. Allts\u00e5, jag vill v\u00e4cka folk! Jag tror att du f\u00f6rst\u00e5r vad jag menar med det, till\u00e4gger han.<\/p>\n<p>Partiledaren Ulf Bejerstrand v\u00e4ljer dock att prata.<\/p>\n<p>\u2013 Det h\u00e4r \u00e4r svart humor. Det \u00e4r m\u00f6rk humor, s\u00e4ger han som ett svar p\u00e5 den h\u00e5rdf\u00f6ra retoriken och till\u00e4gger att han inte tror p\u00e5 v\u00e5ld.<\/p>\n<p>bejerstrand ing\u00e5r i den konspirationstroende politiska milj\u00f6n som ofta beskriver sig som \u201dvaken\u201d. Han brukar sj\u00e4lv g\u00f6ra en distinktion i sina s\u00e4ndningar mellan de som \u00e4r \u201dvakna\u201d, som han sj\u00e4lv, och de \u201dsovande\u201d. Han vill inte ge n\u00e5gon definition p\u00e5 begreppen men s\u00e4ger att Vietnamkriget fick honom sj\u00e4lv att \u201dvakna\u201d. Han ser inte sig sj\u00e4lv som radikal utan menar att solidaritet \u00e4r en ledstj\u00e4rna f\u00f6r honom.<\/p>\n<p><img loading=\"lazy\" data-lazyloaded=\"1\" decoding=\"async\" width=\"1024\" height=\"672\" src=\"https:\/\/www.europesays.com\/se\/wp-content\/uploads\/2025\/12\/ED_ED-18_frihetsro_relsen222-BY-Mickan-Mork-1024x672.jpg\" alt=\"\" class=\"wp-image-50013\"  data-\/>Frihetsr\u00f6relsen arrangerade demonstration 2023 som b\u00f6rjade i Humleg\u00e5rden och avslutades p\u00e5 \u00d6stermalmstorg med n\u00e5gra tal. Foto: Mickan M\u00f6rk<\/p>\n<p>Delar av det politiska sammanhang som Knapptryckarna och Bejerstrand ing\u00e5r i har \u00e4ven <a href=\"https:\/\/expo.se\/nyhet\/har-ar-aktorerna-bakom-karleksmanifestationen\/\" rel=\"nofollow noopener\" target=\"_blank\">t\u00e4ta utbyten med extremh\u00f6gern<\/a>. Till exempel anordnades f\u00f6rra \u00e5ret en demonstration med N\u00e4tverket under temat \u201dTa\u00a0tillbaka SVT och public service\u201d, som de menar \u201dlevererar m\u00f6rkl\u00e4ggning, polariseringar och l\u00f6gner\u201d. Bejerstrand ingick d\u00e5 i en mindre grupp personer som arrangerade manifestationen, varav en av dem marknadsf\u00f6rde demonstrationen genom att medverka i nazistiska Nordiska motst\u00e5ndsr\u00f6relsens podd Radio Nordfront.<\/p>\n<p>Ulf Bejerstrand tycker inte att han har n\u00e5got s\u00e4rskilt ansvar f\u00f6r det och verkar inte bekymrad \u00f6ver hur det reflekterar p\u00e5 honom.<\/p>\n<p>\u2013 Det h\u00e4r med guilt by association, som det heter va? Det \u00e4r ju v\u00e4ldigt stort. Bara f\u00f6r att jag \u00e4r med i en s\u00e5n demonstration och till och med var en av dem som jobbade med det h\u00e4r och som st\u00e5r f\u00f6r det som sades d\u00e4r.<\/p>\n<p>Han menar att de medverkande saknade en gemensam n\u00e4mnare, att vissa av deltagarna kunde uppskatta delar av vad SVT g\u00f6r, medan andra n\u00e4rmast ville elda upp deras lokaler. Enligt Bejerstrand r\u00f6rde det sig om \u201dvanliga m\u00e4nniskor\u201d som varken \u00e4r h\u00f6ger- eller v\u00e4nsterextrema.<\/p>\n<p>\u2013 Jag har alltid undrat, vad \u00e4r en h\u00f6gerextrem m\u00e4nniska? Vad \u00e4r det f\u00f6r n\u00e5gonting? Och en v\u00e4nsterextrem? Finns v\u00e4nsterextrema m\u00e4nniskor till exempel? Jag tycker ju det, f\u00f6r jag k\u00e4nner ju\u00a0s\u00e5dana.<\/p>\n<p><strong>Jag t\u00e4nker att det \u00e4r lite mer \u00e4n bara associationsbeskyllningar \u2013 det handlar ju \u00e4nd\u00e5 om organisatoriska samarbeten.<\/strong><\/p>\n<p>\u2013 Fast jag umg\u00e5s ju inte med n\u00e5gon. Jag \u00e4r pension\u00e4r, jag sitter i Tyres\u00f6 h\u00e4r och bara tycker att det \u00e4r h\u00e4rligt att vara ensam. S\u00e5 det \u00e4r nog lite fel. Men d\u00e4remot s\u00e5 \u00e4r jag med.<\/p>\n<p><strong>Men \u00e4r inte det att g\u00f6ra det lite enkelt f\u00f6r sig, att slippa ta ansvar?<\/strong><\/p>\n<p>\u2013 Nej, det \u00e4r det inte. Jag startade Knapptryckarna, det \u00e4r det maximala ansvaret tycker jag, s\u00e4ger Bejerstrand.<\/p>\n<p><a href=\"https:\/\/expo.se\/nyhet\/hogerextrema-protester-mot-svt\/\" rel=\"nofollow noopener\" target=\"_blank\">Demonstrationen mot SVT<\/a> \u00e4r inte enda exemplet p\u00e5 d\u00e4r Bejerstrand medverkat i sammanhang kopplat till det h\u00f6gerextrema <a href=\"https:\/\/expo.se\/lar-dig-mer\/wiki\/natverket\/\" rel=\"nofollow noopener\" target=\"_blank\">N\u00e4tverket<\/a> och deras propaganda.<\/p>\n<p><img loading=\"lazy\" data-lazyloaded=\"1\" decoding=\"async\" width=\"1024\" height=\"672\" src=\"https:\/\/www.europesays.com\/se\/wp-content\/uploads\/2025\/12\/ED_ED_u03_raw_200908_101-BY-Expo-1024x672.jpg\" alt=\"\" class=\"wp-image-50012\"  data-\/>Lennart Matikainen (t.v.) \u00e4r politiker f\u00f6r AFS och medarbetare p\u00e5 den konspirationistiska kanalen Swebbtv \u2013 en plattform som i huvudsak samlar \u00e4ldre personer. Innan Matikainen radikaliserades medverkande han i s\u00e5v\u00e4l Sveriges Radio som TV4. \u00c4ven hans parh\u00e4st i kanalen, f\u00f6rfattaren Katerina Janouch, har g\u00e5tt fr\u00e5n att vara en del av den etablerade debatten till den marginaliserade ytterh\u00f6gern. Foto: Expo<\/p>\n<p>2023 kom totalf\u00f6rsvarets forskningsinstituts rapport <a href=\"https:\/\/www.foi.se\/rapportsammanfattning?reportNo=FOI-R--5473--SE\" target=\"_blank\" rel=\"noopener nofollow\">Rutten demokrati \u2013 Konspirationspropaganda, rasism och v\u00e5ld<\/a> som \u201dskildrar de organisationer och n\u00e4tverk som tillsammans utg\u00f6r vad som i denna rapport ben\u00e4mns antidemokratiska extremistmilj\u00f6er\u201d. Om Knapptryckarna konstateras att dess f\u00f6retr\u00e4dare \u201duttalar sig om att samh\u00e4llet \u00e4r genomkorrupt och om att coronapandemin en bluff\u201d, samt att: \u201dPartiets grundare har kopplingar till m\u00e5nga olika delar av landskapet, och har varit involverade i andra politiska initiativ i landskapet\u201d.<\/p>\n<p>Det lyfts ett varnande finger i rapporten om att de olika grupperna antingen besitter ett eget v\u00e5ldskapital eller i andra fall kan inspirera till v\u00e5ldshandlingar.<\/p>\n<p>Bejerstrand v\u00e4nder sig emot att han och hans Knapptryckarna beskrivs vara en del av en antidemokratisk extremistmilj\u00f6.<\/p>\n<p><strong>Kan du inte se att det finns ett ansvar i vad det \u00e4r f\u00f6r information ni sprider?<\/strong><\/p>\n<p>\u2013 Det kan n\u00e5gon s\u00e4ga i n\u00e5gon slags Monty Python-l\u00e4ge, s\u00e4ger Bejerstrand och menar att den v\u00e5ldsamma retoriken ska f\u00f6rst\u00e5s som n\u00e5gon slags uppskruvad satir.<\/p>\n<p>\u2013 Jag \u00e4r helt emot allt vad det heter att man ska ta ut folk p\u00e5 galgbacken och h\u00e4nga dem. Allts\u00e5 s\u00e5 emot det, s\u00e5 det finns inte. Jag tror till exempel inte p\u00e5 att vi ska krossa det h\u00e4r samh\u00e4llet.<\/p>\n<p><strong>Nu s\u00e4gs det h\u00e4r i era sammanhang. Det finns ju en massa mottagare d\u00e4r ute.<\/strong><\/p>\n<p>\u2013 Jag tar ansvar f\u00f6r det jag predikar om. Jag predikar om att m\u00e4nniskor kan mer \u00e4n vad de verkar vilja kunna, eftersom man vart fj\u00e4rde \u00e5r r\u00f6star p\u00e5 en paketl\u00f6sning d\u00e4r man kanske inte ens h\u00e5ller med om h\u00e4lften av grejerna.<\/p>\n<p>\u2013 N\u00e4r man har levt 71 \u00e5r s\u00e5 ser man ju oftast genom erfarenhet saker och ting. Och jag k\u00e4nner, via den erfarenheten jag kommit fram till, s\u00e5 g\u00e5r i inte fram\u00e5t i v\u00e4rlden.<\/p>\n<p class=\"has-drop-cap\">Sommaren 2024 utbr\u00f6t upplopp och h\u00f6gerextrema protester i Storbritannien, d\u00e4r bland annat en mosk\u00e9 attackerades. \u00d6ver 50 poliser skadades. Kravallerna var ett resultat av desinformation som fick spridning efter den d\u00f6dliga knivattacken i Southport, d\u00e4r tre barn i \u00e5ldrarna 6\u20139 \u00e5r m\u00f6rdades och flera barn och vuxna skadades. P\u00e5 sociala medier spreds snabbt falska p\u00e5st\u00e5enden om att g\u00e4rningsmannen var en asyls\u00f6kande muslim. S\u00e5v\u00e4l foton fr\u00e5n h\u00e4ndelserna som polisens listor \u00f6ver gripna visar att m\u00e5nga av dem som medverkade i de rasistiska kravallerna var i\u00a0medel\u00e5ldern eller \u00e4ldre.<\/p>\n<p><a href=\"https:\/\/expo.se\/nyhet\/hogerextrema-kravaller-i-storbritannien-det-har-ar-bakgrunden\/\" class=\"blurb read-more\" rel=\"nofollow noopener\" target=\"_blank\"><\/p>\n<p>                    <img data-lazyloaded=\"1\" decoding=\"async\" src=\"https:\/\/www.europesays.com\/se\/wp-content\/uploads\/2025\/12\/ED_sdlkWdqDf4v7nA-BY-Jordan-Pettitt.jpg\" alt=\"\"\/><\/p>\n<p>\n            H\u00f6gerextrema kravaller i Storbritannien \u2013 det h\u00e4r \u00e4r bakgrunden\n        <\/p>\n<p>Expo har pratat med researchern Patrik Hermansson om vad som ligger bakom de senaste dagarnas h\u00e4ndelseutveckling. <\/p>\n<p><\/a><\/p>\n<p>Anton T\u00f6rnberg \u00e4r docent i sociologi vid G\u00f6teborgs universitet med fokus p\u00e5 sociala r\u00f6relser, politiska uppror och h\u00f6gerextremism p\u00e5 n\u00e4tet. Han har inte tittat specifikt p\u00e5 radikalisering av \u00e4ldre, men noterat att politiskt motiverat v\u00e5ld generellt varit vanligare l\u00e4gre ned i \u00e5ldern, medan \u00e4ldres radikalisering oftare kopplats till hot och hat p\u00e5 n\u00e4tet. Men han framh\u00e5ller att det \u00e4r en sanning med modifikation.<\/p>\n<p>\u2013 Det handlar om en typ av indirekt v\u00e5ld som brukar kallas stokastisk terrorism eller stokastiskt v\u00e5ld. Det beh\u00f6ver inte vara en direkt uppmaning till v\u00e5ld utan man t\u00e4nker sig att ideologiskt motiverat hat, och demoniserande retorik i digitala milj\u00f6er, skapar en atmosf\u00e4r d\u00e4r vissa personer k\u00e4nner sig manade att agera. S\u00e5 \u00e4ven om du skriver ditt hat p\u00e5 n\u00e4tet bidrar du till att skapa en milj\u00f6 som driver p\u00e5, motiverar och legitimerar v\u00e5ldsyttringar.<\/p>\n<p><img loading=\"lazy\" data-lazyloaded=\"1\" decoding=\"async\" width=\"1024\" height=\"672\" src=\"https:\/\/www.europesays.com\/se\/wp-content\/uploads\/2025\/12\/ED-tant-BY-Expo-1024x672.jpg\" alt=\"\" class=\"wp-image-50014\"  data-\/>Under pandemi\u00e5ren spreds m\u00e4ngder av konspirationsteorier om samh\u00e4llets \u00e5tg\u00e4rder och vaccinprogram. Id\u00e9er som skr\u00e4mde m\u00e5nga. Foto: Expo<\/p>\n<p>Anton T\u00f6rnberg n\u00e4mner reaktionerna p\u00e5 terrord\u00e5det i England f\u00f6rra \u00e5ret som ett exempel d\u00e4r ryktesspridning ledde till kravaller och v\u00e5ld och d\u00e4r m\u00e5nga \u00e4ldre var involverade. Ett annat exempel han n\u00e4mner \u00e4r fr\u00e5n Tyskland d\u00e4r en granskning visade hur diskussioner i en Facebookgrupp med koppling till <a href=\"https:\/\/expo.se\/lar-dig-mer\/wiki\/alternativ-for-tyskland-afd\/\" rel=\"nofollow noopener\" target=\"_blank\">Alternativ f\u00f6r Tyskland<\/a> ledde till \u00f6kade attacker mot flyktingar.<\/p>\n<p>\u2013 Det \u00e4r definitivt ett samh\u00e4llsproblem i bem\u00e4rkelsen att vi ser en koppling mellan vad som h\u00e4nder p\u00e5 n\u00e4tet och politisk v\u00e5ld som en extrem realisering av radikalisering. Men s\u00e5 finns det mindre dramatiska konsekvenser, som ett h\u00e5rdare spr\u00e5kbruk och polarisering. Vi ser \u00e4ven hur konspirationst\u00e4nk f\u00f6rs in i det vardagliga samtalet. En l\u00e5ngsam f\u00f6rskjutning av spr\u00e5k och normer som utg\u00f6r grunder i v\u00e5r demokrati direkt och indirekt.<\/p>\n<p>\u00c4ldre tenderar \u00e4ven att h\u00e5lla fast vid en \u00e5sikt \u00e4ven om de presenteras f\u00f6r fakta som talar emot, det visar unders\u00f6kningar. Anton T\u00f6rnberg delar bilden av att det kan finnas l\u00e4gre digital k\u00e4llkritisk vana bland \u00e4ldre.<\/p>\n<p>\u2013 De har vuxit upp i ett medielandskap d\u00e4r man har kunnat lita p\u00e5 nyheterna, d\u00e4r information passerat igenom ett redaktionellt filter och har nog mer av en grundtillit till vad som till exempel st\u00e5r i tidningen. Nu har vi en helt annan medielogik. Vi har sociala mediefl\u00f6den, d\u00e4r det blir allt sv\u00e5rare att kunna avg\u00f6ra vad som \u00e4r p\u00e5litligt och vad som inte \u00e4r det, s\u00e5 det landar hos dig sj\u00e4lv som anv\u00e4ndare att bed\u00f6ma, s\u00e4ger han och p\u00e5pekar att AI-genererade bilder, r\u00f6ster och filmer g\u00f6r det \u00e4nnu sv\u00e5rare.<\/p>\n<p>n\u00e4r det kommer till domar om hets mot folkgrupp p\u00e5 n\u00e4tet \u00e4r \u00e4ldre \u00f6verrepresenterade, det visar en <a href=\"https:\/\/expo.se\/nyhet\/de-star-bakom-hetsen-pa-natet\/\" rel=\"nofollow noopener\" target=\"_blank\">granskning i Expo <\/a>publicerad 2018. I granskningen av samtliga f\u00e4llande domar om hets mot folkgrupp mellan 2015 och juni 2018 r\u00f6rande utspel som gjorts p\u00e5 n\u00e4tet s\u00e5 var snitt\u00e5ldern 51 \u00e5r. Av 119 domar s\u00e5 var den tilltalade \u00f6ver 45 \u00e5r i 66 procent av fallen. Cirka 23 procent var 66 eller \u00e4ldre.<\/p>\n<p>Ett exempel p\u00e5 en person som b\u00e5de gett uttryck f\u00f6r radikala och rasistiska id\u00e9er p\u00e5 n\u00e4tet och g\u00e5tt fr\u00e5n ord till handling \u00e4r den man i 70-\u00e5rs\u00e5ldern som i augusti 2024 k\u00f6rde sin bil in i en palestinademonstration i Bor\u00e5s. Dessf\u00f6rinnan hade han spridit hatiska budskap mot palestinier och muslimer online.<\/p>\n<p>I attacken skadades ingen person allvarligt men flera fick lindriga skador och under r\u00e4tteg\u00e5ngen fanns \u00f6ver 80 m\u00e5ls\u00e4gande. Bor\u00e5s tingsr\u00e4tt <a href=\"https:\/\/expo.se\/nyhet\/korde-in-i-palestinademonstration-doms-till-fangelse\/\" rel=\"nofollow noopener\" target=\"_blank\">d\u00f6mde i slutet av oktober mannen<\/a> till tre \u00e5rs f\u00e4ngelse f\u00f6r f\u00f6rs\u00f6k till grov misshandel samt hets mot folkgrupp. N\u00e4r Expo s\u00f6ker mannen l\u00e4gger han p\u00e5 luren innan n\u00e5gra fr\u00e5gor hinner st\u00e4llas.<\/p>\n<p>Ett annat exempel p\u00e5 \u00e4ldre som radikaliserats \u00e4r den s\u00e5 kallade Tumbamannen eller bombmannen fr\u00e5n Tumba. 2021, d\u00e5 61 \u00e5r, <a href=\"https:\/\/expo.se\/nyhet\/61-aringen-fangslas-for-attentatsplaner\/\" rel=\"nofollow noopener\" target=\"_blank\">d\u00f6mdes<\/a> han till flera \u00e5rs f\u00e4ngelse efter att polisen funnit spr\u00e4ng\u00e4mnen och vapen tillsammans med listor och kartl\u00e4ggningar \u00f6ver antirasister, journalister och politiker hemma hos honom.<\/p>\n<p>I <a href=\"https:\/\/expo.se\/nyhet\/61-aringen-goddes-av-extremhogerns-varldsbild\/\" rel=\"nofollow noopener\" target=\"_blank\">f\u00f6runders\u00f6kningen<\/a> mot mannen framtr\u00e4der en bild som tyv\u00e4rr inte \u00e4r obekant. Han tycks n\u00e4rmast besatt av v\u00e5ld och var tydligt formad av en h\u00f6gerextrem v\u00e4rldsbild fylld av konspirationsteorier. Innan polistillslaget hade han dessutom gett uttryck f\u00f6r v\u00e5ldsbejakande budskap p\u00e5 n\u00e4tet.<\/p>\n<p>Mannens verksamhet uppt\u00e4cktes av en slump d\u00e5 polisen bes\u00f6kte hans l\u00e4genhet i ett annat \u00e4rende och d\u00e5 fattade misstankar mot mannen.<\/p>\n<p><img loading=\"lazy\" data-lazyloaded=\"1\" decoding=\"async\" width=\"1024\" height=\"672\" src=\"https:\/\/www.europesays.com\/se\/wp-content\/uploads\/2025\/12\/ED_ED_Borasmannen-BY-skarmdump-1024x672.jpg\" alt=\"\" class=\"wp-image-50011\"  data-\/>Fr\u00e5n ord till handling. En man i 70-\u00e5rs\u00e5ldern skrev p\u00e5 plattformen X att \u201dpalestinier \u00e4r b\u00e4st d\u00f6da\u201d. En tid senare k\u00f6rde han sin bil in i\u00a0ett demonstrationst\u00e5g till st\u00f6d f\u00f6r Palestinas\u00a0befolkning. Foto: Sk\u00e4rmdump<\/p>\n<p class=\"has-drop-cap\">En som redan f\u00f6r flera \u00e5r sedan var ute och varnade f\u00f6r att \u00e4ldres radikalisering flyger under radarn \u00e4r Robin Andersson Malmros, bitr\u00e4dande f\u00f6rest\u00e5ndare p\u00e5 Segerstedtinstitutet vid G\u00f6teborgs universitet. Han \u00e4r kritisk till att radikalisering av \u00e4ldre \u00e4r en komponent som samh\u00e4llet inte f\u00f6rh\u00e5ller sig till.\u00a0<\/p>\n<p>\u2013 Extremism \u00e4r i f\u00f6rsta hand inte ett ungdomsfenomen, \u00e4ven om det ofta l\u00e5ter s\u00e5. Om man tittar p\u00e5 samh\u00e4llets insatser s\u00e5 \u00e4r de riktade mot ungdomar.<\/p>\n<p>Som exempel lyfter han en rapport fr\u00e5n 2017, som han var delaktig i att ta fram. Det var en rapport om svenska kommuners handlingsplaner mot extremism och han noterade att i princip samtliga insatser v\u00e4nde sig till personer under 18.\u00a0<\/p>\n<p>En av f\u00e5 studier som tar upp \u00e4ldres radikalisering \u00e4r den som norska s\u00e4kerhetstj\u00e4nsten PST presenterade 2021 om personer inom den norska h\u00f6gerextrema milj\u00f6n.<\/p>\n<p>D\u00e4r lyfts n\u00e5gra s\u00e4rdrag i \u00e4ldres radikalisering som \u00e4r vanligare \u00e4n hos yngre. De har till exempel en svag eller bruten anknytning till arbetslivet och i en st\u00f6rre omfattning en historia av social isolering, kriminalitet, missbruk och psykisk oh\u00e4lsa.<\/p>\n<p>Flera av de individer som PST tittat p\u00e5 hade dessutom under m\u00e5nga \u00e5r konsumerat h\u00f6gerextrema id\u00e9er innan de sj\u00e4lva blev aktiva. Sj\u00e4lva aktivismen ger dem mening, struktur och gemenskap.<\/p>\n<p>Enligt PST \u00e4r det sv\u00e5rare att bryta en radikalisering n\u00e4r en person \u00e4r \u00e4ldre d\u00e5 hen redan har en fastl\u00e5st v\u00e4rldsbild och befinner sig i ett socialt n\u00e4tverk. PST:s slutsats \u00e4r att det f\u00f6rebyggande arbetet inte bara kan ha ungdomar i fokus, vilket g\u00e4ller s\u00e5v\u00e4l arbetet med riskbed\u00f6mningar som insatser f\u00f6r avradikalisering.<\/p>\n<blockquote>\n<p>Ett socialpreventivt fokus saknas i princip helt fr\u00e5n samh\u00e4llets sida<br \/>n\u00e4r det kommer till den h\u00e4r gruppen<\/p>\n<\/blockquote>\n<p>Robin Andersson Malmros lyfter tre olika anledningar som han tror ligger bakom att samh\u00e4llet har s\u00e5dant fokus p\u00e5 yngres radikalisering. F\u00f6r det f\u00f6rsta, 90-talets skinnskaller\u00f6relse var p\u00e5 m\u00e5nga s\u00e4tt en subkultur f\u00f6r yngre, en bild som lever kvar i dag. F\u00f6r det andra s\u00e5 anser sig samh\u00e4llet ha ett st\u00f6rre ansvar f\u00f6r yngre och det uppfattas som allvarligare n\u00e4r de radikaliseras. Det tredje \u00e4r vad Andersson Malmros kallar bekv\u00e4mlighetssk\u00e4l, det vill s\u00e4ga att det \u00e4r sv\u00e5rare att n\u00e5 personer med insatser om de \u00e4r vuxna.<\/p>\n<p>\u2013 Det finns v\u00e4ldigt f\u00e5 instanser som f\u00e5ngar upp detta f\u00f6rutom m\u00f6jligen s\u00e4kerhetsinstanserna och de repressiva instanserna som vi har, som polis och s\u00e4kerhetspolis. Men d\u00e5 behandlar man det som ett s\u00e4kerhetsproblem.<\/p>\n<p>Ett socialpreventivt fokus saknas i princip helt fr\u00e5n samh\u00e4llets sida n\u00e4r det kommer till den h\u00e4r gruppen, p\u00e5pekar han och lyfter att \u00e4ven till exempel fr\u00e5gor om k\u00e4llkritik har ett fokus p\u00e5 unga.<\/p>\n<p>\u2013 Jag tror fortfarande att man inte riktigt vet hur man ska ta sig an detta. Jag f\u00f6rst\u00e5r att det \u00e4r komplicerat. Men det kommer ju inte funka att stoppa huvudet i sanden i alla fall.<\/p>\n<p>Sara H Wilford delar den bilden.<\/p>\n<p>\u2013 Vill vi komma till bukt med extremism och desinformation online s\u00e5 m\u00e5ste vi fokusera p\u00e5 den h\u00e4r medel\u00e5lders gruppen m\u00e4nniskor, s\u00e4ger hon.<\/p>\n<p>F\u00f6r henne st\u00e5r det klart att de \u00e4ldre blir manipulerade p\u00e5 n\u00e4tet samtidigt som de sj\u00e4lva besitter ett v\u00e5ldskapital och f\u00f6rm\u00e5gan att beg\u00e5 politiskt v\u00e5ld. Men ocks\u00e5 att det ofta \u00e4r personer i just den \u00e5ldersgruppen som lockar yngre till v\u00e5ld.<\/p>\n<p>Paradoxalt nog upplever hon att politikernas intresse f\u00f6r hennes och hennes kollegors forskning \u00e4r minimal. Efter att projektets f\u00f6rsta delrapport publicerades, och enligt henne fick en del uppm\u00e4rksamhet, var det inte en enda politisk akt\u00f6r som h\u00f6rde av sig eller visade intresse f\u00f6r forskningen. Enda undantaget \u00e4r amerikanska Homeland Security, departementet f\u00f6r inrikes s\u00e4kerhet.<\/p>\n<p>\u2013 P\u00e5 s\u00e5 s\u00e4tt \u00e4r jag bildligt talat tillbaka p\u00e5 det d\u00e4r kaf\u00e9et igen. Jag trodde att v\u00e5r forskning skulle v\u00e4cka politiskt intresse, men politikerna verkar se f\u00f6rbi oss.<\/p>\n","protected":false},"excerpt":{"rendered":"Det m\u00e5ste ha varit en m\u00e4rklig syn som m\u00f6tte skyddsvakten vid riksdagens entr\u00e9 en vecka f\u00f6re valet 2022.&hellip;\n","protected":false},"author":2,"featured_media":121149,"comment_status":"","ping_status":"","sticky":false,"template":"","format":"standard","meta":{"footnotes":""},"categories":[14],"tags":[22,23,26,27,17,21,24,25,28,29,15,16,18,34,31,33,32,30,19,20,51,52,53,54],"class_list":{"0":"post-121148","1":"post","2":"type-post","3":"status-publish","4":"format-standard","5":"has-post-thumbnail","7":"category-varlden","8":"tag-breaking-news","9":"tag-breakingnews","10":"tag-featured-news","11":"tag-featurednews","12":"tag-headlines","13":"tag-huvudnyheter","14":"tag-latest-news","15":"tag-latestnews","16":"tag-main-news","17":"tag-mainnews","18":"tag-news","19":"tag-nyheter","20":"tag-rubriker","21":"tag-se","22":"tag-svenska","23":"tag-sverige","24":"tag-sweden","25":"tag-swedish","26":"tag-top-stories","27":"tag-topstories","28":"tag-varlden","29":"tag-world","30":"tag-world-news","31":"tag-worldnews"},"share_on_mastodon":{"url":"https:\/\/pubeurope.com\/@se\/115809992308852639","error":""},"_links":{"self":[{"href":"https:\/\/www.europesays.com\/se\/wp-json\/wp\/v2\/posts\/121148","targetHints":{"allow":["GET"]}}],"collection":[{"href":"https:\/\/www.europesays.com\/se\/wp-json\/wp\/v2\/posts"}],"about":[{"href":"https:\/\/www.europesays.com\/se\/wp-json\/wp\/v2\/types\/post"}],"author":[{"embeddable":true,"href":"https:\/\/www.europesays.com\/se\/wp-json\/wp\/v2\/users\/2"}],"replies":[{"embeddable":true,"href":"https:\/\/www.europesays.com\/se\/wp-json\/wp\/v2\/comments?post=121148"}],"version-history":[{"count":0,"href":"https:\/\/www.europesays.com\/se\/wp-json\/wp\/v2\/posts\/121148\/revisions"}],"wp:featuredmedia":[{"embeddable":true,"href":"https:\/\/www.europesays.com\/se\/wp-json\/wp\/v2\/media\/121149"}],"wp:attachment":[{"href":"https:\/\/www.europesays.com\/se\/wp-json\/wp\/v2\/media?parent=121148"}],"wp:term":[{"taxonomy":"category","embeddable":true,"href":"https:\/\/www.europesays.com\/se\/wp-json\/wp\/v2\/categories?post=121148"},{"taxonomy":"post_tag","embeddable":true,"href":"https:\/\/www.europesays.com\/se\/wp-json\/wp\/v2\/tags?post=121148"}],"curies":[{"name":"wp","href":"https:\/\/api.w.org\/{rel}","templated":true}]}}