{"id":121150,"date":"2025-12-30T18:49:11","date_gmt":"2025-12-30T18:49:11","guid":{"rendered":"https:\/\/www.europesays.com\/se\/121150\/"},"modified":"2025-12-30T18:49:11","modified_gmt":"2025-12-30T18:49:11","slug":"lars-pettersson-ar-dirawis-tv-stund-en-fraga-om-harvard","status":"publish","type":"post","link":"https:\/\/www.europesays.com\/se\/121150\/","title":{"rendered":"Lars Pettersson: \u00c4r Dirawis tv-stund en fr\u00e5ga om h\u00e5rv\u00e5rd?"},"content":{"rendered":"<p class=\"has-drop-cap\">\u00c5sikterna om att\u00a0Gina Dirawi ska vara en av tv\u00e5 programledare f\u00f6r Melodifestivalen i Sveriges Television under vintern\/v\u00e5ren 2026 har varit m\u00e5nga. Fr\u00e5n den s\u00e5 kallade Palestinar\u00f6relsen kritiserar man Dirawi f\u00f6r att st\u00e4lla upp,\u00a0d\u00e5 man vill att SVT och Sverige ska bojkotta Eurovision p\u00e5 grund av att Israel medverkar. Enligt kritikerna sviker Dirawi palestiniernas sak genom att delta i evenemanget. <\/p>\n<p>Fr\u00e5n andra kanten kritiserar man SVT f\u00f6r att anlita Dirawi d\u00e5 hon tidigare gjort uttalanden som kan tolkas som <a href=\"https:\/\/expo.se\/nyhet\/programledare-uttryckte-sig-rasistiskt\/\" rel=\"nofollow noopener\" target=\"_blank\">antisemitiska<\/a> och refererat till b\u00f6cker av <a href=\"https:\/\/expo.se\/nyhet\/tv-profil-tipsar-om-antisemitisk-bok\/\" rel=\"nofollow noopener\" target=\"_blank\">f\u00f6rintelsef\u00f6rnekare<\/a>. <\/p>\n<p>Dirawis svar till Palestinar\u00f6relsen\u00a0 var ett l\u00e5ngt meddelande p\u00e5 sociala medier om att hon f\u00f6retr\u00e4dde den i Sverige osynliggjorda och negligerade palestinska befolkningen. Detta kan man s\u00e5klart ha olika synpunkter p\u00e5. Likas\u00e5 om det \u00e4r f\u00f6renligt med SVT:s regler att ha en programledare som beskriver sitt uppdrag som Dirawi g\u00f6r. <\/p>\n<p>SVT:s svar blev som vanligt ett ickesvar. Man har talat med Gina Dirawi, upplyst henne om regelverket och f\u00f6rv\u00e4ntar sig att hon f\u00f6ljer det \u2013 och d\u00e4rmed tycker SVT att saken \u00e4r utagerad. <\/p>\n<p>Att SVT v\u00e4ljer en programledare som s\u00e5 tydligt tagit st\u00e4llning i en br\u00e4nnande och\u00a0kontroversiell fr\u00e5ga kan tyckas modigt, alternativt dumdristigt. <\/p>\n<p>Det \u00e4r dock ett annat sammantr\u00e4ffande g\u00e4llande tajmingen f\u00f6r Dirawis medverkan i ett av SVT:s mest sedda program som f\u00f6rbryllar. I b\u00f6rjan av 2024 registrerar Dirawi bolaget Zeiyt AB. Tanken \u00e4r att s\u00e4lja hudv\u00e5rdsprodukter baserad p\u00e5 olja fr\u00e5n Palestina. <\/p>\n<p>Lanseringen av f\u00f6retaget sker genom en intervjuserie p\u00e5 Youtube, Gina mot miljarden, d\u00e4r hon intervjuar k\u00e4nda entrepren\u00f6rer som lyckats, samt <a href=\"https:\/\/sv.wikipedia.org\/wiki\/Susanna_Campbell\" rel=\"nofollow noopener\" target=\"_blank\">Susanna Campbell<\/a>. Dirawi lyckas ocks\u00e5 f\u00e5 in kapital fr\u00e5n bland andra <a href=\"https:\/\/sv.wikipedia.org\/wiki\/Martin_Lorentzon\" rel=\"nofollow noopener\" target=\"_blank\">Martin Lorentzon<\/a> och <a href=\"https:\/\/sv.wikipedia.org\/wiki\/Sven_Hagstr\u00f6mer_(finansman)\" rel=\"nofollow noopener\" target=\"_blank\">Sven Hagstr\u00f6mer<\/a>. <\/p>\n<p>Fr\u00e5n bokslutet f\u00f6r 2024 framg\u00e5r att f\u00f6retaget inte har haft n\u00e5gra int\u00e4kter under \u00e5ret, vilket \u00e4r naturligt f\u00f6r ett nystartat bolag. Det finns inget som tyder p\u00e5 att Zeiyt haft n\u00e5gra int\u00e4kter f\u00f6r 2025 heller. Dock skriver man p\u00e5 sitt Instagramkonto sedan n\u00e5gon vecka\u00a0att den f\u00f6rsta batchen av produkter \u00e4r p\u00e5 v\u00e4g. <\/p>\n<p>Lars Pettersson \u00e4r intresserad av historia, politik, n\u00e4ringsliv och AIK.\u00a0Han\u00a0har l\u00e5ng erfarenhet av \u00d6steuropa och har tidvis varit bosatt i Moskva.  <\/p>\n","protected":false},"excerpt":{"rendered":"\u00c5sikterna om att\u00a0Gina Dirawi ska vara en av tv\u00e5 programledare f\u00f6r Melodifestivalen i Sveriges Television under vintern\/v\u00e5ren 2026&hellip;\n","protected":false},"author":2,"featured_media":121151,"comment_status":"","ping_status":"","sticky":false,"template":"","format":"standard","meta":{"footnotes":""},"categories":[67],"tags":[104,4891,4049,12857,4050,123,12858,796,34,5659,1025,31,33,586,32,30,105,12859],"class_list":{"0":"post-121150","1":"post","2":"type-post","3":"status-publish","4":"format-standard","5":"has-post-thumbnail","7":"category-underhallning","8":"tag-entertainment","9":"tag-eurovision","10":"tag-gina-dirawi","11":"tag-martin-lorentzon","12":"tag-melodifestivalen","13":"tag-palestina","14":"tag-palestinarorelsen","15":"tag-public-service","16":"tag-se","17":"tag-susanna-campbell","18":"tag-sven-hagstromer","19":"tag-svenska","20":"tag-sverige","21":"tag-svt","22":"tag-sweden","23":"tag-swedish","24":"tag-underhallning","25":"tag-zeiyt"},"share_on_mastodon":{"url":"https:\/\/pubeurope.com\/@se\/115810019769939466","error":""},"_links":{"self":[{"href":"https:\/\/www.europesays.com\/se\/wp-json\/wp\/v2\/posts\/121150","targetHints":{"allow":["GET"]}}],"collection":[{"href":"https:\/\/www.europesays.com\/se\/wp-json\/wp\/v2\/posts"}],"about":[{"href":"https:\/\/www.europesays.com\/se\/wp-json\/wp\/v2\/types\/post"}],"author":[{"embeddable":true,"href":"https:\/\/www.europesays.com\/se\/wp-json\/wp\/v2\/users\/2"}],"replies":[{"embeddable":true,"href":"https:\/\/www.europesays.com\/se\/wp-json\/wp\/v2\/comments?post=121150"}],"version-history":[{"count":0,"href":"https:\/\/www.europesays.com\/se\/wp-json\/wp\/v2\/posts\/121150\/revisions"}],"wp:featuredmedia":[{"embeddable":true,"href":"https:\/\/www.europesays.com\/se\/wp-json\/wp\/v2\/media\/121151"}],"wp:attachment":[{"href":"https:\/\/www.europesays.com\/se\/wp-json\/wp\/v2\/media?parent=121150"}],"wp:term":[{"taxonomy":"category","embeddable":true,"href":"https:\/\/www.europesays.com\/se\/wp-json\/wp\/v2\/categories?post=121150"},{"taxonomy":"post_tag","embeddable":true,"href":"https:\/\/www.europesays.com\/se\/wp-json\/wp\/v2\/tags?post=121150"}],"curies":[{"name":"wp","href":"https:\/\/api.w.org\/{rel}","templated":true}]}}