{"id":121156,"date":"2025-12-30T19:14:38","date_gmt":"2025-12-30T19:14:38","guid":{"rendered":"https:\/\/www.europesays.com\/se\/121156\/"},"modified":"2025-12-30T19:14:38","modified_gmt":"2025-12-30T19:14:38","slug":"misstankta-mordaren-i-boden-ringde-pa-dorren-var-i-huset-i-flera-timmar","status":"publish","type":"post","link":"https:\/\/www.europesays.com\/se\/121156\/","title":{"rendered":"Misst\u00e4nkta m\u00f6rdaren i Boden ringde p\u00e5 d\u00f6rren \u2013 var i huset i flera timmar"},"content":{"rendered":"<p>Polisen presenterade p\u00e5 m\u00e5ndagen vad man hittills kommit fram till i utredningen efter det misst\u00e4nkta mordet i Boden. <\/p>\n<p>Mannen ska ha ringt p\u00e5 och sl\u00e4pptes in i huset vid 8.30-tiden p\u00e5 torsdagsmorgonen den 25 december. En kvinna i 55-\u00e5rs\u00e5ldern och hennes ton\u00e5rsdotter befann sig d\u00e5 i bostaden. Kvinnan blev sedan utsatt f\u00f6r omfattande v\u00e5ld medan dottern utsattes f\u00f6r hot och mindre v\u00e5ld. Hon hindrades d\u00e4refter fr\u00e5n att l\u00e4mna bostaden under flera timmar, ber\u00e4ttar P-O Andersson, kriminalkommissarie vid polisen i Lule\u00e5, f\u00f6r SvD.<\/p>\n","protected":false},"excerpt":{"rendered":"Polisen presenterade p\u00e5 m\u00e5ndagen vad man hittills kommit fram till i utredningen efter det misst\u00e4nkta mordet i Boden.&hellip;\n","protected":false},"author":2,"featured_media":121157,"comment_status":"","ping_status":"","sticky":false,"template":"","format":"standard","meta":{"footnotes":""},"categories":[12],"tags":[22,23,26,27,17,21,24,25,28,29,15,16,18,34,31,33,32,30,19,20],"class_list":{"0":"post-121156","1":"post","2":"type-post","3":"status-publish","4":"format-standard","5":"has-post-thumbnail","7":"category-sverige","8":"tag-breaking-news","9":"tag-breakingnews","10":"tag-featured-news","11":"tag-featurednews","12":"tag-headlines","13":"tag-huvudnyheter","14":"tag-latest-news","15":"tag-latestnews","16":"tag-main-news","17":"tag-mainnews","18":"tag-news","19":"tag-nyheter","20":"tag-rubriker","21":"tag-se","22":"tag-svenska","23":"tag-sverige","24":"tag-sweden","25":"tag-swedish","26":"tag-top-stories","27":"tag-topstories"},"share_on_mastodon":{"url":"https:\/\/pubeurope.com\/@se\/115810118025702180","error":""},"_links":{"self":[{"href":"https:\/\/www.europesays.com\/se\/wp-json\/wp\/v2\/posts\/121156","targetHints":{"allow":["GET"]}}],"collection":[{"href":"https:\/\/www.europesays.com\/se\/wp-json\/wp\/v2\/posts"}],"about":[{"href":"https:\/\/www.europesays.com\/se\/wp-json\/wp\/v2\/types\/post"}],"author":[{"embeddable":true,"href":"https:\/\/www.europesays.com\/se\/wp-json\/wp\/v2\/users\/2"}],"replies":[{"embeddable":true,"href":"https:\/\/www.europesays.com\/se\/wp-json\/wp\/v2\/comments?post=121156"}],"version-history":[{"count":0,"href":"https:\/\/www.europesays.com\/se\/wp-json\/wp\/v2\/posts\/121156\/revisions"}],"wp:featuredmedia":[{"embeddable":true,"href":"https:\/\/www.europesays.com\/se\/wp-json\/wp\/v2\/media\/121157"}],"wp:attachment":[{"href":"https:\/\/www.europesays.com\/se\/wp-json\/wp\/v2\/media?parent=121156"}],"wp:term":[{"taxonomy":"category","embeddable":true,"href":"https:\/\/www.europesays.com\/se\/wp-json\/wp\/v2\/categories?post=121156"},{"taxonomy":"post_tag","embeddable":true,"href":"https:\/\/www.europesays.com\/se\/wp-json\/wp\/v2\/tags?post=121156"}],"curies":[{"name":"wp","href":"https:\/\/api.w.org\/{rel}","templated":true}]}}