{"id":121160,"date":"2025-12-30T19:20:16","date_gmt":"2025-12-30T19:20:16","guid":{"rendered":"https:\/\/www.europesays.com\/se\/121160\/"},"modified":"2025-12-30T19:20:16","modified_gmt":"2025-12-30T19:20:16","slug":"upprustning-av-vag-35-prioriteras-inte-langre","status":"publish","type":"post","link":"https:\/\/www.europesays.com\/se\/121160\/","title":{"rendered":"Upprustning av v\u00e4g 35 prioriteras inte l\u00e4ngre"},"content":{"rendered":"<p class=\"long-read-first-paragraph\">V\u00e4sterviks f\u00f6retagsgrupp har deltagit i dialogm\u00f6ten med bland annat regionen d\u00e4r man diskuterat v\u00e4g 35. R\u00e4tt s\u00e5 l\u00e4nge s\u00e5g det hoppfullt ut.\u2013 Vi deltog i m\u00f6ten f\u00f6r tv\u00e5 och fyra \u00e5r sedan. D\u00e5 var budskapet att f\u00f6rst skulle man rusta upp str\u00e4ckan M\u00e5lilla-Hultsfred, sedan en v\u00e4g p\u00e5 \u00d6land d\u00e4refter stod v\u00e4g 35 p\u00e5 tur, ber\u00e4ttar Magnus Nilsson.I somras deltog man \u00e5terigen i et<\/p>\n","protected":false},"excerpt":{"rendered":"V\u00e4sterviks f\u00f6retagsgrupp har deltagit i dialogm\u00f6ten med bland annat regionen d\u00e4r man diskuterat v\u00e4g 35. R\u00e4tt s\u00e5 l\u00e4nge&hellip;\n","protected":false},"author":2,"featured_media":121161,"comment_status":"","ping_status":"","sticky":false,"template":"","format":"standard","meta":{"footnotes":""},"categories":[65],"tags":[72,70,71,34,31,33,32,30],"class_list":{"0":"post-121160","1":"post","2":"type-post","3":"status-publish","4":"format-standard","5":"has-post-thumbnail","7":"category-ekonomi","8":"tag-business","9":"tag-economy","10":"tag-ekonomi","11":"tag-se","12":"tag-svenska","13":"tag-sverige","14":"tag-sweden","15":"tag-swedish"},"share_on_mastodon":{"url":"https:\/\/pubeurope.com\/@se\/115810141604969294","error":""},"_links":{"self":[{"href":"https:\/\/www.europesays.com\/se\/wp-json\/wp\/v2\/posts\/121160","targetHints":{"allow":["GET"]}}],"collection":[{"href":"https:\/\/www.europesays.com\/se\/wp-json\/wp\/v2\/posts"}],"about":[{"href":"https:\/\/www.europesays.com\/se\/wp-json\/wp\/v2\/types\/post"}],"author":[{"embeddable":true,"href":"https:\/\/www.europesays.com\/se\/wp-json\/wp\/v2\/users\/2"}],"replies":[{"embeddable":true,"href":"https:\/\/www.europesays.com\/se\/wp-json\/wp\/v2\/comments?post=121160"}],"version-history":[{"count":0,"href":"https:\/\/www.europesays.com\/se\/wp-json\/wp\/v2\/posts\/121160\/revisions"}],"wp:featuredmedia":[{"embeddable":true,"href":"https:\/\/www.europesays.com\/se\/wp-json\/wp\/v2\/media\/121161"}],"wp:attachment":[{"href":"https:\/\/www.europesays.com\/se\/wp-json\/wp\/v2\/media?parent=121160"}],"wp:term":[{"taxonomy":"category","embeddable":true,"href":"https:\/\/www.europesays.com\/se\/wp-json\/wp\/v2\/categories?post=121160"},{"taxonomy":"post_tag","embeddable":true,"href":"https:\/\/www.europesays.com\/se\/wp-json\/wp\/v2\/tags?post=121160"}],"curies":[{"name":"wp","href":"https:\/\/api.w.org\/{rel}","templated":true}]}}