{"id":121162,"date":"2025-12-30T19:24:08","date_gmt":"2025-12-30T19:24:08","guid":{"rendered":"https:\/\/www.europesays.com\/se\/121162\/"},"modified":"2025-12-30T19:24:08","modified_gmt":"2025-12-30T19:24:08","slug":"styckmordade-kvinnan-fran-ronninge-jobbade-pa-systembolaget","status":"publish","type":"post","link":"https:\/\/www.europesays.com\/se\/121162\/","title":{"rendered":"Styckm\u00f6rdade kvinnan fr\u00e5n R\u00f6nninge jobbade p\u00e5 Systembolaget"},"content":{"rendered":"<p><a data-test-tag=\"internal-link\" href=\"https:\/\/www.aftonbladet.se\/av\/oskar-forsberg\" class=\"hyperion-css-13ns1rr\" rel=\"nofollow noopener\" target=\"\" aria-label=\"Se alla artiklar av Oskar Forsberg\"><img decoding=\"async\" class=\"image-asset hyperion-css-n6kkq1\" data-test-tag=\"image-asset\" src=\"https:\/\/www.europesays.com\/se\/wp-content\/uploads\/2025\/12\/a3a72f59-a972-44b2-b571-2462f5ee274a.png\"  alt=\"\"  loading=\"lazy\" fetchpriority=\"auto\" style=\"aspect-ratio:1900 \/ 1900\"\/><\/a>share-arrowDela<\/p>\n<p>unsaveSpara<\/p>\n<p>expand-left<\/p>\n<p>helsk\u00e4rm<img decoding=\"async\" class=\"image-asset hyperion-css-u06ts1\" data-test-tag=\"image-asset\" src=\"https:\/\/www.europesays.com\/se\/wp-content\/uploads\/2025\/12\/9a7474cb-042d-4333-9575-311fdfff3470.jpeg\"  alt=\"Havet av blommor v\u00e4xer i R\u00f6nninge.\"  loading=\"eager\" fetchpriority=\"high\" style=\"aspect-ratio:1200 \/ 627\"\/>Havet av blommor v\u00e4xer i R\u00f6nninge. Foto: Carolina Byrmo<\/p>\n<p class=\"hyperion-css-1shl3oz\" data-test-tag=\"lead-text\">Kvinnan som blev m\u00f6rdad under julhelgen arbetade p\u00e5 Systembolaget. <\/p>\n<p class=\"hyperion-css-1shl3oz\" data-test-tag=\"lead-text\">Man har nu aktiverat krisst\u00f6d f\u00f6r butiken.<\/p>\n<p class=\"hyperion-css-1shl3oz\" data-test-tag=\"lead-text\">\u2013 V\u00e5ra tankar \u00e4r med anh\u00f6riga, v\u00e4nner och familj, s\u00e4ger f\u00f6rs\u00e4ljningschefen Ludwig Norman. <\/p>\n<p class=\"hyperion-css-1v9qo5x\">Den 25-\u00e5riga kvinna som blev m\u00f6rdad utanf\u00f6r <a data-test-tag=\"internal-link\" href=\"https:\/\/www.aftonbladet.se\/lokala-nyheter\/stockholm\" class=\"hyperion-css-15jkft9\" rel=\"nofollow noopener\" target=\"\" aria-label=\"Stockholm\">Stockholm<\/a> under julhelgen arbetade p\u00e5 <a data-test-tag=\"internal-link\" href=\"https:\/\/www.aftonbladet.se\/tagg\/systembolaget\" class=\"hyperion-css-15jkft9\" rel=\"nofollow noopener\" target=\"\" aria-label=\"Systembolaget\">Systembolaget<\/a>.<\/p>\n<p class=\"hyperion-css-1v9qo5x\">Krisst\u00f6d \u00e4r nu aktiverat f\u00f6r butiken d\u00e4r hon arbetade och de medarbetare som har behov kan f\u00e5 professionell hj\u00e4lp. <\/p>\n<p class=\"hyperion-css-1v9qo5x\">Det skriver Teodor Almqvist, pressansvarig p\u00e5 Systembolaget, i ett mejl till Aftonbladet.<\/p>\n<p>expand-left<\/p>\n<p>helsk\u00e4rm<img decoding=\"async\" class=\"image-asset hyperion-css-u06ts1\" data-test-tag=\"image-asset\" src=\"https:\/\/www.europesays.com\/se\/wp-content\/uploads\/2025\/12\/1767122648_669_2589f57c-4df9-4b49-b61b-4aaf3a0e7e58.jpeg\"  alt=\"En stor s\u00f6kinsats efter kvinnan p\u00e5gick under helgen.\"  loading=\"eager\" fetchpriority=\"high\" style=\"aspect-ratio:1900 \/ 1267\"\/>En stor s\u00f6kinsats efter kvinnan p\u00e5gick under helgen. Foto: Carolina ByrmoF\u00e5tt st\u00f6d av annan personal<\/p>\n<p class=\"hyperion-css-1v9qo5x\">P\u00e5 Systembolaget d\u00e4r kvinnan arbetade har man \u00f6ppet som vanligt. Man har bemannat upp och f\u00e5tt st\u00f6d av personal fr\u00e5n andra butiker i n\u00e4rheten.<\/p>\n<p class=\"hyperion-css-1v9qo5x\">De som jobbar i den aktuella butiken har sj\u00e4lva f\u00e5tt v\u00e4lja om de vill arbeta eller inte, enligt Teodor Almqvist.<\/p>\n<p class=\"hyperion-css-1v9qo5x\">Ludwig Norman \u00e4r f\u00f6rs\u00e4ljningschef p\u00e5 Systembolaget. <\/p>\n<p class=\"hyperion-css-1v9qo5x\">\u2013 V\u00e5ra tankar \u00e4r med anh\u00f6riga, v\u00e4nner och familj, s\u00e4ger han.<\/p>\n<p class=\"hyperion-css-1v9qo5x\">Under dagen i dag h\u00e4ktades Vilma Andersson, 26, misst\u00e4nkt f\u00f6r mordet p\u00e5 kvinnan.<\/p>\n","protected":false},"excerpt":{"rendered":"share-arrowDela unsaveSpara expand-left helsk\u00e4rmHavet av blommor v\u00e4xer i R\u00f6nninge. Foto: Carolina Byrmo Kvinnan som blev m\u00f6rdad under julhelgen&hellip;\n","protected":false},"author":2,"featured_media":121163,"comment_status":"","ping_status":"","sticky":false,"template":"","format":"standard","meta":{"footnotes":""},"categories":[5],"tags":[22,23,26,27,17,21,24,25,28,29,15,16,18,34,31,33,32,30,19,20],"class_list":{"0":"post-121162","1":"post","2":"type-post","3":"status-publish","4":"format-standard","5":"has-post-thumbnail","7":"category-rubriker","8":"tag-breaking-news","9":"tag-breakingnews","10":"tag-featured-news","11":"tag-featurednews","12":"tag-headlines","13":"tag-huvudnyheter","14":"tag-latest-news","15":"tag-latestnews","16":"tag-main-news","17":"tag-mainnews","18":"tag-news","19":"tag-nyheter","20":"tag-rubriker","21":"tag-se","22":"tag-svenska","23":"tag-sverige","24":"tag-sweden","25":"tag-swedish","26":"tag-top-stories","27":"tag-topstories"},"share_on_mastodon":{"url":"https:\/\/pubeurope.com\/@se\/115810157386456632","error":""},"_links":{"self":[{"href":"https:\/\/www.europesays.com\/se\/wp-json\/wp\/v2\/posts\/121162","targetHints":{"allow":["GET"]}}],"collection":[{"href":"https:\/\/www.europesays.com\/se\/wp-json\/wp\/v2\/posts"}],"about":[{"href":"https:\/\/www.europesays.com\/se\/wp-json\/wp\/v2\/types\/post"}],"author":[{"embeddable":true,"href":"https:\/\/www.europesays.com\/se\/wp-json\/wp\/v2\/users\/2"}],"replies":[{"embeddable":true,"href":"https:\/\/www.europesays.com\/se\/wp-json\/wp\/v2\/comments?post=121162"}],"version-history":[{"count":0,"href":"https:\/\/www.europesays.com\/se\/wp-json\/wp\/v2\/posts\/121162\/revisions"}],"wp:featuredmedia":[{"embeddable":true,"href":"https:\/\/www.europesays.com\/se\/wp-json\/wp\/v2\/media\/121163"}],"wp:attachment":[{"href":"https:\/\/www.europesays.com\/se\/wp-json\/wp\/v2\/media?parent=121162"}],"wp:term":[{"taxonomy":"category","embeddable":true,"href":"https:\/\/www.europesays.com\/se\/wp-json\/wp\/v2\/categories?post=121162"},{"taxonomy":"post_tag","embeddable":true,"href":"https:\/\/www.europesays.com\/se\/wp-json\/wp\/v2\/tags?post=121162"}],"curies":[{"name":"wp","href":"https:\/\/api.w.org\/{rel}","templated":true}]}}