{"id":121166,"date":"2025-12-30T19:27:10","date_gmt":"2025-12-30T19:27:10","guid":{"rendered":"https:\/\/www.europesays.com\/se\/121166\/"},"modified":"2025-12-30T19:27:10","modified_gmt":"2025-12-30T19:27:10","slug":"kittel-och-kalles-skapar-storsta-taltet-pa-pdol","status":"publish","type":"post","link":"https:\/\/www.europesays.com\/se\/121166\/","title":{"rendered":"Kittel och Kalles skapar st\u00f6rsta t\u00e4ltet p\u00e5 PDOL"},"content":{"rendered":"<p>Inf\u00f6r PDOL 2025 gick Kittel och Kalles ut med beskedet om ett gemensamt biljettarmband f\u00f6r de b\u00e5da arrang\u00f6rerna. Syftet var att skapa en b\u00e4ttre upplevelse f\u00f6r bes\u00f6karna och en enhetlig festival.Nu kommer n\u00e4sta stora nyhet. Kittel och Kalles har best\u00e4mt att inf\u00f6r PDOL 2026 g\u00f6ra gemensam sak och sl\u00e5 ihop sina b\u00e5da t\u00e4lt till Norra Norrlands st\u00f6rsta festivalt\u00e4lt. P\u00e5 Insta<\/p>\n","protected":false},"excerpt":{"rendered":"Inf\u00f6r PDOL 2025 gick Kittel och Kalles ut med beskedet om ett gemensamt biljettarmband f\u00f6r de b\u00e5da arrang\u00f6rerna.&hellip;\n","protected":false},"author":2,"featured_media":121167,"comment_status":"","ping_status":"","sticky":false,"template":"","format":"standard","meta":{"footnotes":""},"categories":[67],"tags":[104,34,31,33,32,30,105],"class_list":{"0":"post-121166","1":"post","2":"type-post","3":"status-publish","4":"format-standard","5":"has-post-thumbnail","7":"category-underhallning","8":"tag-entertainment","9":"tag-se","10":"tag-svenska","11":"tag-sverige","12":"tag-sweden","13":"tag-swedish","14":"tag-underhallning"},"share_on_mastodon":{"url":"https:\/\/pubeurope.com\/@se\/115810169139347601","error":""},"_links":{"self":[{"href":"https:\/\/www.europesays.com\/se\/wp-json\/wp\/v2\/posts\/121166","targetHints":{"allow":["GET"]}}],"collection":[{"href":"https:\/\/www.europesays.com\/se\/wp-json\/wp\/v2\/posts"}],"about":[{"href":"https:\/\/www.europesays.com\/se\/wp-json\/wp\/v2\/types\/post"}],"author":[{"embeddable":true,"href":"https:\/\/www.europesays.com\/se\/wp-json\/wp\/v2\/users\/2"}],"replies":[{"embeddable":true,"href":"https:\/\/www.europesays.com\/se\/wp-json\/wp\/v2\/comments?post=121166"}],"version-history":[{"count":0,"href":"https:\/\/www.europesays.com\/se\/wp-json\/wp\/v2\/posts\/121166\/revisions"}],"wp:featuredmedia":[{"embeddable":true,"href":"https:\/\/www.europesays.com\/se\/wp-json\/wp\/v2\/media\/121167"}],"wp:attachment":[{"href":"https:\/\/www.europesays.com\/se\/wp-json\/wp\/v2\/media?parent=121166"}],"wp:term":[{"taxonomy":"category","embeddable":true,"href":"https:\/\/www.europesays.com\/se\/wp-json\/wp\/v2\/categories?post=121166"},{"taxonomy":"post_tag","embeddable":true,"href":"https:\/\/www.europesays.com\/se\/wp-json\/wp\/v2\/tags?post=121166"}],"curies":[{"name":"wp","href":"https:\/\/api.w.org\/{rel}","templated":true}]}}