{"id":121170,"date":"2025-12-30T19:32:12","date_gmt":"2025-12-30T19:32:12","guid":{"rendered":"https:\/\/www.europesays.com\/se\/121170\/"},"modified":"2025-12-30T19:32:12","modified_gmt":"2025-12-30T19:32:12","slug":"tacka-dna-registret-foratt-vilma-kunde-gripas-linda-jerneck","status":"publish","type":"post","link":"https:\/\/www.europesays.com\/se\/121170\/","title":{"rendered":"Tacka DNA-registret f\u00f6r\natt Vilma kunde gripas | Linda Jerneck"},"content":{"rendered":"<p>Styckmordet i R\u00f6nninge visar varf\u00f6r samh\u00e4llets intresse att klara upp brott m\u00e5ste trumfa g\u00e4rningsm\u00e4nnens personliga integritet.<\/p>\n<p><img   alt=\"\"\/><\/p>\n<p>Vilma Andersson misst\u00e4nks f\u00f6r mordet p\u00e5 en 25-\u00e5rig kvinna i R\u00f6nninge.<\/p>\n<p>Foto: Privat<\/p>\n<p>\u00d6ppna bild i helsk\u00e4rm<img loading=\"lazy\"   alt=\"\"\/><\/p>\n<p>Minnesplats vid R\u00f6nninge torg i Salem efter att en kvinna hittats m\u00f6rdad.<\/p>\n<p>Foto: Anders Wiklund\/TT \/ TT NYHETSBYR\u00c5N<\/p>\n<p>\u00d6ppna bild i helsk\u00e4rm<img loading=\"lazy\"   alt=\"\"\/><\/p>\n<p>Nationellt forensiskt centrum, NFC, g\u00f6r bland annat DNA-analyser av sp\u00e5r.<\/p>\n<p>Foto: JENS CHRISTIAN<\/p>\n<p>\u00d6ppna bild i helsk\u00e4rm<img   alt=\"\"\/>Linda Jerneck<\/p>\n<p>N\u00e4r de anh\u00f6riga i R\u00f6nninge letade efter den 25-\u00e5riga kvinnan gjorde de en skr\u00e4mmande uppt\u00e4ckt: en bit fr\u00e5n pendelt\u00e5gsstationen l\u00e5g hennes h\u00f6rlurar, tillsammans med en hammare och buntband.\u00a0<\/p>\n<p>Teknikerna p\u00e5 Nationellt forensiskt centrum, NFC, fick p\u00e5 rekordtid fram en DNA-profil p\u00e5 en misst\u00e4nkt \u2013 som gav tr\u00e4ff i polisens register, enligt <a href=\"https:\/\/www.aftonbladet.se\/nyheter\/a\/ArdXPM\/uppgifter-26-aring-greps-for-mordet-under-lordagskvallen\" rel=\"nofollow noopener\" target=\"_blank\">Aftonbladet<\/a>. D\u00e4rf\u00f6r kunde polisen snabbt rikta spaningarna mot 26-\u00e5rige Vilma Andersson, tidigare k\u00e4nd som Robin. Vid gripandet ska han (som trots sitt nya kvinnonamn inte bytt juridiskt k\u00f6n) enligt uppgifter till <a href=\"https:\/\/www.expressen.se\/nyheter\/sverige\/vilma-andersson-misstanks-for-styckmordet-i-ronninge-\/\" rel=\"nofollow noopener\" target=\"_blank\">Expressen<\/a> ha varit i f\u00e4rd med att \u201dhantera kroppsdelar\u201d.\u00a0<\/p>\n<p>Vilma Andersson nekar till mord, men <a href=\"https:\/\/www.expressen.se\/nyheter\/sverige\/vilma-andersson-misstanks-for-styckmordet-i-ronninge-\/\" rel=\"nofollow noopener\" target=\"_blank\">erk\u00e4nner<\/a> grovt gravfridsbrott.<\/p>\n<p><strong>Hade det inte varit f\u00f6r DNA-registret \u00e4r det l\u00e5ngt ifr\u00e5n s\u00e4kert att polisen hade kunnat komma honom p\u00e5 sp\u00e5ren s\u00e5 snabbt. Enligt \u00e5klagare Markus Hankkio finns \u201dingen tidigare koppling\u201d mellan Andersson och offret. Hon verkar ha valts ut slumpm\u00e4ssigt.<\/strong><\/p>\n<p>Men i registret fanns Vilma Anderssons uppgifter efter att han 2019 d\u00f6mts f\u00f6r ett kidnappningsf\u00f6rs\u00f6k av en 10-\u00e5rig flicka och innehav av \u00f6ver 40 000 barnpornografiska bilder.\u00a0<\/p>\n<p>Hade han bara v\u00e4ntat i sex \u00e5r till skulle teknikerna inte f\u00e5tt n\u00e5gon tr\u00e4ff alls, eftersom <a href=\"https:\/\/www.expressen.se\/tagg\/organization\/dna\/\" class=\"\" rel=\"nofollow noopener\" target=\"_blank\">DNA<\/a> och andra biometriska data gallras tio \u00e5r efter avtj\u00e4nat f\u00e4ngelsestraff.\u00a0<\/p>\n<blockquote><p>Varf\u00f6r ska en ny chans i livet inneb\u00e4ra att det blir enklare att undg\u00e5 uppt\u00e4ckt om man \u00e5terfaller i kriminalitet?<\/p><\/blockquote>\n<p>I somras rensades exempelvis den h\u00e4nsynsl\u00f6sa seriev\u00e5ldt\u00e4ktsmannen Hagamannens DNA-profil ur registret. I samband med det f\u00f6rklarade Christina Wid\u00e9n, som \u00e4r forensiker p\u00e5 NFC, f\u00f6r Sveriges radio varf\u00f6r lagstiftningen kr\u00e4ver att d\u00f6mdas DNA sl\u00e4ngs efter tio \u00e5r:<\/p>\n<p>\u2013 Sen har man en ny chans i livet.\u00a0<\/p>\n<p><strong>Det \u00e4r ett m\u00e4rkligt s\u00e4tt att se det. Varf\u00f6r ska en ny chans i livet inneb\u00e4ra att det blir enklare att undg\u00e5 uppt\u00e4ckt om man \u00e5terfaller i kriminalitet? Det \u00e4r ju bara om den tidigare d\u00f6mde beg\u00e5r nya brott som DNA-profilen blir aktuell.\u00a0<\/strong><\/p>\n<p>Just detta \u2013 att man vet om att polisen har ens DNA-profil \u2013 har dessutom visat sig vara ett effektivt s\u00e4tt att f\u00f6rebygga \u00e5terfall i brottslighet. \u00c5r 2005 b\u00f6rjade polisen i Danmark att topsa f\u00f6r betydligt fler brott \u00e4n tidigare. Resultaten \u00e4r sl\u00e5ende: \u00e5terfallen minskade med 42 procent under det f\u00f6rsta \u00e5ret f\u00f6r de grupper som fanns i det nya registret, visade en studie 2021.<\/p>\n<p>S\u00e4rskilt starkt var effekten p\u00e5 f\u00f6rstag\u00e5ngsf\u00f6rbrytare, brottslingar med barn och hos dem som d\u00f6mts f\u00f6r v\u00e5ldsbrott. Registrerat DNA \u00f6kade sannolikheten f\u00f6r att personerna skulle skaffa arbete, utbildning och ett stadigt familjeliv.\u00a0<\/p>\n<p><strong>Att \u00f6ka uppt\u00e4cktsrisken \u00e4r allts\u00e5 inte bara bra f\u00f6r samh\u00e4llet, som har intresse av att l\u00e5sa in brottsaktiva, utan ocks\u00e5 en framg\u00e5ngsrik metod f\u00f6r att f\u00f6rebygga brott. Och d\u00e5 \u00e4r biometri ov\u00e4rderligt.\u00a0<\/strong><\/p>\n<p>I sp\u00e5rregistret \u2013 d\u00e4r man samlar bevis fr\u00e5n brottsplatser som \u00e4nnu inte knutits till en misst\u00e4nkt g\u00e4rningsman \u2013 f\u00e5r polisen lagra DNA-profiler i 30 \u00e5r f\u00f6r de flesta brott, eller 70 \u00e5r, om det r\u00f6r dr\u00e5p och mord (som aldrig preskriberas).<\/p>\n<p>Den senare regeln borde g\u00e4lla f\u00f6r biometriska data fr\u00e5n d\u00f6mda brottslingar.\u00a0<\/p>\n<p><strong>V\u00e5ldt\u00e4ktsm\u00e4n, m\u00f6rdare och v\u00e5ldsverkare ska veta att deras DNA finns hos polisen livet ut.<\/strong><\/p>\n<p>Linda Jerneck \u00e4r bitr\u00e4dande politisk redakt\u00f6r p\u00e5 Expressen. L\u00e4s fler av hennes texter <a href=\"https:\/\/www.expressen.se\/av\/linda-jerneck\/\" rel=\"nofollow noopener\" target=\"_blank\">h\u00e4r<\/a>.<\/p>\n<p><strong>L\u00c4S MER: <\/strong><a href=\"https:\/\/www.expressen.se\/ledare\/brottslingar-kan-ga-upp-i-rok-med-naiva-lagen\/\" class=\"\" rel=\"nofollow noopener\" target=\"_blank\">Brottslingar kan g\u00e5 upp i r\u00f6k med naiva lagen<\/a><strong>L\u00c4S MER: <\/strong><a href=\"https:\/\/www.expressen.se\/ledare\/hagamannens-dna-kan-stoppa-nya-brott\/\" class=\"\" rel=\"nofollow noopener\" target=\"_blank\">Hagamannens DNA kan stoppa nya brott<\/a><\/p>\n","protected":false},"excerpt":{"rendered":"Styckmordet i R\u00f6nninge visar varf\u00f6r samh\u00e4llets intresse att klara upp brott m\u00e5ste trumfa g\u00e4rningsm\u00e4nnens personliga integritet. Vilma Andersson&hellip;\n","protected":false},"author":2,"featured_media":121171,"comment_status":"","ping_status":"","sticky":false,"template":"","format":"standard","meta":{"footnotes":""},"categories":[5],"tags":[22,23,26,27,17,21,24,25,3123,12658,28,29,15,12855,16,12861,12862,400,18,34,36,31,33,32,30,19,2057,20],"class_list":{"0":"post-121170","1":"post","2":"type-post","3":"status-publish","4":"format-standard","5":"has-post-thumbnail","7":"category-rubriker","8":"tag-breaking-news","9":"tag-breakingnews","10":"tag-featured-news","11":"tag-featurednews","12":"tag-headlines","13":"tag-huvudnyheter","14":"tag-latest-news","15":"tag-latestnews","16":"tag-location-danmark","17":"tag-location-ronninge","18":"tag-main-news","19":"tag-mainnews","20":"tag-news","21":"tag-newsstory-kvinna-mordad-i-ronninge","22":"tag-nyheter","23":"tag-organization-dna","24":"tag-organization-nfc","25":"tag-organization-polisen","26":"tag-rubriker","27":"tag-se","28":"tag-sections-lindajerneck","29":"tag-svenska","30":"tag-sverige","31":"tag-sweden","32":"tag-swedish","33":"tag-top-stories","34":"tag-topic-kriminalpolitik","35":"tag-topstories"},"share_on_mastodon":{"url":"https:\/\/pubeurope.com\/@se\/115810188867112490","error":""},"_links":{"self":[{"href":"https:\/\/www.europesays.com\/se\/wp-json\/wp\/v2\/posts\/121170","targetHints":{"allow":["GET"]}}],"collection":[{"href":"https:\/\/www.europesays.com\/se\/wp-json\/wp\/v2\/posts"}],"about":[{"href":"https:\/\/www.europesays.com\/se\/wp-json\/wp\/v2\/types\/post"}],"author":[{"embeddable":true,"href":"https:\/\/www.europesays.com\/se\/wp-json\/wp\/v2\/users\/2"}],"replies":[{"embeddable":true,"href":"https:\/\/www.europesays.com\/se\/wp-json\/wp\/v2\/comments?post=121170"}],"version-history":[{"count":0,"href":"https:\/\/www.europesays.com\/se\/wp-json\/wp\/v2\/posts\/121170\/revisions"}],"wp:featuredmedia":[{"embeddable":true,"href":"https:\/\/www.europesays.com\/se\/wp-json\/wp\/v2\/media\/121171"}],"wp:attachment":[{"href":"https:\/\/www.europesays.com\/se\/wp-json\/wp\/v2\/media?parent=121170"}],"wp:term":[{"taxonomy":"category","embeddable":true,"href":"https:\/\/www.europesays.com\/se\/wp-json\/wp\/v2\/categories?post=121170"},{"taxonomy":"post_tag","embeddable":true,"href":"https:\/\/www.europesays.com\/se\/wp-json\/wp\/v2\/tags?post=121170"}],"curies":[{"name":"wp","href":"https:\/\/api.w.org\/{rel}","templated":true}]}}