{"id":121172,"date":"2025-12-30T19:34:07","date_gmt":"2025-12-30T19:34:07","guid":{"rendered":"https:\/\/www.europesays.com\/se\/121172\/"},"modified":"2025-12-30T19:34:07","modified_gmt":"2025-12-30T19:34:07","slug":"har-ar-eric-johansson-tillbaka-i-eskilstuna","status":"publish","type":"post","link":"https:\/\/www.europesays.com\/se\/121172\/","title":{"rendered":"H\u00e4r \u00e4r Eric Johansson tillbaka i Eskilstuna"},"content":{"rendered":"<p>Kiel-spelaren fr\u00e5n Eskilstuna, Eric Johansson, \u00e4r hemma igen.Han \u00e4r p\u00e5 bes\u00f6k i staden f\u00f6r lite ledighet innan den svenska landslagstruppen ska samlas f\u00f6r EM 2026.Och d\u00e5 passade han p\u00e5 att s\u00e4tta sig p\u00e5 l\u00e4ktaren f\u00f6r att se sin moderklubb Guif ta emot Sk\u00f6vde.\u2013 Det \u00e4r j\u00e4ttekul att vara tillbaka och man har v\u00e4xt upp h\u00e4r. Det \u00e4r m\u00e5nga ansikten man k\u00e4nner igen och m\u00e5nga man <\/p>\n","protected":false},"excerpt":{"rendered":"Kiel-spelaren fr\u00e5n Eskilstuna, Eric Johansson, \u00e4r hemma igen.Han \u00e4r p\u00e5 bes\u00f6k i staden f\u00f6r lite ledighet innan den&hellip;\n","protected":false},"author":2,"featured_media":121173,"comment_status":"","ping_status":"","sticky":false,"template":"","format":"standard","meta":{"footnotes":""},"categories":[68],"tags":[34,111,110,31,33,32,30],"class_list":{"0":"post-121172","1":"post","2":"type-post","3":"status-publish","4":"format-standard","5":"has-post-thumbnail","7":"category-sport","8":"tag-se","9":"tag-sport","10":"tag-sports","11":"tag-svenska","12":"tag-sverige","13":"tag-sweden","14":"tag-swedish"},"share_on_mastodon":{"url":"https:\/\/pubeurope.com\/@se\/115810196666979604","error":""},"_links":{"self":[{"href":"https:\/\/www.europesays.com\/se\/wp-json\/wp\/v2\/posts\/121172","targetHints":{"allow":["GET"]}}],"collection":[{"href":"https:\/\/www.europesays.com\/se\/wp-json\/wp\/v2\/posts"}],"about":[{"href":"https:\/\/www.europesays.com\/se\/wp-json\/wp\/v2\/types\/post"}],"author":[{"embeddable":true,"href":"https:\/\/www.europesays.com\/se\/wp-json\/wp\/v2\/users\/2"}],"replies":[{"embeddable":true,"href":"https:\/\/www.europesays.com\/se\/wp-json\/wp\/v2\/comments?post=121172"}],"version-history":[{"count":0,"href":"https:\/\/www.europesays.com\/se\/wp-json\/wp\/v2\/posts\/121172\/revisions"}],"wp:featuredmedia":[{"embeddable":true,"href":"https:\/\/www.europesays.com\/se\/wp-json\/wp\/v2\/media\/121173"}],"wp:attachment":[{"href":"https:\/\/www.europesays.com\/se\/wp-json\/wp\/v2\/media?parent=121172"}],"wp:term":[{"taxonomy":"category","embeddable":true,"href":"https:\/\/www.europesays.com\/se\/wp-json\/wp\/v2\/categories?post=121172"},{"taxonomy":"post_tag","embeddable":true,"href":"https:\/\/www.europesays.com\/se\/wp-json\/wp\/v2\/tags?post=121172"}],"curies":[{"name":"wp","href":"https:\/\/api.w.org\/{rel}","templated":true}]}}