{"id":121174,"date":"2025-12-30T19:37:16","date_gmt":"2025-12-30T19:37:16","guid":{"rendered":"https:\/\/www.europesays.com\/se\/121174\/"},"modified":"2025-12-30T19:37:16","modified_gmt":"2025-12-30T19:37:16","slug":"clara-lindsten-reflekterar-over-2025-ars-handelsutmaningar","status":"publish","type":"post","link":"https:\/\/www.europesays.com\/se\/121174\/","title":{"rendered":"Clara Lindsten reflekterar \u00f6ver 2025 \u00e5rs handelsutmaningar"},"content":{"rendered":"<p class=\"css-176tai e10i1bew2\"><strong>L\u00c4S OCKS\u00c5: <\/strong><strong><a href=\"https:\/\/www.market.se\/artikel\/experten-hyllar-bolaget-som-inspirerat-mest-i-ar-alltid-relevanta\/\" rel=\"nofollow noopener\" target=\"_blank\">Experten hyllar bolaget som inspirerat mest i \u00e5r: \u201dAlltid relevanta\u201d<\/a><\/strong><\/p>\n<p class=\"css-176tai e10i1bew2\"><strong>Vad har varit b\u00e4st och s\u00e4mst under 2025?<\/strong><br \/>\u2013 B\u00e4st: Att f\u00e5 ett team p\u00e5 plats som k\u00e4mpat sig igenom ett intensivt startup\u00e5r med begr\u00e4nsade resurser och h\u00f6gt tempo, och verkligen drivit bolaget fram\u00e5t. Vi har inte riktigt tiodubblat, men niodubbelt \u00e4r inte s\u00e5 d\u00e5ligt det heller.<\/p>\n<p class=\"css-176tai e10i1bew2\">\u2013 Det s\u00e4msta under 2025 har varit att s\u00e5 m\u00e5nga i grunden starka varum\u00e4rken tvingats k\u00e4mpa f\u00f6r sin \u00f6verlevnad eller g\u00e5tt in i rekonstruktion. F\u00f6rhoppningen \u00e4r att 2026 pr\u00e4glas av fler gemensamma strukturer d\u00e4r akt\u00f6rer kan bygga tillsammans, snarare \u00e4n var f\u00f6r sig.<\/p>\n<p class=\"css-176tai e10i1bew2\"><strong>Vad har varit 2025 \u00e5rs mest \u00f6verraskande f\u00f6rs\u00e4ljningssucc\u00e9?<\/strong><br \/>\u2013 Norska Russemerch. Ett v\u00e4ldigt tydligt exempel p\u00e5 hur lokala kulturella fenomen kan driva f\u00f6rs\u00e4ljning i stor skala. Fr\u00e5ga n\u00e4rmsta ton\u00e5ring om du inte vet vad det \u00e4r.<\/p>\n<p class=\"css-176tai e10i1bew2\"><strong>Vilket detaljhandelsf\u00f6retag har inspirerat dig mest 2025?<\/strong><br \/>\u2013 Ingen enskild inspiration i \u00e5r. Men det \u00e4r intressant att se hur hybridformat och nya samarbeten v\u00e4xer fram \u2013 fr\u00e5n WOW Concept (Madridbaserat innovativt retailkoncept, reds anm) som \u00e4r n\u00e5gonstans mellan varuhus, inneh\u00e5ll och fysisk experimentyta, till mer vardagsn\u00e4ra samarbeten som n\u00e4r Kjell &amp; Company dyker upp p\u00e5 Ikea.<\/p>\n<p class=\"css-176tai e10i1bew2\"><strong>Vad inom handeln kommer alla att prata om under 2026?<\/strong><br \/>\u2013 Jag hoppas att det pratas mer om hur varum\u00e4rken kan ta st\u00f6rre kontroll \u00f6ver sin egen aff\u00e4r och att egen fysisk n\u00e4rvaro och nya former av DTC f\u00e5r ta plats igen som ett komplement till wholesale.<\/p>\n<p class=\"css-176tai e10i1bew2\"><strong>Vad vill du l\u00e4ra dig mer om 2026?<\/strong><br \/>\u2013 Hur m\u00e4nniska och AI kan arbeta tillsammans i praktiken och vad det m\u00f6jligg\u00f6r f\u00f6r nya, mer distribuerade organisationsformer.<\/p>\n<p class=\"css-176tai e10i1bew2\"><strong>Hur kopplar du av kring jul och ny\u00e5r?<\/strong><br \/>\u2013 Jag tar det lugnt med familjen, l\u00e4ser och \u00e4ter god mat.<\/p>\n<p>L\u00e5ng erfarenhet av att utveckla retailkoncept<\/p>\n<p><strong>Namn: <\/strong>Clara Lindsten<br \/><strong>\u00c5lder: <\/strong>42 \u00e5r.<br \/><strong>Yrke: <\/strong>Entrepren\u00f6r.<br \/><strong>Familj: <\/strong>Sambo och dotter.<br \/><strong>Bor: <\/strong>\u00c5rsta.<br \/><strong>Karri\u00e4r: <\/strong>Har arbetat med konceptutveckling i \u00f6ver ett decennium, med fokus p\u00e5 retail i f\u00f6r\u00e4ndring. \u00c4r i dag medgrundare av Co-X, som bygger infrastruktur f\u00f6r n\u00e4tverksbaserad fysisk handel.<br \/><strong>St\u00f6rsta fritidsintressen: <\/strong>Familj, natur, musik.<\/p>\n<p class=\"css-176tai e10i1bew2\"><strong>L\u00c4S OCKS\u00c5: <\/strong><strong><a href=\"https:\/\/www.market.se\/artikel\/markets-dom-over-2025-och-vad-vi-hoppas-pa-under-aret-som-kommer\/\" rel=\"nofollow noopener\" target=\"_blank\">Markets dom \u00f6ver 2025 \u2013 och vad vi hoppas p\u00e5 under \u00e5ret som kommer<\/a><\/strong><\/p>\n","protected":false},"excerpt":{"rendered":"L\u00c4S OCKS\u00c5: Experten hyllar bolaget som inspirerat mest i \u00e5r: \u201dAlltid relevanta\u201d Vad har varit b\u00e4st och s\u00e4mst&hellip;\n","protected":false},"author":2,"featured_media":121175,"comment_status":"","ping_status":"","sticky":false,"template":"","format":"standard","meta":{"footnotes":""},"categories":[65],"tags":[72,70,71,34,31,33,32,30],"class_list":{"0":"post-121174","1":"post","2":"type-post","3":"status-publish","4":"format-standard","5":"has-post-thumbnail","7":"category-ekonomi","8":"tag-business","9":"tag-economy","10":"tag-ekonomi","11":"tag-se","12":"tag-svenska","13":"tag-sverige","14":"tag-sweden","15":"tag-swedish"},"share_on_mastodon":{"url":"https:\/\/pubeurope.com\/@se\/115810208466193047","error":""},"_links":{"self":[{"href":"https:\/\/www.europesays.com\/se\/wp-json\/wp\/v2\/posts\/121174","targetHints":{"allow":["GET"]}}],"collection":[{"href":"https:\/\/www.europesays.com\/se\/wp-json\/wp\/v2\/posts"}],"about":[{"href":"https:\/\/www.europesays.com\/se\/wp-json\/wp\/v2\/types\/post"}],"author":[{"embeddable":true,"href":"https:\/\/www.europesays.com\/se\/wp-json\/wp\/v2\/users\/2"}],"replies":[{"embeddable":true,"href":"https:\/\/www.europesays.com\/se\/wp-json\/wp\/v2\/comments?post=121174"}],"version-history":[{"count":0,"href":"https:\/\/www.europesays.com\/se\/wp-json\/wp\/v2\/posts\/121174\/revisions"}],"wp:featuredmedia":[{"embeddable":true,"href":"https:\/\/www.europesays.com\/se\/wp-json\/wp\/v2\/media\/121175"}],"wp:attachment":[{"href":"https:\/\/www.europesays.com\/se\/wp-json\/wp\/v2\/media?parent=121174"}],"wp:term":[{"taxonomy":"category","embeddable":true,"href":"https:\/\/www.europesays.com\/se\/wp-json\/wp\/v2\/categories?post=121174"},{"taxonomy":"post_tag","embeddable":true,"href":"https:\/\/www.europesays.com\/se\/wp-json\/wp\/v2\/tags?post=121174"}],"curies":[{"name":"wp","href":"https:\/\/api.w.org\/{rel}","templated":true}]}}