{"id":121176,"date":"2025-12-30T19:40:13","date_gmt":"2025-12-30T19:40:13","guid":{"rendered":"https:\/\/www.europesays.com\/se\/121176\/"},"modified":"2025-12-30T19:40:13","modified_gmt":"2025-12-30T19:40:13","slug":"lagarna-som-borjar-galla-2026","status":"publish","type":"post","link":"https:\/\/www.europesays.com\/se\/121176\/","title":{"rendered":"Lagarna som b\u00f6rjar g\u00e4lla 2026"},"content":{"rendered":"<p>\n                    En rad nya lagar tr\u00e4der i kraft till \u00e5rsskiftet. Arkivbild. Foto: Henrik Montgomery\/TT\n            <\/p>\n<p class=\"article__sublead\">Den f\u00f6rsta januari 2026 tr\u00e4der en m\u00e4ngd nya lagar i kraft. H\u00e4r sammanfattar vi ett urval av dem. N\u00e5gra av dem kommer att synas i pl\u00e5nboken, inte minst f\u00f6r kollektivtrafik-pendlare.<\/p>\n<p class=\"article__paragraph\"><strong>\u00d6kat jobbskatteavdrag<\/strong><\/p>\n<p class=\"article__paragraph\">Fr\u00e5n \u00e5rsskiftet b\u00f6rjar ytterligare ett jobbskatteavdrag att g\u00e4lla. Regeringen har avsatt 17,36 miljarder f\u00f6r denna skattes\u00e4nkning och meddelar att en person med en genomsnittsl\u00f6n kommer att f\u00e5 en skattes\u00e4nkning p\u00e5 cirka 400 kronor\/m\u00e5nad.<\/p>\n<p class=\"article__paragraph\">Pension\u00e4rer \u00f6ver 66 kommer ocks\u00e5 f\u00e5 s\u00e4nkt skatt, som ska motsvara den s\u00e4nkning som g\u00f6rs f\u00f6r de som arbetar. F\u00f6r en genomsnittspension\u00e4r kommer det inneb\u00e4ra cirka 150 kronor mindre i skatt per m\u00e5nad.<\/p>\n<p class=\"article__paragraph\"><strong>S\u00e4nkt energiskatt<\/strong><\/p>\n<p class=\"article__paragraph\">Skatten p\u00e5 el s\u00e4nks fr\u00e5n den 1 januari, fr\u00e5n 43,9 \u00f6re\/kilowattimma till 36 \u00f6re. F\u00f6r ett icke-eluppv\u00e4rmt hus inneb\u00e4r detta att elkostnaden kommer minska med cirka 1 000 kronor per \u00e5r, enligt regeringens ber\u00e4kningar.<\/p>\n<p class=\"article__paragraph\"><strong>\u00c5tervandringsbidraget h\u00f6js kraftigt<\/strong><\/p>\n<p class=\"article__paragraph\">Som regeringen <a href=\"https:\/\/tidningensyre.se\/2025\/23-april-2025\/tidopartierna-overens-om-kraftigt-hojt-atervandringsbidrag\/\" data-type=\"link\" data-id=\"https:\/\/tidningensyre.se\/2025\/23-april-2025\/tidopartierna-overens-om-kraftigt-hojt-atervandringsbidrag\/\" rel=\"nofollow noopener\" target=\"_blank\">tidigare aviserat<\/a> s\u00e5 kommer \u00e5tervandringsbidraget f\u00f6r den som v\u00e4ljer att frivilligt \u00e5terv\u00e4nda till sitt ursprungliga hemland (eller ett annat land) att h\u00f6jas kraftigt fr\u00e5n den 1 januari. Fr\u00e5n tidigare 10\u00a0000 kronor till 350\u00a0000 kronor per vuxen och fr\u00e5n 5 000 till 25 000 per barn, och med ett maxtak p\u00e5 600 000 per hush\u00e5ll.<\/p>\n<p class=\"article__paragraph\"><strong>Ny elbilspremie<\/strong><\/p>\n<p class=\"article__paragraph\">Den nya elbilspremien var f\u00f6rst t\u00e4nkt att inf\u00f6ras vid \u00e5rsskiftet. Men <a href=\"https:\/\/tidningensyre.se\/2025\/08-december-2025\/ny-elbilspremie-ser-ut-att-forsenas\/\" data-type=\"link\" data-id=\"https:\/\/tidningensyre.se\/2025\/08-december-2025\/ny-elbilspremie-ser-ut-att-forsenas\/\" rel=\"nofollow noopener\" target=\"_blank\">efter f\u00f6rseningar<\/a> p\u00e5 grund av att utformningen inte godk\u00e4ndes av EU, kommer nu en omarbetad variant att inf\u00f6ras den 18 mars. Det inneb\u00e4r att en bonus p\u00e5 46 800 kronor betalas ut till hush\u00e5ll som tj\u00e4nar upp till 80 procent av medelinkomsten, och ett extra starttill\u00e4gg p\u00e5 18 000 kronor betalas till hush\u00e5ll som tj\u00e4nar upp till 50 procent av medelinkomsten. Mer detaljer om vilka krav som m\u00e5ste uppf\u00f6ljas finns p\u00e5 <a href=\"https:\/\/www.naturvardsverket.se\/amnesomraden\/klimatomstallningen\/elbilspremien\/\" data-type=\"link\" data-id=\"https:\/\/www.naturvardsverket.se\/amnesomraden\/klimatomstallningen\/elbilspremien\/\" target=\"_blank\" rel=\"noopener nofollow\">Naturv\u00e5rdsverkets hemsida<\/a>.<\/p>\n<p class=\"article__paragraph\"><strong>Virtuella elst\u00e4ngsel till\u00e5ts<\/strong><\/p>\n<p class=\"article__paragraph\">S\u00e5 kallade virtuella st\u00e4ngel kommer att bli till\u00e5tna fr\u00e5n den 1 januari. De \u00e4r osynliga gr\u00e4nser som kan ritas upp digitalt. Djuren f\u00e5r ett halsband som varnar med en ljudsignal n\u00e4r en gr\u00e4ns n\u00e4rmar sig. Om djuret forts\u00e4tter mot gr\u00e4nsen ger halsbandet en elektrisk st\u00f6t. Anv\u00e4ndande av virtuella st\u00e4ngel har kritiserats fr\u00e5n flera h\u00e5ll, bland annat fr\u00e5n forskare som menar att det finns stora risker f\u00f6r djurv\u00e4lf\u00e4rden. Detta d\u00e5 studier visat att det tar olika l\u00e5ng tid f\u00f6r djur att l\u00e4ra sig f\u00f6rknippa en varnande ljudsignal med elst\u00f6ten som halsbandet ger. \u00c4ndringen i djurskyddsf\u00f6rordnigen kommer att g\u00e4lla n\u00f6tkreatur och f\u00e5r.<\/p>\n<p class=\"article__paragraph\"><strong>Civilplikten ut\u00f6kas och breddas<\/strong><\/p>\n<p class=\"article__paragraph\">Civilplikten, den civila motsvarigheten till v\u00e4rnplikten, kommer att breddas. Det betyder dels att ungdomar fr\u00e5n och med jnuari 2026 kan kallas till m\u00f6nstring och skrivas in f\u00f6r l\u00e5ng grundutbildning med civilplikt. Dessutom kommer civilplikten f\u00e5 genomg\u00f6ras inom fler verksamhetsomr\u00e5den, s\u00e5som h\u00e4lso- och sjukv\u00e5rd, bevakningsverksamhet, cybers\u00e4kerhet samt drift, underh\u00e5ll och reparationer inom elektronisk kommunikation.<\/p>\n<p class=\"article__paragraph\"><strong>Krav p\u00e5 fastighetsn\u00e4ra insamling<\/strong><\/p>\n<p class=\"article__paragraph\">Flera \u00e4ndringar har eller ska inf\u00f6ras i avfallsf\u00f6rordningen, med m\u00e5let att uppfylla EU:s krav p\u00e5 material\u00e5tervinning. Fr\u00e5n den 1 januari m\u00e5ste kommunerna samla in utsorterat f\u00f6rpackningsavfall av papper, plast, glas- och metallf\u00f6rpackningar p\u00e5 torg och i parker. De ska ocks\u00e5 samla in plastf\u00f6rpackningar p\u00e5 andra popul\u00e4ra platser.<\/p>\n<p class=\"article__paragraph\"><strong>Sk\u00e4rpta krav p\u00e5 villkorlig frigivning<\/strong><\/p>\n<p class=\"article__paragraph\">Idag m\u00e5ste tv\u00e5 tredjedelar av ett f\u00e4ngelsestraff avtj\u00e4nas innan man kan bli villkorligt frigiven. <a href=\"https:\/\/tidningensyre.se\/2025\/21-oktober-2025\/skarpta-regler-for-villkorlig-frigivning-dyrt-och-osakert\/\" data-type=\"link\" data-id=\"https:\/\/tidningensyre.se\/2025\/21-oktober-2025\/skarpta-regler-for-villkorlig-frigivning-dyrt-och-osakert\/\" rel=\"nofollow noopener\" target=\"_blank\">Med lag\u00e4ndringen<\/a> som inf\u00f6rs den f\u00f6rsta januari kommer den tiden att h\u00f6jas, till tre fj\u00e4rdedelar. H\u00f6jningen g\u00e4ller f\u00f6r de l\u00e4ngsta straffen. F\u00f6r f\u00e4ngelsestraff p\u00e5 under sex \u00e5r kommer inf\u00f6randet att genomf\u00f6ras l\u00e4ngre fram.<\/p>\n<p class=\"article__paragraph\"><strong>F\u00f6rbudet mot uranbrytning tas bort<\/strong><\/p>\n<p class=\"article__paragraph\">Det blir <a href=\"https:\/\/tidningensyre.se\/2025\/05-november-2025\/riksdagen-rostar-om-uranbrytning\/\" data-type=\"link\" data-id=\"https:\/\/tidningensyre.se\/2025\/05-november-2025\/riksdagen-rostar-om-uranbrytning\/\" rel=\"nofollow noopener\" target=\"_blank\">\u00e5ter till\u00e5tet att bryta uran<\/a> i\u00a0Sverige fr\u00e5n den 1 januari. Det inneb\u00e4r att uran blir ett s\u00e5 kallat koncessionsmineral enligt minerallagen. N\u00e4r det g\u00e4ller verksamheter d\u00e4r sm\u00e5 m\u00e4ngder uran hanteras kommer det inte l\u00e4ngre beh\u00f6vas en s\u00e5 kallad\u00a0 till\u00e5tlighetspr\u00f6vning fr\u00e5n regeringen. Dessutom kommer det s\u00e5 kallade kommunala vetot inte l\u00e4ngre att g\u00e4lla dessa verksamheter, det vill s\u00e4ga kommunerna kan inte stoppa en mindre utvinning med hj\u00e4lp av sitt veto. D\u00e4remot kommer vetot mot st\u00f6rre uranbrytning finnas kvar. \u00c5tminstone ett tag. I somras <a href=\"https:\/\/tidningensyre.se\/2025\/27-augusti-2025\/det-ar-ingen-principiell-skillnad-pa-att-bryta-uran-och-andra-metaller\/\" data-type=\"link\" data-id=\"https:\/\/tidningensyre.se\/2025\/27-augusti-2025\/det-ar-ingen-principiell-skillnad-pa-att-bryta-uran-och-andra-metaller\/\" rel=\"nofollow noopener\" target=\"_blank\">f\u00f6reslog regeringen en promemoria<\/a> som inneb\u00e4r att uranbrytning inte l\u00e4ngre ska kallas f\u00f6r k\u00e4rnteknisk anl\u00e4ggning, utan f\u00f6r k\u00e4rnteknisk verksamhet. Det skulle g\u00f6ra att reglerna f\u00f6r kommunalt veto vid uranbrytning inte g\u00e4ller l\u00e4ngre \u00f6verhuvudtaget. N\u00e4r denna \u00e4ndring ska vara klubbad \u00e4r dock oklart.<\/p>\n<p class=\"article__paragraph\"><strong>H\u00f6jd gr\u00e4ns f\u00f6r reseavdrag<\/strong><\/p>\n<p class=\"article__paragraph\">Gr\u00e4nsen f\u00f6r reseavdraget h\u00f6js fr\u00e5n den f\u00f6rsta januari. Det inneb\u00e4r att jobbpendlare m\u00e5ste redovisa att utl\u00e4ggen f\u00f6r jobbresor \u00f6verskrider 15000 per \u00e5r, j\u00e4mf\u00f6rt med nuvarande belopp p\u00e5 11 000 kronor. Det inneb\u00e4r bland annat att pendlare med m\u00e5nadskort i kollektivtrafiken i bland annat Region Stockholm och Region Sk\u00e5ne f\u00f6rlorar m\u00f6jligheten till skatteavdrag, vilket bland annat <a href=\"https:\/\/www.svt.se\/nyheter\/inrikes\/hostbudgeten-2025?inlagg=09cc0c7adedf9082cda03299b008737d\" data-type=\"link\" data-id=\"https:\/\/www.svt.se\/nyheter\/inrikes\/hostbudgeten-2025?inlagg=09cc0c7adedf9082cda03299b008737d\" target=\"_blank\" rel=\"noopener nofollow\">SVT<\/a> rapporterat om.\u00a0<\/p>\n<p class=\"article__paragraph\"><strong>Skattefrihet f\u00f6r laddstolpar p\u00e5 jobbet blir permanent<\/strong><\/p>\n<p class=\"article__paragraph\">Sedan den 1 juli 2023 g\u00e4ller en tillf\u00e4llig skattefrihet f\u00f6r laddning av personbil, l\u00e4tt lastbil, motorcykel, moped eller cykel p\u00e5 arbetsplatser, detta f\u00f6r att fr\u00e4mja arbetsresor med laddbara fordon. Till \u00e5rsskiftet blir denna skattefrihet permanent.\u00a0<\/p>\n<p class=\"article__paragraph\"><strong>Nedsatt skatt p\u00e5 jordbruksdiesel<\/strong><\/p>\n<p class=\"article__paragraph\">Den tillf\u00e4lliga neds\u00e4ttningen av skatt f\u00f6r jordbruksdiesel f\u00f6rl\u00e4ngs och kommer att g\u00e4lla \u00e4ven under 2026. Syftet \u00e4r att st\u00e4rka Sveriges f\u00f6rs\u00f6rjningsberedskap, skriver regeringen.\u00a0<\/p>\n<p class=\"article__paragraph\"><strong>Billigare tandv\u00e5rd f\u00f6r \u00e4ldre<\/strong><\/p>\n<p class=\"article__paragraph\">Den f\u00f6rsta januari inf\u00f6rs ett nytt statligt st\u00f6d, tio tandv\u00e5rd, som inneb\u00e4r att alla som fyllt 67 \u00e5r bara beh\u00f6ver betala f\u00f6r 10 procent av priset p\u00e5 utvalda behandlingar. Det kan handla om lagning av h\u00e5l, behandling av tandlossning och implantat i framt\u00e4nder.<\/p>\n<p class=\"article__paragraph\"><strong>Kritiserad funkisskatt tas bort<\/strong><\/p>\n<p class=\"article__paragraph\">Personer med sjuk- och aktivitetsers\u00e4ttning har tidigare inte f\u00e5tt samma jobbskatteavdrag som personer med l\u00f6n. Men till \u00e5rsskiftet \u00e4ndras detta, s\u00e5 att skatten hamnar p\u00e5 samma niv\u00e5 som f\u00f6r l\u00f6ntagare, det vill s\u00e4ga: den s\u00e5 kallade \u201dfunkisskatten\u201d tas bort. I genomsnitt s\u00e4nks skatten med 1800 kronor per \u00e5r f\u00f6r personer med sjuk- och aktivitetsers\u00e4ttning, enligt regeringens ber\u00e4kningar.<\/p>\n<p class=\"article__paragraph\"><strong>MSB byter namn<\/strong><\/p>\n<p class=\"article__paragraph\">Myndigheten f\u00f6r samh\u00e4llsberedskap, MSB, byter namn till Myndigheten f\u00f6r civilt f\u00f6rsvar fr\u00e5n den 1 januari.<\/p>\n<p class=\"article__paragraph\"><strong>Myndighet avvecklas<\/strong><\/p>\n<p class=\"article__paragraph\">Myndigheten f\u00f6r arbetsmilj\u00f6kunskap (Mynak) <a href=\"https:\/\/www.regeringen.se\/pressmeddelanden\/2025\/12\/myndigheten-for-arbetsmiljokunskap-avvecklas-vid-arsskiftet\/\" data-type=\"link\" data-id=\"https:\/\/www.regeringen.se\/pressmeddelanden\/2025\/12\/myndigheten-for-arbetsmiljokunskap-avvecklas-vid-arsskiftet\/\" target=\"_blank\" rel=\"noopener nofollow\">avvecklas vid \u00e5rsskiftet<\/a>. Verksamheten kommer ist\u00e4llet att \u00f6verf\u00f6ras till Arbetsmilj\u00f6verket. Sammanslagningen \u00e4r en del i regeringens satsning p\u00e5 att \u00f6ka effektiviteten i statsf\u00f6rvaltningen och minska antalet myndigheter.<\/p>\n<p class=\"article__paragraph\">Fler lag\u00e4ndringar finns att l\u00e4sa om p\u00e5 <a href=\"https:\/\/www.regeringen.se\/informationsmaterial\/2025\/12\/viktigare-lagar-och-forordningar-infor-arsskiftet-2025-2026\/\" data-type=\"link\" data-id=\"https:\/\/www.regeringen.se\/informationsmaterial\/2025\/12\/viktigare-lagar-och-forordningar-infor-arsskiftet-2025-2026\/\" target=\"_blank\" rel=\"noopener nofollow\">regeringens hemsida<\/a>.<\/p>\n","protected":false},"excerpt":{"rendered":"En rad nya lagar tr\u00e4der i kraft till \u00e5rsskiftet. Arkivbild. Foto: Henrik Montgomery\/TT Den f\u00f6rsta januari 2026 tr\u00e4der&hellip;\n","protected":false},"author":2,"featured_media":121177,"comment_status":"","ping_status":"","sticky":false,"template":"","format":"standard","meta":{"footnotes":""},"categories":[5],"tags":[22,23,26,27,17,21,24,25,28,29,15,16,18,34,31,33,32,30,19,20],"class_list":{"0":"post-121176","1":"post","2":"type-post","3":"status-publish","4":"format-standard","5":"has-post-thumbnail","7":"category-rubriker","8":"tag-breaking-news","9":"tag-breakingnews","10":"tag-featured-news","11":"tag-featurednews","12":"tag-headlines","13":"tag-huvudnyheter","14":"tag-latest-news","15":"tag-latestnews","16":"tag-main-news","17":"tag-mainnews","18":"tag-news","19":"tag-nyheter","20":"tag-rubriker","21":"tag-se","22":"tag-svenska","23":"tag-sverige","24":"tag-sweden","25":"tag-swedish","26":"tag-top-stories","27":"tag-topstories"},"share_on_mastodon":{"url":"https:\/\/pubeurope.com\/@se\/115810220255881149","error":""},"_links":{"self":[{"href":"https:\/\/www.europesays.com\/se\/wp-json\/wp\/v2\/posts\/121176","targetHints":{"allow":["GET"]}}],"collection":[{"href":"https:\/\/www.europesays.com\/se\/wp-json\/wp\/v2\/posts"}],"about":[{"href":"https:\/\/www.europesays.com\/se\/wp-json\/wp\/v2\/types\/post"}],"author":[{"embeddable":true,"href":"https:\/\/www.europesays.com\/se\/wp-json\/wp\/v2\/users\/2"}],"replies":[{"embeddable":true,"href":"https:\/\/www.europesays.com\/se\/wp-json\/wp\/v2\/comments?post=121176"}],"version-history":[{"count":0,"href":"https:\/\/www.europesays.com\/se\/wp-json\/wp\/v2\/posts\/121176\/revisions"}],"wp:featuredmedia":[{"embeddable":true,"href":"https:\/\/www.europesays.com\/se\/wp-json\/wp\/v2\/media\/121177"}],"wp:attachment":[{"href":"https:\/\/www.europesays.com\/se\/wp-json\/wp\/v2\/media?parent=121176"}],"wp:term":[{"taxonomy":"category","embeddable":true,"href":"https:\/\/www.europesays.com\/se\/wp-json\/wp\/v2\/categories?post=121176"},{"taxonomy":"post_tag","embeddable":true,"href":"https:\/\/www.europesays.com\/se\/wp-json\/wp\/v2\/tags?post=121176"}],"curies":[{"name":"wp","href":"https:\/\/api.w.org\/{rel}","templated":true}]}}