{"id":121178,"date":"2025-12-30T19:42:09","date_gmt":"2025-12-30T19:42:09","guid":{"rendered":"https:\/\/www.europesays.com\/se\/121178\/"},"modified":"2025-12-30T19:42:09","modified_gmt":"2025-12-30T19:42:09","slug":"andreas-falk-fick-matchstraff-assisterande-tranaren-lamnade","status":"publish","type":"post","link":"https:\/\/www.europesays.com\/se\/121178\/","title":{"rendered":"Andreas Falk fick matchstraff \u2013 assisterande tr\u00e4naren l\u00e4mnade"},"content":{"rendered":"<p><a data-test-tag=\"internal-link\" href=\"https:\/\/www.aftonbladet.se\/av\/makoto-asahara\" class=\"hyperion-css-13ns1rr\" rel=\"nofollow noopener\" target=\"\" aria-label=\"Se alla artiklar av Makoto Asahara\"><img decoding=\"async\" class=\"image-asset hyperion-css-n6kkq1\" data-test-tag=\"image-asset\" src=\"https:\/\/www.europesays.com\/se\/wp-content\/uploads\/2025\/12\/1767123728_571_d489d8e9-feec-41cf-aec5-f7f6eb5fd94e.png\"  alt=\"\"  loading=\"lazy\" fetchpriority=\"auto\" style=\"aspect-ratio:1900 \/ 1900\"\/><\/a><\/p>\n<p class=\"boxtextgrotesk-root_baa6 hyperion-css-1w346fg\">Uppdaterad 20.23 | Publicerad 20.09<\/p>\n<p>share-arrowDela<\/p>\n<p>unsaveSpara<\/p>\n<p>expand-left<\/p>\n<p>helsk\u00e4rm<img decoding=\"async\" class=\"image-asset hyperion-css-u06ts1\" data-test-tag=\"image-asset\" src=\"https:\/\/www.europesays.com\/se\/wp-content\/uploads\/2025\/12\/bac127af-f118-4cc8-98e7-1cc043612d18.jpeg\"  alt=\"Andreas Falk l\u00e4mnar\"  loading=\"eager\" fetchpriority=\"high\" style=\"aspect-ratio:1900 \/ 1267\"\/>Andreas Falk l\u00e4mnar Foto: P\u00e4r B\u00e4ckstr\u00f6m \/ Bildbyr\u00e5n<\/p>\n<p class=\"hyperion-css-1shl3oz\" data-test-tag=\"lead-text\">Skellefte\u00e5s Lars Bryggman, 32, fick bryta m\u00f6tet mot Bryn\u00e4s efter en ostraffad sm\u00e4ll fr\u00e5n Luke Witkowski.<\/p>\n<p class=\"hyperion-css-1shl3oz\" data-test-tag=\"lead-text\">Det fick Skellefte\u00e5b\u00e4nken att se r\u00f6tt.<\/p>\n<p class=\"hyperion-css-1shl3oz\" data-test-tag=\"lead-text\">Assisterande tr\u00e4nare Andreas Falk fick matchstraff \u2013 och hemmalaget fick b\u00f6rja andra perioden i boxplay.<\/p>\n<p class=\"hyperion-css-1v9qo5x\">Skellefte\u00e5 ledde tisdagens SHL-m\u00f6te mot Bryn\u00e4s med 1\u20130 efter f\u00f6rsta perioden, tack vare ett m\u00e5l av dansken Mikkel Aagard.<\/p>\n<p class=\"hyperion-css-1v9qo5x\">Det var dock inte den stora snackisen inf\u00f6r efterf\u00f6ljande period uppe i norr.<\/p>\n<p class=\"hyperion-css-1v9qo5x\">Tidigt i den f\u00f6rsta perioden \u00e5kte Skellefte\u00e5backen Lars Bryggman p\u00e5 en h\u00e5rd tackling fr\u00e5n Bryn\u00e4samerikanen Luke Witkowski. En tackling som inte noterades av domarteamet men d\u00e4remot tog illa p\u00e5 Bryggman.<\/p>\n<p class=\"hyperion-css-1v9qo5x\">32-\u00e5ringen fick l\u00e4mna isen och fanns heller inte med i b\u00e5set inf\u00f6r andraperioden.<\/p>\n<p>expand-left<\/p>\n<p>helsk\u00e4rm<img decoding=\"async\" class=\"image-asset hyperion-css-u06ts1\" data-test-tag=\"image-asset\" src=\"https:\/\/www.europesays.com\/se\/wp-content\/uploads\/2025\/12\/9440158c-c63e-412d-85cc-7602dded0dda.jpeg\"  alt=\"\"  loading=\"eager\" fetchpriority=\"high\" style=\"aspect-ratio:1900 \/ 1267\"\/> Foto: P\u00e4r B\u00e4ckstr\u00f6m \/ Bildbyr\u00e5nMatchstraff f\u00f6r Falk<\/p>\n<p class=\"hyperion-css-1v9qo5x\">D\u00e5 b\u00f6rjade d\u00e4refter Skellefte\u00e5b\u00e4nken, inf\u00f6r nedsl\u00e4ppet, att diskutera med domaren.<\/p>\n<p class=\"hyperion-css-1v9qo5x\">\u2013 Med stor sannolikhet det som diskuteras, s\u00e4ger TV4:s kommentator Lars Lindberg, \u00e5syftande Bryggmans fr\u00e5nvaro.<\/p>\n<p class=\"hyperion-css-1v9qo5x\">Diskussionen ledde till ett lagstraff f\u00f6r Skellefte\u00e5, som fick b\u00f6rja andra perioden med en tv\u00e5minutare. Dessutom matchstraff f\u00f6r assisterande tr\u00e4nare Andreas Falk f\u00f6r \u201dabuse of officials\u201d.<\/p>\n<p class=\"hyperion-css-1v9qo5x\">Skellefte\u00e5 lyckades f\u00f6rsvara tv\u00e5minutaren (som Jonathan Johnson fick sitta av) ska s\u00e4gas \u2013 men kvitteringen kom d\u00e4refter \u00e4nd\u00e5 genom Johannes Kinnvall, 5.39 in i mittakten.<\/p>\n<p>Haara-retur gav \u00e5tertagen ledning<\/p>\n<p class=\"hyperion-css-1v9qo5x\">Varken lagstraffet eller kvitteringen fick dock Skellefte\u00e5 p\u00e5 fall. Frans Haara petade n\u00e4mligen in en retur i slutet av andraperioden och gav tillbaka ledningen till hemmalaget.<\/p>\n<p class=\"hyperion-css-1v9qo5x\">\u2013 De \u00e4r starkare \u00e4n oss i den h\u00e4r perioden, s\u00e4ger Bryn\u00e4sm\u00e5lskytten Kinnvall till TV4.<\/p>\n<p class=\"hyperion-css-1v9qo5x\">check<strong> &#8211; Matchen p\u00e5g\u00e5r<\/strong><\/p>\n<p>H\u00e4ndelserInb\u00f6rdes m\u00f6ten5 senasteTabell<\/p>\n","protected":false},"excerpt":{"rendered":"Uppdaterad 20.23 | Publicerad 20.09 share-arrowDela unsaveSpara expand-left helsk\u00e4rmAndreas Falk l\u00e4mnar Foto: P\u00e4r B\u00e4ckstr\u00f6m \/ Bildbyr\u00e5n Skellefte\u00e5s Lars&hellip;\n","protected":false},"author":2,"featured_media":121179,"comment_status":"","ping_status":"","sticky":false,"template":"","format":"standard","meta":{"footnotes":""},"categories":[68],"tags":[34,111,110,31,33,32,30],"class_list":{"0":"post-121178","1":"post","2":"type-post","3":"status-publish","4":"format-standard","5":"has-post-thumbnail","7":"category-sport","8":"tag-se","9":"tag-sport","10":"tag-sports","11":"tag-svenska","12":"tag-sverige","13":"tag-sweden","14":"tag-swedish"},"share_on_mastodon":{"url":"https:\/\/pubeurope.com\/@se\/115810228163277686","error":""},"_links":{"self":[{"href":"https:\/\/www.europesays.com\/se\/wp-json\/wp\/v2\/posts\/121178","targetHints":{"allow":["GET"]}}],"collection":[{"href":"https:\/\/www.europesays.com\/se\/wp-json\/wp\/v2\/posts"}],"about":[{"href":"https:\/\/www.europesays.com\/se\/wp-json\/wp\/v2\/types\/post"}],"author":[{"embeddable":true,"href":"https:\/\/www.europesays.com\/se\/wp-json\/wp\/v2\/users\/2"}],"replies":[{"embeddable":true,"href":"https:\/\/www.europesays.com\/se\/wp-json\/wp\/v2\/comments?post=121178"}],"version-history":[{"count":0,"href":"https:\/\/www.europesays.com\/se\/wp-json\/wp\/v2\/posts\/121178\/revisions"}],"wp:featuredmedia":[{"embeddable":true,"href":"https:\/\/www.europesays.com\/se\/wp-json\/wp\/v2\/media\/121179"}],"wp:attachment":[{"href":"https:\/\/www.europesays.com\/se\/wp-json\/wp\/v2\/media?parent=121178"}],"wp:term":[{"taxonomy":"category","embeddable":true,"href":"https:\/\/www.europesays.com\/se\/wp-json\/wp\/v2\/categories?post=121178"},{"taxonomy":"post_tag","embeddable":true,"href":"https:\/\/www.europesays.com\/se\/wp-json\/wp\/v2\/tags?post=121178"}],"curies":[{"name":"wp","href":"https:\/\/api.w.org\/{rel}","templated":true}]}}