{"id":121180,"date":"2025-12-30T19:49:20","date_gmt":"2025-12-30T19:49:20","guid":{"rendered":"https:\/\/www.europesays.com\/se\/121180\/"},"modified":"2025-12-30T19:49:20","modified_gmt":"2025-12-30T19:49:20","slug":"kinesiska-raketer-foll-ned-i-vara-vatten","status":"publish","type":"post","link":"https:\/\/www.europesays.com\/se\/121180\/","title":{"rendered":"Kinesiska raketer f\u00f6ll ned i v\u00e5ra vatten"},"content":{"rendered":"<p>Taiwans f\u00f6rsvarsdepartement uppger att flera kinesiska raketer har fallit ned i landets territorialvatten, rapporterar Reuters. Raketerna ska ha landat i det omr\u00e5de som \u00e4r n\u00e4rmare Taiwan \u00e4n vad n\u00e5gon tidigare kinesisk milit\u00e4r\u00f6vning har varit.<\/p>\n<p>Incidenten verkar ha intr\u00e4ffat i samband med Kinas massiva milit\u00e4r\u00f6vning runt Taiwan, som p\u00e5b\u00f6rjades i\u202fg\u00e5r. Den kinesiska milit\u00e4r\u00f6vningen ses som en tydlig mark\u00f6r p\u00e5 att Kina \u00e4r mer f\u00f6rberett \u00e4n n\u00e5gonsin f\u00f6r krig med Taiwan.<\/p>\n<p>Kina uppges ha \u00f6vat p\u00e5 att genomf\u00f6ra en blockad mot \u00f6n, n\u00e5got som Taiwans milit\u00e4r under tisdagsmorgonen s\u00e4ger att man inte lyckats med.<\/p>\n<p>Omni \u00e4r politiskt obundna och oberoende. Vi str\u00e4var efter att ge fler perspektiv p\u00e5 nyheterna. Har du fr\u00e5gor eller synpunkter kring v\u00e5r rapportering? <a href=\"https:\/\/omni.se\/taiwan-kinesiska-raketer-foll-ned-i-vara-vatten\/a\/mailto:redaktion@omni.se\" class=\"ArticleActions_contactLink__W2F1M\" rel=\"nofollow noopener\" target=\"_blank\">Kontakta redaktionen<\/a><\/p>\n","protected":false},"excerpt":{"rendered":"Taiwans f\u00f6rsvarsdepartement uppger att flera kinesiska raketer har fallit ned i landets territorialvatten, rapporterar Reuters. Raketerna ska ha&hellip;\n","protected":false},"author":2,"featured_media":121181,"comment_status":"","ping_status":"","sticky":false,"template":"","format":"standard","meta":{"footnotes":""},"categories":[5],"tags":[420,22,23,26,27,17,21,549,2225,24,25,28,29,15,16,18,34,31,33,32,30,846,19,20],"class_list":{"0":"post-121180","1":"post","2":"type-post","3":"status-publish","4":"format-standard","5":"has-post-thumbnail","7":"category-rubriker","8":"tag-asien","9":"tag-breaking-news","10":"tag-breakingnews","11":"tag-featured-news","12":"tag-featurednews","13":"tag-headlines","14":"tag-huvudnyheter","15":"tag-kina","16":"tag-kinesisk-politik","17":"tag-latest-news","18":"tag-latestnews","19":"tag-main-news","20":"tag-mainnews","21":"tag-news","22":"tag-nyheter","23":"tag-rubriker","24":"tag-se","25":"tag-svenska","26":"tag-sverige","27":"tag-sweden","28":"tag-swedish","29":"tag-taiwan","30":"tag-top-stories","31":"tag-topstories"},"share_on_mastodon":{"url":"https:\/\/pubeurope.com\/@se\/115810255639146028","error":""},"_links":{"self":[{"href":"https:\/\/www.europesays.com\/se\/wp-json\/wp\/v2\/posts\/121180","targetHints":{"allow":["GET"]}}],"collection":[{"href":"https:\/\/www.europesays.com\/se\/wp-json\/wp\/v2\/posts"}],"about":[{"href":"https:\/\/www.europesays.com\/se\/wp-json\/wp\/v2\/types\/post"}],"author":[{"embeddable":true,"href":"https:\/\/www.europesays.com\/se\/wp-json\/wp\/v2\/users\/2"}],"replies":[{"embeddable":true,"href":"https:\/\/www.europesays.com\/se\/wp-json\/wp\/v2\/comments?post=121180"}],"version-history":[{"count":0,"href":"https:\/\/www.europesays.com\/se\/wp-json\/wp\/v2\/posts\/121180\/revisions"}],"wp:featuredmedia":[{"embeddable":true,"href":"https:\/\/www.europesays.com\/se\/wp-json\/wp\/v2\/media\/121181"}],"wp:attachment":[{"href":"https:\/\/www.europesays.com\/se\/wp-json\/wp\/v2\/media?parent=121180"}],"wp:term":[{"taxonomy":"category","embeddable":true,"href":"https:\/\/www.europesays.com\/se\/wp-json\/wp\/v2\/categories?post=121180"},{"taxonomy":"post_tag","embeddable":true,"href":"https:\/\/www.europesays.com\/se\/wp-json\/wp\/v2\/tags?post=121180"}],"curies":[{"name":"wp","href":"https:\/\/api.w.org\/{rel}","templated":true}]}}