{"id":121182,"date":"2025-12-30T19:51:09","date_gmt":"2025-12-30T19:51:09","guid":{"rendered":"https:\/\/www.europesays.com\/se\/121182\/"},"modified":"2025-12-30T19:51:09","modified_gmt":"2025-12-30T19:51:09","slug":"vsks-publiksatsning-ny-tradition-vlt","status":"publish","type":"post","link":"https:\/\/www.europesays.com\/se\/121182\/","title":{"rendered":"VSK:s publiksatsning \u2013 ny tradition \u2013 VLT"},"content":{"rendered":"<p>Annandagen saknas vartannat \u00e5r p\u00e5 hemmais.<\/p>\n<p>P\u00e5 ny\u00e5rsafton satsar VSK p\u00e5 att locka publik till en ny tradition som ska fungera som ers\u00e4ttare.<\/p>\n<p>\u2013 Vad ska man annars g\u00f6ra p\u00e5 dagen p\u00e5 ny\u00e5r om inte g\u00e5 p\u00e5 bandy?, s\u00e4ger VSK:s kommunikationsansvarige Dan Kiwii Persson.<\/p>\n<p>VSK och Villa Lidk\u00f6ping har i flera \u00e5r p\u00e5 raken drabbat samman p\u00e5 annandagen. Bandyns h\u00f6gtidsdag beh\u00f6ver delas mellan lagen vilket betyder att vartannat \u00e5r blir det en l\u00e4ngre bortaresa f\u00f6r supportrar som vill vara p\u00e5 plats samt missade int\u00e4kter f\u00f6r klubben som spelar p\u00e5 bortaplan.<\/p>\n<p>Tekniskt fel<\/p>\n<p class=\"message__text txt-ui txt-ui-2\">V\u00e4nligen f\u00f6rs\u00f6k igen senare.<\/p>\n<p>Den h\u00e4r artikeln \u00e4r bara f\u00f6r prenumeranter<\/p>\n<p class=\"txt-body txt-body-1\">Om du redan \u00e4r prenumerant: logga in!<\/p>\n","protected":false},"excerpt":{"rendered":"Annandagen saknas vartannat \u00e5r p\u00e5 hemmais. P\u00e5 ny\u00e5rsafton satsar VSK p\u00e5 att locka publik till en ny tradition&hellip;\n","protected":false},"author":2,"featured_media":121183,"comment_status":"","ping_status":"","sticky":false,"template":"","format":"standard","meta":{"footnotes":""},"categories":[68],"tags":[34,111,110,31,33,32,30],"class_list":{"0":"post-121182","1":"post","2":"type-post","3":"status-publish","4":"format-standard","5":"has-post-thumbnail","7":"category-sport","8":"tag-se","9":"tag-sport","10":"tag-sports","11":"tag-svenska","12":"tag-sverige","13":"tag-sweden","14":"tag-swedish"},"share_on_mastodon":{"url":"https:\/\/pubeurope.com\/@se\/115810263476402402","error":""},"_links":{"self":[{"href":"https:\/\/www.europesays.com\/se\/wp-json\/wp\/v2\/posts\/121182","targetHints":{"allow":["GET"]}}],"collection":[{"href":"https:\/\/www.europesays.com\/se\/wp-json\/wp\/v2\/posts"}],"about":[{"href":"https:\/\/www.europesays.com\/se\/wp-json\/wp\/v2\/types\/post"}],"author":[{"embeddable":true,"href":"https:\/\/www.europesays.com\/se\/wp-json\/wp\/v2\/users\/2"}],"replies":[{"embeddable":true,"href":"https:\/\/www.europesays.com\/se\/wp-json\/wp\/v2\/comments?post=121182"}],"version-history":[{"count":0,"href":"https:\/\/www.europesays.com\/se\/wp-json\/wp\/v2\/posts\/121182\/revisions"}],"wp:featuredmedia":[{"embeddable":true,"href":"https:\/\/www.europesays.com\/se\/wp-json\/wp\/v2\/media\/121183"}],"wp:attachment":[{"href":"https:\/\/www.europesays.com\/se\/wp-json\/wp\/v2\/media?parent=121182"}],"wp:term":[{"taxonomy":"category","embeddable":true,"href":"https:\/\/www.europesays.com\/se\/wp-json\/wp\/v2\/categories?post=121182"},{"taxonomy":"post_tag","embeddable":true,"href":"https:\/\/www.europesays.com\/se\/wp-json\/wp\/v2\/tags?post=121182"}],"curies":[{"name":"wp","href":"https:\/\/api.w.org\/{rel}","templated":true}]}}