{"id":121184,"date":"2025-12-30T19:56:08","date_gmt":"2025-12-30T19:56:08","guid":{"rendered":"https:\/\/www.europesays.com\/se\/121184\/"},"modified":"2025-12-30T19:56:08","modified_gmt":"2025-12-30T19:56:08","slug":"olof-palme-international-center-losningen-stavas-solidaritet","status":"publish","type":"post","link":"https:\/\/www.europesays.com\/se\/121184\/","title":{"rendered":"Olof Palme International Center \u00bb L\u00f6sningen stavas solidaritet!"},"content":{"rendered":"<p><strong>2025 var ett turbulent \u00e5r p\u00e5 m\u00e5nga s\u00e4tt. <\/strong>Demokratin och folkr\u00f6relserna \u00e4r under systematisk attack \u2013 i v\u00e4rlden, i Europa och alltmer \u00e4ven i Sverige. Vi ser hur h\u00f6gerauktorit\u00e4ra krafter steg f\u00f6r steg flyttar gr\u00e4nserna f\u00f6r vad som \u00e4r acceptabelt i ett demokratiskt samh\u00e4lle.<\/p>\n<p>I Sverige har Tid\u00f6regeringen ocks\u00e5 tagit tydliga steg i den riktningen. Genom att misst\u00e4nkligg\u00f6ra civilsamh\u00e4llet, sk\u00e4ra ned folkbildningen och f\u00f6r\u00e4ndra bist\u00e5ndspolitiken f\u00f6rsv\u00e5rar man f\u00f6r fackliga och demokratiska r\u00f6relser att verka \u2013 b\u00e5de h\u00e4r hemma och globalt.<\/p>\n<p><strong>Vi p\u00e5 Palmecentret har redan drabbats <\/strong>av deras systematiska arbete. N\u00e4r bist\u00e5ndsministern i \u00e5r utesl\u00f6t oss fr\u00e5n uppdraget att st\u00f6dja fackf\u00f6reningar och civilsamh\u00e4llet runt om i v\u00e4rlden, var det ingen neutral handling. Det var ett direkt angrepp p\u00e5 arbetarr\u00f6relsens solidaritetsarbete.<\/p>\n<p>Det sl\u00e5r mot m\u00e4nniskor som Marites<strong>,<\/strong> en filppinsk migrantarbetare som f\u00e5tt juridiskt st\u00f6d f\u00f6r att kr\u00e4va ut obetalda m\u00e5nadsl\u00f6ner. Eller palestinska Yusra och Huda som f\u00e5tt l\u00e4ra sig att sy kl\u00e4der i ett s\u00f6nderbombat Gaza som en m\u00f6jlig inkomstk\u00e4lla.<\/p>\n<p>Det handlar om lantarbetares organisering f\u00f6r b\u00e4ttre arbetsvillkor i Zimbabwe. Textilarbetare i Nordmakedonien. Kvinnoorganisationer i s\u00f6dra Afrika som hj\u00e4lper v\u00e5ldsutsatta kvinnor och barn. Unga milj\u00f6f\u00f6rsvarare i Amazonas. Och m\u00e4nniskor\u00e4ttsorganisationer i Turkiet. F\u00f6r att n\u00e4mna n\u00e5gra exempel.<\/p>\n<p><strong>Och vi vet att det h\u00e4nger ihop.<\/strong> Att n\u00e4r r\u00e4tten att organisera sig hotas, medier tystas och civilsamh\u00e4llet pressas tillbaka, f\u00f6ljer s\u00e4mre arbetsvillkor och \u00f6kade klyftor. F\u00f6r varje m\u00e4nniskor\u00e4ttsk\u00e4mpe och facklig ledare som f\u00e4ngslas och tystas i andra delar av v\u00e4rlden, f\u00f6rsvagas ocks\u00e5 v\u00e5ra egna m\u00f6jligheter att f\u00f6rsvara demokrati och anst\u00e4ndiga villkor.<\/p>\n<p><strong>V\u00e5rt svar m\u00e5ste d\u00e4rf\u00f6r vara tydligt: vi backar inte.<\/strong> Vi m\u00e5ste tillsammans st\u00e5 upp mot h\u00f6gerauktorit\u00e4ra krafters f\u00f6rs\u00f6k till splittring. H\u00e4r hemma och globalt. Det handlar inte bara om andras liv, utan ocks\u00e5 om v\u00e5r gemensamma framtid.<\/p>\n<p>S\u00e5 stort tack till dig som har varit med oss under \u00e5ret. Som \u00e4r m\u00e5nadsgivare eller har sk\u00e4nkt g\u00e5vor. Som har startat en insamling p\u00e5 \u00e5rsm\u00f6ten och kongresser. Som har skrivit en ins\u00e4ndare eller inl\u00e4gg i sociala medier. Som har peppat i kommentarsf\u00e4lt. Ditt st\u00f6d f\u00f6r Palmecentrets solidaritetsarbete \u00e4r ov\u00e4rderligt f\u00f6r att vi ska kunna forts\u00e4tta verka. Och det \u00e4r kraft och energi som vi tar med oss in i det nya \u00e5ret.<\/p>\n<p><strong>F\u00f6r l\u00f6sningen p\u00e5 den auktorit\u00e4ra utvecklingen, den stavas solidaritet.<\/strong><\/p>\n<p><strong>Gott Nytt \u00c5r!<\/strong><\/p>\n<p><strong>\u2013 Oscar Ernerot<\/strong>, generalsekreterare Olof Palmes Internationella Center<\/p>\n<p><a href=\"https:\/\/insamling.palmecenter.se\/pfs\/donation\/--palmecentrets-solidaritetsarbete?interval=onetimelock&amp;grouplock=1\" target=\"_blank\" rel=\"noopener nofollow\">Ge en g\u00e5va!<\/a><\/p>\n<p><a href=\"https:\/\/insamling.palmecenter.se\/pfs\/donation?interval=recurringlock\" target=\"_blank\" rel=\"noopener nofollow\">Bli m\u00e5nadsgivare<\/a><\/p>\n","protected":false},"excerpt":{"rendered":"2025 var ett turbulent \u00e5r p\u00e5 m\u00e5nga s\u00e4tt. Demokratin och folkr\u00f6relserna \u00e4r under systematisk attack \u2013 i v\u00e4rlden,&hellip;\n","protected":false},"author":2,"featured_media":121185,"comment_status":"","ping_status":"","sticky":false,"template":"","format":"standard","meta":{"footnotes":""},"categories":[12],"tags":[22,23,26,27,17,21,24,25,28,29,15,16,18,34,31,33,32,30,19,20],"class_list":{"0":"post-121184","1":"post","2":"type-post","3":"status-publish","4":"format-standard","5":"has-post-thumbnail","7":"category-sverige","8":"tag-breaking-news","9":"tag-breakingnews","10":"tag-featured-news","11":"tag-featurednews","12":"tag-headlines","13":"tag-huvudnyheter","14":"tag-latest-news","15":"tag-latestnews","16":"tag-main-news","17":"tag-mainnews","18":"tag-news","19":"tag-nyheter","20":"tag-rubriker","21":"tag-se","22":"tag-svenska","23":"tag-sverige","24":"tag-sweden","25":"tag-swedish","26":"tag-top-stories","27":"tag-topstories"},"share_on_mastodon":{"url":"https:\/\/pubeurope.com\/@se\/115810283259794298","error":""},"_links":{"self":[{"href":"https:\/\/www.europesays.com\/se\/wp-json\/wp\/v2\/posts\/121184","targetHints":{"allow":["GET"]}}],"collection":[{"href":"https:\/\/www.europesays.com\/se\/wp-json\/wp\/v2\/posts"}],"about":[{"href":"https:\/\/www.europesays.com\/se\/wp-json\/wp\/v2\/types\/post"}],"author":[{"embeddable":true,"href":"https:\/\/www.europesays.com\/se\/wp-json\/wp\/v2\/users\/2"}],"replies":[{"embeddable":true,"href":"https:\/\/www.europesays.com\/se\/wp-json\/wp\/v2\/comments?post=121184"}],"version-history":[{"count":0,"href":"https:\/\/www.europesays.com\/se\/wp-json\/wp\/v2\/posts\/121184\/revisions"}],"wp:featuredmedia":[{"embeddable":true,"href":"https:\/\/www.europesays.com\/se\/wp-json\/wp\/v2\/media\/121185"}],"wp:attachment":[{"href":"https:\/\/www.europesays.com\/se\/wp-json\/wp\/v2\/media?parent=121184"}],"wp:term":[{"taxonomy":"category","embeddable":true,"href":"https:\/\/www.europesays.com\/se\/wp-json\/wp\/v2\/categories?post=121184"},{"taxonomy":"post_tag","embeddable":true,"href":"https:\/\/www.europesays.com\/se\/wp-json\/wp\/v2\/tags?post=121184"}],"curies":[{"name":"wp","href":"https:\/\/api.w.org\/{rel}","templated":true}]}}