{"id":121193,"date":"2025-12-30T20:07:09","date_gmt":"2025-12-30T20:07:09","guid":{"rendered":"https:\/\/www.europesays.com\/se\/121193\/"},"modified":"2025-12-30T20:07:09","modified_gmt":"2025-12-30T20:07:09","slug":"svensk-travsport-andrar-i-tavlingsreglementet-har-ar-nyheterna-2026","status":"publish","type":"post","link":"https:\/\/www.europesays.com\/se\/121193\/","title":{"rendered":"Svensk Travsport \u00e4ndrar i t\u00e4vlingsreglementet \u2013 h\u00e4r \u00e4r nyheterna 2026"},"content":{"rendered":"<p>F\u00f6rbundet \u00e4ndrar i t\u00e4vlingsreglementet \u2022 Adielsson: \u201d\u00c4rligt f\u00f6rs\u00f6k att st\u00e4vja det\u201d<a data-test-tag=\"internal-link\" href=\"https:\/\/www.aftonbladet.se\/av\/daniel-soderback\" class=\"hyperion-css-13ns1rr\" rel=\"nofollow noopener\" target=\"\" aria-label=\"Se alla artiklar av Daniel S\u00f6derb\u00e4ck\"><img decoding=\"async\" class=\"image-asset hyperion-css-n6kkq1\" data-test-tag=\"image-asset\" src=\"https:\/\/www.europesays.com\/se\/wp-content\/uploads\/2025\/12\/1767125229_46_8beae7be-3be2-45da-b868-a42c79c28435.png\"  alt=\"\"  loading=\"lazy\" fetchpriority=\"auto\" style=\"aspect-ratio:1900 \/ 1900\"\/><\/a>share-arrowDela<\/p>\n<p>unsaveSpara<\/p>\n<p>expand-left<\/p>\n<p>helsk\u00e4rm<img decoding=\"async\" class=\"image-asset hyperion-css-u06ts1\" data-test-tag=\"image-asset\" src=\"https:\/\/www.europesays.com\/se\/wp-content\/uploads\/2025\/12\/3e8422b9-022f-4aef-93a1-d1cf9087bdaa.jpeg\"  alt=\"Svensk Travsports domarchef Erik Adielsson.\"  loading=\"eager\" fetchpriority=\"high\" style=\"aspect-ratio:1200 \/ 600\"\/>Svensk Travsports domarchef Erik Adielsson. Foto: Atg Play<\/p>\n<p class=\"hyperion-css-1shl3oz\" data-test-tag=\"lead-text\">F\u00f6rbundet Svensk Travsport \u00e4ndrar i sitt t\u00e4vlingsreglemente.<\/p>\n<p class=\"hyperion-css-1shl3oz\" data-test-tag=\"lead-text\">Fr\u00e5n och med \u00e5rsskiftet kan man inte som kusk beordra omstart f\u00f6r rycktussar som fallit ur, fel p\u00e5 skygglapp p\u00e5 norskt huvudlag samt f\u00f6r\u00e4ndring av utrustning som inte g\u00e5tt s\u00f6nder eller fallit av h\u00e4sten.<\/p>\n<p class=\"hyperion-css-1shl3oz\" data-test-tag=\"lead-text\">Bryter kusken mot reglerna blir det b\u00f6ter p\u00e5 2 000 kronor och upp\u00e5t.<\/p>\n<p class=\"hyperion-css-1shl3oz\" data-test-tag=\"lead-text\">\u2013 Det \u00e4r ett \u00e4rligt och allvarligt f\u00f6rs\u00f6k att f\u00f6rs\u00f6ka st\u00e4vja det h\u00e4r, s\u00e4ger Svensk Travsports domarchef Erik Adielsson.<\/p>\n<p class=\"hyperion-css-1v9qo5x\">Fr\u00e5n och med den 1 januari kommer Svensk Travsports f\u00f6r\u00e4ndringar att tr\u00e4da i kraft.<\/p>\n<p class=\"hyperion-css-1v9qo5x\">I t\u00e4vlingsreglementet sker bland annat en nyhet vad som \u00e4r giltigt materialfel f\u00f6r att beordra en omstart inf\u00f6r loppet.<\/p>\n<p class=\"hyperion-css-1v9qo5x\"><a aria-label=\"P\u00e5 f\u00f6rbundets hemsida\" class=\"sportbladet hyperion-css-15jkft9\" href=\"https:\/\/www.travsport.se\/arkiv\/nyheter\/2025\/december\/nya-reglementen-galler-fran-och-med-1-januari-2026\/\" rel=\"noopener nofollow noreferrer\" data-test-tag=\"external-link\" target=\"_blank\">P\u00e5 f\u00f6rbundets hemsida<\/a> g\u00f6r man ett klarg\u00f6rande:<\/p>\n<p class=\"hyperion-css-1v9qo5x\">\u201dUppst\u00e5r materialfel p\u00e5 ett ekipage kan omstart beordras. I denna \u00e4ndring f\u00f6rtydligas i till\u00e4mpningsanvisningarna vilka materialfel som inte leder till omstart. Det omfattar s\u00e5 kallade \u201drycktussar\u201d som fallit ur, fel p\u00e5 skygglapp p\u00e5 norskt huvudlag samt f\u00f6r\u00e4ndring av utrustning som inte g\u00e5tt s\u00f6nder eller fallit av h\u00e4sten\u201d.<\/p>\n<p>\u201dD\u00e5 blir det b\u00f6ter\u201d<\/p>\n<p class=\"hyperion-css-1v9qo5x\">Svensk Travsports domarchef <a data-test-tag=\"internal-link\" href=\"https:\/\/www.aftonbladet.se\/tagg\/erik-adielsson\" class=\"hyperion-css-15jkft9\" rel=\"nofollow noopener\" target=\"\" aria-label=\"Erik Adielsson\" theme=\"sportbladet\">Erik Adielsson<\/a> ber\u00e4ttar om f\u00f6r\u00e4ndringen.<\/p>\n<p class=\"hyperion-css-1v9qo5x\">\u2013 Enkelt kan man f\u00f6rklara att den utrustningen du defilerar med \u00e4r den du k\u00f6r med i loppet, s\u00e4ger <a aria-label=\"han i ATG Play\" class=\"sportbladet hyperion-css-15jkft9\" href=\"https:\/\/www.atg.se\/play\/video\/2439340613430\/2025-12-29_nyheterifransvensktravsport?kategori=start\" rel=\"noopener nofollow noreferrer\" data-test-tag=\"external-link\" target=\"_blank\">han i ATG Play<\/a> och forts\u00e4tter:<\/p>\n<p class=\"hyperion-css-1v9qo5x\">\u2013 Sj\u00e4lvklart kan du fortfarande stoppa i en bomullstuss, du kan f\u00e4lla upp en \u201dnorsk\u201d, du kan l\u00e4gga p\u00e5 ett par extra boots om h\u00e4sten beh\u00f6ver det. Men inte s\u00e5 du avbryter starten. D\u00e5 blir det b\u00f6ter.<\/p>\n<p>\u201d\u00d6ppna f\u00f6r inspel\u201d<\/p>\n<p class=\"hyperion-css-1v9qo5x\">B\u00f6terna kommer b\u00f6rja p\u00e5 2 000 kronor och sedan kommer det vara en stigande skala beroende p\u00e5 f\u00f6rstapriset i loppet. Och det \u00e4r ber\u00f6rd kusk som kommer bestraffas.<\/p>\n<p class=\"hyperion-css-1v9qo5x\">\u2013 B\u00f6terna kommer att vara relativt h\u00e5rda skulle jag s\u00e4ga. Man vill inte smeta ut massa b\u00f6ter, men det m\u00e5ste vara tillr\u00e4ckligt h\u00e5rt f\u00f6r att man ska akta sig f\u00f6r det, s\u00e4ger han.<\/p>\n<p class=\"hyperion-css-1v9qo5x\">Han \u00e4r dock medveten om att nya regeln f\u00f6rmodligen inte kommer funka prickfritt till en b\u00f6rjan.<\/p>\n<p class=\"hyperion-css-1v9qo5x\">\u2013 Jag tror inte det kommer fungera perfekt f\u00f6rsta veckorna, det \u00e4r s\u00e4llan s\u00e5 med nya regler. Vi \u00e4r \u00f6ppna f\u00f6r inspel. \u00c4r det n\u00e5got som vi m\u00e4rker att marknaden (dom aktiva) hatar, d\u00e5 kan vi anpassa det. Men det \u00e4r ett \u00e4rligt och allvarligt f\u00f6rs\u00f6k att f\u00f6rs\u00f6ka st\u00e4vja det h\u00e4r.<\/p>\n<p>check Nyheter i Svensk Travsports reglemente 2026:<\/p>\n<p class=\"hyperion-css-1v9qo5x\">check <strong>Klarg\u00f6rande kring position vid VOLTstart<\/strong><\/p>\n<p class=\"hyperion-css-1v9qo5x\">N\u00e5gra tydligg\u00f6randen i till\u00e4mpningsanvisningarna vid startsituationen.<\/p>\n<p class=\"hyperion-css-1v9qo5x\">Efter kommandoordet \u201cklart\u201d f\u00e5r utrymme om cirka 10 meter av bakomvarande volt\/f\u00e5lla disponeras.<\/p>\n<p class=\"hyperion-css-1v9qo5x\">Vid strykning av h\u00e4st med startsp\u00e5r 1 eller 2 bibeh\u00e5ller dock h\u00e4st med sp\u00e5r 3 detta i volten, f\u00f6r att sedan i start\u00f6gonblicket anv\u00e4nda sp\u00e5r n\u00e4rmast h\u00e4st med l\u00e4gre startsp\u00e5r. Stryks h\u00e4starna med startsp\u00e5r 1 och 2 flyttas h\u00e4st med startsp\u00e5r 3 till startsp\u00e5r 1.<\/p>\n<p class=\"hyperion-css-1v9qo5x\">check <strong>Till\u00e4gg kring positiva alkohol- och drogtest<\/strong><\/p>\n<p class=\"hyperion-css-1v9qo5x\">En person som testat positivt f\u00f6r alkohol, droger eller annat berusningsmedel och som f\u00f6rbjudits att delta under t\u00e4vlingsdag, ska uppvisa ett negativt alkohol- eller drogtest innan personen \u00e5ter f\u00e5r v\u00e4rma h\u00e4st inf\u00f6r t\u00e4vling.<\/p>\n<p class=\"hyperion-css-1v9qo5x\">check <strong>F\u00f6rtydligande kring \u00f6verl\u00e4mning av information och dokumentation till Svensk Travsport<\/strong><\/p>\n<p class=\"hyperion-css-1v9qo5x\">Samt insk\u00e4rpning av att person som inte efterlever direktivet ska bestraffas.<\/p>\n<p class=\"hyperion-css-1v9qo5x\">check <strong>Vidgning av samarbetsparagrafen till att inkludera grov oaktsamhet.<\/strong><\/p>\n<p class=\"hyperion-css-1v9qo5x\">Svensk Travsport har tre olika reglementen som reglerar sporten: t\u00e4vlingsreglementet, avels- och registreringsreglementet och antidopningsreglementet.<\/p>\n<p class=\"hyperion-css-1v9qo5x\">check <a class=\"sportbladet hyperion-css-15jkft9\" href=\"https:\/\/www.travsport.se\/arkiv\/nyheter\/2025\/december\/nya-reglementen-galler-fran-och-med-1-januari-2026\/\" rel=\"noopener nofollow noreferrer\" data-test-tag=\"external-link\" target=\"_blank\"><strong>H\u00e4r kan du l\u00e4sa alla \u00e4ndringar.<\/strong><\/a><strong> [Extern l\u00e4nk]<\/strong><\/p>\n","protected":false},"excerpt":{"rendered":"F\u00f6rbundet \u00e4ndrar i t\u00e4vlingsreglementet \u2022 Adielsson: \u201d\u00c4rligt f\u00f6rs\u00f6k att st\u00e4vja det\u201dshare-arrowDela unsaveSpara expand-left helsk\u00e4rmSvensk Travsports domarchef Erik Adielsson.&hellip;\n","protected":false},"author":2,"featured_media":121194,"comment_status":"","ping_status":"","sticky":false,"template":"","format":"standard","meta":{"footnotes":""},"categories":[68],"tags":[34,111,110,31,33,32,30],"class_list":{"0":"post-121193","1":"post","2":"type-post","3":"status-publish","4":"format-standard","5":"has-post-thumbnail","7":"category-sport","8":"tag-se","9":"tag-sport","10":"tag-sports","11":"tag-svenska","12":"tag-sverige","13":"tag-sweden","14":"tag-swedish"},"share_on_mastodon":{"url":"https:\/\/pubeurope.com\/@se\/115810326528183618","error":""},"_links":{"self":[{"href":"https:\/\/www.europesays.com\/se\/wp-json\/wp\/v2\/posts\/121193","targetHints":{"allow":["GET"]}}],"collection":[{"href":"https:\/\/www.europesays.com\/se\/wp-json\/wp\/v2\/posts"}],"about":[{"href":"https:\/\/www.europesays.com\/se\/wp-json\/wp\/v2\/types\/post"}],"author":[{"embeddable":true,"href":"https:\/\/www.europesays.com\/se\/wp-json\/wp\/v2\/users\/2"}],"replies":[{"embeddable":true,"href":"https:\/\/www.europesays.com\/se\/wp-json\/wp\/v2\/comments?post=121193"}],"version-history":[{"count":0,"href":"https:\/\/www.europesays.com\/se\/wp-json\/wp\/v2\/posts\/121193\/revisions"}],"wp:featuredmedia":[{"embeddable":true,"href":"https:\/\/www.europesays.com\/se\/wp-json\/wp\/v2\/media\/121194"}],"wp:attachment":[{"href":"https:\/\/www.europesays.com\/se\/wp-json\/wp\/v2\/media?parent=121193"}],"wp:term":[{"taxonomy":"category","embeddable":true,"href":"https:\/\/www.europesays.com\/se\/wp-json\/wp\/v2\/categories?post=121193"},{"taxonomy":"post_tag","embeddable":true,"href":"https:\/\/www.europesays.com\/se\/wp-json\/wp\/v2\/tags?post=121193"}],"curies":[{"name":"wp","href":"https:\/\/api.w.org\/{rel}","templated":true}]}}