{"id":121195,"date":"2025-12-30T20:10:07","date_gmt":"2025-12-30T20:10:07","guid":{"rendered":"https:\/\/www.europesays.com\/se\/121195\/"},"modified":"2025-12-30T20:10:07","modified_gmt":"2025-12-30T20:10:07","slug":"hot-mot-bankanstallda-efter-kuppen-i-tyskland","status":"publish","type":"post","link":"https:\/\/www.europesays.com\/se\/121195\/","title":{"rendered":"Hot mot bankanst\u00e4llda efter kuppen i Tyskland"},"content":{"rendered":"<p>Banken i tyska Gelsenkirchen d\u00e4r r\u00e5nare kom \u00f6ver motsvarande hundratals miljoner kronor h\u00e5ller st\u00e4ngt av s\u00e4kerhetssk\u00e4l, rapporterar AFP. P\u00e5 tisdagskv\u00e4llen svensk tid s\u00e4ger en polisk\u00e4lla att l\u00e4get har lugnat sig men att \u201dmissn\u00f6jda kunder\u201d befinner sig utanf\u00f6r lokalen, och att hot riktats mot personalen. <\/p>\n<p>R\u00e5narna borrade sig in i bankvalvet och g\u00e4rningsm\u00e4nnen \u00e4r alltj\u00e4mt p\u00e5 fri fot.<\/p>\n<p>\u2013 Det var mycket professionellt, s\u00e4ger k\u00e4llan som menar att kuppen f\u00f6r tankarna till klassikerfilmen \u201dOcean&#8217;s eleven\u201d. <\/p>\n<p>Omni \u00e4r politiskt obundna och oberoende. Vi str\u00e4var efter att ge fler perspektiv p\u00e5 nyheterna. Har du fr\u00e5gor eller synpunkter kring v\u00e5r rapportering? <a href=\"https:\/\/omni.se\/hot-mot-bankanstallda-efter-kuppen-i-tyskland\/a\/mailto:redaktion@omni.se\" class=\"ArticleActions_contactLink__W2F1M\" rel=\"nofollow noopener\" target=\"_blank\">Kontakta redaktionen<\/a><\/p>\n","protected":false},"excerpt":{"rendered":"Banken i tyska Gelsenkirchen d\u00e4r r\u00e5nare kom \u00f6ver motsvarande hundratals miljoner kronor h\u00e5ller st\u00e4ngt av s\u00e4kerhetssk\u00e4l, rapporterar AFP.&hellip;\n","protected":false},"author":2,"featured_media":121196,"comment_status":"","ping_status":"","sticky":false,"template":"","format":"standard","meta":{"footnotes":""},"categories":[65],"tags":[72,70,71,267,34,31,33,32,30,408],"class_list":{"0":"post-121195","1":"post","2":"type-post","3":"status-publish","4":"format-standard","5":"has-post-thumbnail","7":"category-ekonomi","8":"tag-business","9":"tag-economy","10":"tag-ekonomi","11":"tag-europa","12":"tag-se","13":"tag-svenska","14":"tag-sverige","15":"tag-sweden","16":"tag-swedish","17":"tag-tyskland"},"share_on_mastodon":{"url":"https:\/\/pubeurope.com\/@se\/115810338249523050","error":""},"_links":{"self":[{"href":"https:\/\/www.europesays.com\/se\/wp-json\/wp\/v2\/posts\/121195","targetHints":{"allow":["GET"]}}],"collection":[{"href":"https:\/\/www.europesays.com\/se\/wp-json\/wp\/v2\/posts"}],"about":[{"href":"https:\/\/www.europesays.com\/se\/wp-json\/wp\/v2\/types\/post"}],"author":[{"embeddable":true,"href":"https:\/\/www.europesays.com\/se\/wp-json\/wp\/v2\/users\/2"}],"replies":[{"embeddable":true,"href":"https:\/\/www.europesays.com\/se\/wp-json\/wp\/v2\/comments?post=121195"}],"version-history":[{"count":0,"href":"https:\/\/www.europesays.com\/se\/wp-json\/wp\/v2\/posts\/121195\/revisions"}],"wp:featuredmedia":[{"embeddable":true,"href":"https:\/\/www.europesays.com\/se\/wp-json\/wp\/v2\/media\/121196"}],"wp:attachment":[{"href":"https:\/\/www.europesays.com\/se\/wp-json\/wp\/v2\/media?parent=121195"}],"wp:term":[{"taxonomy":"category","embeddable":true,"href":"https:\/\/www.europesays.com\/se\/wp-json\/wp\/v2\/categories?post=121195"},{"taxonomy":"post_tag","embeddable":true,"href":"https:\/\/www.europesays.com\/se\/wp-json\/wp\/v2\/tags?post=121195"}],"curies":[{"name":"wp","href":"https:\/\/api.w.org\/{rel}","templated":true}]}}