{"id":121199,"date":"2025-12-30T20:13:11","date_gmt":"2025-12-30T20:13:11","guid":{"rendered":"https:\/\/www.europesays.com\/se\/121199\/"},"modified":"2025-12-30T20:13:11","modified_gmt":"2025-12-30T20:13:11","slug":"ny-orange-vadervarning-hard-vind-och-kraftigt-snofall-vantas-pa-nyarsdagen","status":"publish","type":"post","link":"https:\/\/www.europesays.com\/se\/121199\/","title":{"rendered":"Ny orange v\u00e4dervarning \u2013 h\u00e5rd vind och kraftigt sn\u00f6fall v\u00e4ntas p\u00e5 ny\u00e5rsdagen"},"content":{"rendered":"<p class=\"normal\">Prognosen s\u00e4ger att 20-40 centimeter sn\u00f6 kommer att falla, lokalt kanske \u00e4nnu mer. Det kommer f\u00f6rmodligen att p\u00e5verka framkomligheten.<\/p>\n<p class=\"normal\">Vinden blir kraftig, lokalt med stormstyrka i byarna.<\/p>\n<p class=\"normal\">B\u00e5de vinden och det kraftiga sn\u00f6fallet blir en ytterligare belastning p\u00e5 tr\u00e4d som skadades, men inte f\u00f6ll n\u00e4r stormen Johannes drog fram den 27 december. Risken \u00e4r stor att tr\u00e4d p\u00e5 nytt faller \u00f6ver elledningar, v\u00e4gar och byggnader.<\/p>\n<p class=\"normal\"><strong>T\u00e4nk p\u00e5:<\/strong><\/p>\n<ul class=\" normal\">\n<li>Undvik att ge dig ut i trafiken p\u00e5 ny\u00e5rsdagen. Kan du stanna hemma, s\u00e5 g\u00f6r det.<\/li>\n<li>G\u00f6r eventuella ink\u00f6p p\u00e5 ny\u00e5rsafton. Se till s\u00e5 att du har mat, varma kl\u00e4der, eventuella mediciner, ljus och batterier s\u00e5 att du klarar dig om elen f\u00f6rsvinner.<\/li>\n<li>Ladda mobiltelefoner och powerbanks.<\/li>\n<li>Tappa g\u00e4rna upp f\u00e4rskvatten.<\/li>\n<li>Str\u00f6ml\u00f6s i n\u00e5gra dagar och beh\u00f6ver duscha? H\u00f6gsl\u00e4ttens sportcentrum p\u00e5<br \/>Br\u00e4nnav\u00e4gen 166 har \u00f6ppet enligt f\u00f6ljande:<br \/><strong>\u00d6ppet f\u00f6r dusch (omkl\u00e4dningsrum 13 &amp; 14):<br \/><\/strong>Ny\u00e5rsafton 31\/12: kl. 08.00\u201320.00<br \/>Ny\u00e5rsdagen 1\/1: kl. 08.00\u201315.30<br \/>Vardagar: kl. 07.00\u201322.00<br \/>Helger: kl. 08.00\u201320.00<br \/>Duscharna \u00e4r \u00f6ppna f\u00f6r allm\u00e4nheten och riktar sig s\u00e4rskilt till personer som saknar el och varmvatten i sina bost\u00e4der. Personal finns p\u00e5 plats.<\/li>\n<\/ul>\n<p class=\"normal\"><strong>H\u00e5ll dig uppdaterad:<\/strong><\/p>\n","protected":false},"excerpt":{"rendered":"Prognosen s\u00e4ger att 20-40 centimeter sn\u00f6 kommer att falla, lokalt kanske \u00e4nnu mer. Det kommer f\u00f6rmodligen att p\u00e5verka&hellip;\n","protected":false},"author":2,"featured_media":121200,"comment_status":"","ping_status":"","sticky":false,"template":"","format":"standard","meta":{"footnotes":""},"categories":[5],"tags":[22,23,12673,26,27,17,21,24,25,28,29,15,16,12818,18,34,12864,12865,10532,31,33,32,30,19,20,693,12671],"class_list":{"0":"post-121199","1":"post","2":"type-post","3":"status-publish","4":"format-standard","5":"has-post-thumbnail","7":"category-rubriker","8":"tag-breaking-news","9":"tag-breakingnews","10":"tag-elavbrott","11":"tag-featured-news","12":"tag-featurednews","13":"tag-headlines","14":"tag-huvudnyheter","15":"tag-latest-news","16":"tag-latestnews","17":"tag-main-news","18":"tag-mainnews","19":"tag-news","20":"tag-nyheter","21":"tag-ovader","22":"tag-rubriker","23":"tag-se","24":"tag-sno","25":"tag-snokaos","26":"tag-storm","27":"tag-svenska","28":"tag-sverige","29":"tag-sweden","30":"tag-swedish","31":"tag-top-stories","32":"tag-topstories","33":"tag-vader","34":"tag-vadervarning"},"share_on_mastodon":{"url":"https:\/\/pubeurope.com\/@se\/115810350032983331","error":""},"_links":{"self":[{"href":"https:\/\/www.europesays.com\/se\/wp-json\/wp\/v2\/posts\/121199","targetHints":{"allow":["GET"]}}],"collection":[{"href":"https:\/\/www.europesays.com\/se\/wp-json\/wp\/v2\/posts"}],"about":[{"href":"https:\/\/www.europesays.com\/se\/wp-json\/wp\/v2\/types\/post"}],"author":[{"embeddable":true,"href":"https:\/\/www.europesays.com\/se\/wp-json\/wp\/v2\/users\/2"}],"replies":[{"embeddable":true,"href":"https:\/\/www.europesays.com\/se\/wp-json\/wp\/v2\/comments?post=121199"}],"version-history":[{"count":0,"href":"https:\/\/www.europesays.com\/se\/wp-json\/wp\/v2\/posts\/121199\/revisions"}],"wp:featuredmedia":[{"embeddable":true,"href":"https:\/\/www.europesays.com\/se\/wp-json\/wp\/v2\/media\/121200"}],"wp:attachment":[{"href":"https:\/\/www.europesays.com\/se\/wp-json\/wp\/v2\/media?parent=121199"}],"wp:term":[{"taxonomy":"category","embeddable":true,"href":"https:\/\/www.europesays.com\/se\/wp-json\/wp\/v2\/categories?post=121199"},{"taxonomy":"post_tag","embeddable":true,"href":"https:\/\/www.europesays.com\/se\/wp-json\/wp\/v2\/tags?post=121199"}],"curies":[{"name":"wp","href":"https:\/\/api.w.org\/{rel}","templated":true}]}}