{"id":121201,"date":"2025-12-30T20:22:18","date_gmt":"2025-12-30T20:22:18","guid":{"rendered":"https:\/\/www.europesays.com\/se\/121201\/"},"modified":"2025-12-30T20:22:18","modified_gmt":"2025-12-30T20:22:18","slug":"ovadret-kvar-pa-faro-hela-dagen-enligt-smhi","status":"publish","type":"post","link":"https:\/\/www.europesays.com\/se\/121201\/","title":{"rendered":"Ov\u00e4dret kvar p\u00e5 F\u00e5r\u00f6 hela dagen enligt SMHI"},"content":{"rendered":"<p>Knappt hade helgens storm Johannes b\u00f6rjat bedarra, s\u00e5 var det dags igen. P\u00e5 m\u00e5ndagskv\u00e4llen b\u00f6rjade vinden tillta, fr\u00e4mst \u00f6ver norra Gotland. Bes\u00e4ttningen p\u00e5 F\u00e5r\u00f6f\u00e4rjan f\u00f6rs\u00f6kte l\u00e4gga till, men fick avbryta f\u00f6rs\u00f6ket klockan 07 och v\u00e4nda tilbaka til F\u00e5r\u00f6sund.Nu inv\u00e4ntar man att ov\u00e4dret ska l\u00e4gga sig. Den v\u00e4ntan kan bli l\u00e5ng, enligt SMHI.\u2013 I natt vid klockan 02 hade vi 2<\/p>\n","protected":false},"excerpt":{"rendered":"Knappt hade helgens storm Johannes b\u00f6rjat bedarra, s\u00e5 var det dags igen. P\u00e5 m\u00e5ndagskv\u00e4llen b\u00f6rjade vinden tillta, fr\u00e4mst&hellip;\n","protected":false},"author":2,"featured_media":121202,"comment_status":"","ping_status":"","sticky":false,"template":"","format":"standard","meta":{"footnotes":""},"categories":[12],"tags":[22,23,26,27,17,21,24,25,28,29,15,16,18,34,31,33,32,30,19,20],"class_list":{"0":"post-121201","1":"post","2":"type-post","3":"status-publish","4":"format-standard","5":"has-post-thumbnail","7":"category-sverige","8":"tag-breaking-news","9":"tag-breakingnews","10":"tag-featured-news","11":"tag-featurednews","12":"tag-headlines","13":"tag-huvudnyheter","14":"tag-latest-news","15":"tag-latestnews","16":"tag-main-news","17":"tag-mainnews","18":"tag-news","19":"tag-nyheter","20":"tag-rubriker","21":"tag-se","22":"tag-svenska","23":"tag-sverige","24":"tag-sweden","25":"tag-swedish","26":"tag-top-stories","27":"tag-topstories"},"share_on_mastodon":{"url":"https:\/\/pubeurope.com\/@se\/115810385431361709","error":""},"_links":{"self":[{"href":"https:\/\/www.europesays.com\/se\/wp-json\/wp\/v2\/posts\/121201","targetHints":{"allow":["GET"]}}],"collection":[{"href":"https:\/\/www.europesays.com\/se\/wp-json\/wp\/v2\/posts"}],"about":[{"href":"https:\/\/www.europesays.com\/se\/wp-json\/wp\/v2\/types\/post"}],"author":[{"embeddable":true,"href":"https:\/\/www.europesays.com\/se\/wp-json\/wp\/v2\/users\/2"}],"replies":[{"embeddable":true,"href":"https:\/\/www.europesays.com\/se\/wp-json\/wp\/v2\/comments?post=121201"}],"version-history":[{"count":0,"href":"https:\/\/www.europesays.com\/se\/wp-json\/wp\/v2\/posts\/121201\/revisions"}],"wp:featuredmedia":[{"embeddable":true,"href":"https:\/\/www.europesays.com\/se\/wp-json\/wp\/v2\/media\/121202"}],"wp:attachment":[{"href":"https:\/\/www.europesays.com\/se\/wp-json\/wp\/v2\/media?parent=121201"}],"wp:term":[{"taxonomy":"category","embeddable":true,"href":"https:\/\/www.europesays.com\/se\/wp-json\/wp\/v2\/categories?post=121201"},{"taxonomy":"post_tag","embeddable":true,"href":"https:\/\/www.europesays.com\/se\/wp-json\/wp\/v2\/tags?post=121201"}],"curies":[{"name":"wp","href":"https:\/\/api.w.org\/{rel}","templated":true}]}}