{"id":121205,"date":"2025-12-30T20:30:12","date_gmt":"2025-12-30T20:30:12","guid":{"rendered":"https:\/\/www.europesays.com\/se\/121205\/"},"modified":"2025-12-30T20:30:12","modified_gmt":"2025-12-30T20:30:12","slug":"sa-mycket-far-regionerna-fran-effektivitetsdelegationen-lakartidningen","status":"publish","type":"post","link":"https:\/\/www.europesays.com\/se\/121205\/","title":{"rendered":"S\u00e5 mycket f\u00e5r regionerna fr\u00e5n effektivitets\u00addelegationen \u2013 L\u00e4kartidningen"},"content":{"rendered":"<p>\t\t\t\t<img alt=\"Sedlar\" class=\"MediaWrapper-content BodyImage-imageObject\" src=\"https:\/\/www.europesays.com\/se\/wp-content\/uploads\/2025\/12\/mp19367521-svenska-pengar.jpg\" data-lazy-load-target=\"content\" width=\"1060\" height=\"706\" loading=\"eager\" decoding=\"async\" fetchpriority=\"high\"\/><\/p>\n<p>\n\t\t\t\t\tIllustrationsbild.<br \/>\n\t\t\t\t\t\t\tFoto: Roland Magnusson\/Mostphotos\n\t\t\t\t\t\t\t\t\t<\/p>\n<p>Statens effektiviseringsdelegation f\u00f6r h\u00e4lso- och sjukv\u00e5rden <a href=\"https:\/\/lakartidningen.se\/nyheter\/regeringen-skjuter-till-sex-miljarder-kronor-extra-till-regionerna\/\" data-type=\"link\" data-id=\"https:\/\/lakartidningen.se\/nyheter\/regeringen-skjuter-till-sex-miljarder-kronor-extra-till-regionerna\/\" target=\"_blank\" rel=\"noreferrer noopener nofollow\">inr\u00e4ttades i slutet av f\u00f6rra \u00e5ret<\/a> med syftet att \u00bbst\u00f6dja strukturella f\u00f6r\u00e4ndringar, st\u00e4rka effektiviteten och d\u00e4rmed f\u00f6rb\u00e4ttra situationen inom h\u00e4lso- och sjukv\u00e5rden\u00ab. En av delegationens ansvarsomr\u00e5den \u00e4r att dela ut ett tillf\u00e4lligt statsbidrag till regionerna p\u00e5 maximalt 250 miljoner per \u00e5r mellan 2025 och 2030.<\/p>\n<p>Nu har de f\u00f6rsta 730 miljonerna delats ut f\u00f6r projekt som str\u00e4cker sig fram till och med 2027.<\/p>\n<p>\n\t\tAnnons\t\t\t<\/p>\n<p>\t\t<a href=\"https:\/\/karriar.aleris.se\/jobs\/6934715-specialistlakare-till-aleris-asih-sodertalje-huddinge\" data-ad-target=\"link\" class=\"Ad-content\" rel=\"sponsored nofollow noopener\" target=\"_blank\"><\/p>\n<p>\t\t\t\t<img alt=\"Annons\" class=\"MediaWrapper-content Ad-image\" src=\"https:\/\/www.europesays.com\/se\/wp-content\/uploads\/2025\/12\/1767126611_600_banner1404x720.jpg\" data-lazy-load-target=\"content\" width=\"468\" height=\"240\" loading=\"lazy\" decoding=\"async\" fetchpriority=\"auto\"\/><\/p>\n<p>\t\t<\/a><\/p>\n<p>Mest pengar f\u00e5r Region Stockholm, som beviljas sammanlagt 201,8 miljoner kronor. Pengarna ska bland annat g\u00e5 till en regiongemensam satsning p\u00e5 AI, utveckling av intensiv \u00f6ppenv\u00e5rd inom specialistpsykiatri, AI-st\u00f6dd fallprevention och utveckling av inv\u00e5narnas digitala interaktion med v\u00e5rden.<\/p>\n<p>D\u00e4rn\u00e4st kommer Region Sk\u00e5ne, som f\u00e5r sammanlagt 93,4 miljoner kronor, varav 68,4 miljoner ska anv\u00e4ndas till ett gemensamt projekt med Region J\u00f6nk\u00f6pings l\u00e4n med syfte att utveckla ett digitalt verktyg f\u00f6r bland annat patientkommunikation f\u00f6r barn och unga. Resterande 25 miljoner g\u00e5r till en regional uppskalning av v\u00e5rdformen \u00bbSjukhus hemma\u00ab i Sk\u00e5ne.<\/p>\n<p>Region V\u00e4stmanland f\u00e5r drygt 44,3 miljoner kronor. De ska g\u00e5 till fyra olika projekt, d\u00e4ribland egenmonitoreringsl\u00f6sningar, AI-granskning inom radiologin och ett radarbaserat patient\u00f6vervakningssystem f\u00f6r fallprevention. <\/p>\n<p>Pengarna inneb\u00e4r att flera av projekten, som redan \u00e4r i g\u00e5ng p\u00e5 planerings- eller pilotstadiet, kan utvecklas eller p\u00e5skyndas, s\u00e4ger Alexander Ahlgren, bitr\u00e4dande h\u00e4lso- och sjukv\u00e5rdsdirekt\u00f6r och omr\u00e5deschef.<\/p>\n<p>\n\t\tAnnons\t\t\t<\/p>\n<p>\t\t<a href=\"https:\/\/lakartidningen.se\/lakartidningen-soker-reporter-med-fokus-pa-vetenskapsrapportering\/\" data-ad-target=\"link\" class=\"Ad-content\" rel=\"sponsored nofollow noopener\" target=\"_blank\"><\/p>\n<p>\t\t\t\t<img alt=\"Annons\" class=\"MediaWrapper-content Ad-image\" src=\"https:\/\/www.europesays.com\/se\/wp-content\/uploads\/2025\/12\/1767126611_531_banner-reporter-1404x720-1.jpg\" data-lazy-load-target=\"content\" width=\"468\" height=\"240\" loading=\"lazy\" decoding=\"async\" fetchpriority=\"auto\"\/><\/p>\n<p>\t\t<\/a><\/p>\n<p>\u2013 N\u00e4r det g\u00e4ller systemet f\u00f6r att f\u00f6rebygga fallskador har vi haft ett pilotprojekt p\u00e5 en enhet i Sala under ett \u00e5r. Det har haft v\u00e4ldigt bra utfall, vi \u00e4r v\u00e4ldigt sp\u00e4nda p\u00e5 vad det kan ge. Det m\u00f6jligg\u00f6r en helt annan typ av bemanning och blir en skjuts f\u00f6r ut\u00f6kad hemsjukv\u00e5rd. <\/p>\n<p>Han s\u00e4ger att pengarna har stor betydelse f\u00f6r effektiviseringsarbetet i regionen, s\u00e4rskilt i strama tider som dessa, men menar ocks\u00e5 att statsbidragets ramar inte riktigt m\u00f6jligg\u00f6r ett innovationst\u00e4nk. <\/p>\n<p>\t\t\t\t<img alt=\"\" class=\"MediaWrapper-content BodyImage-imageObject\" src=\"https:\/\/www.europesays.com\/se\/wp-content\/uploads\/2025\/12\/alexander-ahlberg-omradeschef-akutsjukvarden.jpg\" data-lazy-load-target=\"content\" width=\"1060\" height=\"706\" loading=\"lazy\" decoding=\"async\" fetchpriority=\"auto\"\/><\/p>\n<p>\n\t\t\t\t\tAlexander Ahlberg, bitr\u00e4dande h\u00e4lso- och sjukv\u00e5rdsdirekt\u00f6r och omr\u00e5deschef i Region V\u00e4stmanland.<br \/>\n\t\t\t\t\t\t\tFoto: Kim Norman\n\t\t\t\t\t\t\t\t\t<\/p>\n<p>\u2013 Det h\u00e4r \u00e4r pengar f\u00f6r 2025\u20132027, s\u00e5 f\u00f6r att man ska hinna anv\u00e4nda pengarna och redovisa dem kr\u00e4vs att det finns ett f\u00f6rarbete gjort. Det g\u00e5r inte att b\u00f6rja t\u00e4nka helt nytt. Jag klagar verkligen inte, medlen \u00e4r j\u00e4ttev\u00e4lkomna, men det finns utmaningar.<\/p>\n<p>Region V\u00e4stmanland hade ans\u00f6kt om ytterligare n\u00e4stan 30 miljoner kronor, bland annat f\u00f6r ett produktions- och kapacitetsstyrningssystem, men fick avslag.<\/p>\n<p>\u2013 Det var vi var v\u00e4l lite besvikna \u00f6ver. Instruktionerna i ans\u00f6kan gjorde att vi trodde att den typen av projekt st\u00e4mde bra in. Men det arbetet m\u00e5ste vi forts\u00e4tta oavsett, vi f\u00e5r unders\u00f6ka hur vi ska finansiera det, s\u00e4ger Alexander Ahlgren. <\/p>\n<p>Regionen var l\u00e5ngt ifr\u00e5n ensamma om att inte f\u00e5 allt man ans\u00f6kt om \u2013 sammanlagt ans\u00f6kte regionerna om hela 1 658 miljoner kronor f\u00f6r \u00e5ren 2025\u20132027.<\/p>\n<p>Till exempel nekas Region V\u00e4sterbotten bidrag p\u00e5 n\u00e4stan 165 miljoner kronor f\u00f6r bland annat ombyggnation, cirkul\u00e4r m\u00f6belhantering, fotoautomat och robotisering av lokalv\u00e5rden. Region Stockholm nekas bidrag p\u00e5 drygt 114 miljoner kronor f\u00f6r bland annat regional produktions- och kapacitetsstyrning och AI-assistenter, och Region \u00d6rebro l\u00e4n f\u00e5r avslag p\u00e5 ans\u00f6kningar f\u00f6r drygt 113 miljoner kronor f\u00f6r bland annat robotstyrd processautomation och AI-baserad maskning av handlingar.<\/p>\n<p>Samtliga projekt ska vara slutredovisade senast slutet av 2027. <\/p>\n<p>\t\t\t\t\t\t\t\t\t\tDetta f\u00e5r regionerna pengar f\u00f6r<\/p>\n<p><strong>Region Halland <\/strong>beviljas bidrag p\u00e5 17 miljoner kronor f\u00f6r utvecklingsarbete inom AI-omr\u00e5det.<br \/><strong>Region G\u00e4vleborg<\/strong> beviljas bidrag p\u00e5 42 miljoner kronor f\u00f6r att utveckla sin verksamhets- och ekonomistyrning.<br \/><strong>Region Kronoberg <\/strong>beviljas bidrag p\u00e5 5,2 miljoner kronor f\u00f6r utveckling av informationsdriven v\u00e5rd f\u00f6r att f\u00f6rb\u00e4ttra samordningen mellan kommunal och regional v\u00e5rd.<br \/><strong>Region Sk\u00e5ne<\/strong> beviljas bidrag p\u00e5 68,4 miljoner kronor f\u00f6r att tillsammans med Region J\u00f6nk\u00f6pings l\u00e4n utveckla ett digitalt verktyg f\u00f6r bland annat patientkommunikation f\u00f6r barn och unga. Regionen f\u00e5r \u00e4ven bidrag p\u00e5 25 miljoner kronor f\u00f6r regional uppskalning av en varaktig och digitalt st\u00f6dd v\u00e5rdform (Sjukhus hemma i Sk\u00e5ne).<br \/><strong>Region Dalarna<\/strong> beviljas 1,95 miljoner kronor f\u00f6r AI-st\u00f6d inom radiologi, AI-l\u00f6sningar inom patologi samt digitala kallelser.<br \/><strong>Region Gotland <\/strong>beviljas 3,2 miljoner kronor f\u00f6r uppbyggnad av en mer datadriven organisation. <br \/><strong>Region V\u00e4sternorrland<\/strong> beviljas bidrag med 20,35 miljoner kronor f\u00f6r att h\u00f6ja kvaliteten p\u00e5 bemanningsplaneringen.<br \/><strong>Region Uppsala<\/strong> beviljas 2,4 miljoner kronor f\u00f6r digital hantering och arkivering av v\u00e4vnadsprov, 2,2 miljoner kronor f\u00f6r konvertering av slutenv\u00e5rd till dagkirurgi och 24,66 miljoner kronor f\u00f6r implementering av AI-baserad taligenk\u00e4nning.<br \/><strong>Region Norrbotten<\/strong> beviljas 17 miljoner kronor f\u00f6r skalning av digital v\u00e5rd inklusive l\u00f6sningar f\u00f6r egenmonitorering och \u00bbHospital at home\u00ab samt 11,9 miljoner kronor f\u00f6r etablering av fast l\u00e4karkontakt, s\u00e4rskilda v\u00e5rdsp\u00e5r p\u00e5 akuten och teambaserad v\u00e5rd.<br \/><strong>Region S\u00f6rmland<\/strong> beviljas 14,2 miljoner kronor f\u00f6r inf\u00f6rande av egenmonitorering via ett antal v\u00e5rdcentraler.<br \/><strong>V\u00e4stra G\u00f6talandsregionen<\/strong> beviljas 13 miljoner kronor f\u00f6r regiongemensam remissportal och gemensamma k\u00f6er och med 50 miljoner kronor f\u00f6r en optimerad v\u00e5rdmodell. <br \/><strong>Region J\u00e4mtland H\u00e4rjedalen<\/strong> beviljas 2,8 miljoner kronor f\u00f6r implementering av ett digitalt verktyg f\u00f6r patientdelaktighet, 3,15 miljoner kronor f\u00f6r implementering av AI-baserad taligenk\u00e4nning och 52 miljoner kronor f\u00f6r ett f\u00f6r\u00e4ndrat v\u00e5rdsystem.<br \/>Region Kalmar l\u00e4n beviljas 10,3 miljoner kronor f\u00f6r inf\u00f6rande av egenmonitorering f\u00f6r att m\u00f6jligg\u00f6ra \u00f6kad patientdelaktighet och avlastning av v\u00e5rden samt 9,57 miljoner kronor f\u00f6r inf\u00f6rande av digitala kallelser.<br \/><strong>Region V\u00e4rmland<\/strong> beviljas 2 miljoner kronor f\u00f6r arbete med f\u00f6rb\u00e4ttringsomr\u00e5den (\u00bbmodel areas\u00ab) och 2,2 miljoner kronor f\u00f6r f\u00f6ljeforskning f\u00f6r uppf\u00f6ljning och utv\u00e4rdering av arbetet inom \u00bbmodel areas\u00ab.<br \/><strong>Region \u00d6rebro l\u00e4n <\/strong>beviljas 5,87 miljoner kronor f\u00f6r AI-st\u00f6dd fallprevention och annan r\u00f6relse\u00f6vervakning, 9,7 miljoner kronor f\u00f6r egenmonitorering och 19,3 miljoner kronor f\u00f6r implementering av AI-baserad taligenk\u00e4nning.<br \/><strong>Region \u00d6sterg\u00f6tland <\/strong>beviljas 3,6 miljoner kronor f\u00f6r inf\u00f6rande av egenmonitorering, 2,19 miljoner kronor f\u00f6r en mer effektiv v\u00e5rdkedja genom digitalisering av svarsskrivning och 1,7 miljoner kronor f\u00f6r inf\u00f6rande av digitala kallelser. 4,79 miljoner kronor beviljas f\u00f6r automatiserad registrering i kvalitetsregister, med vissa villkor.<br \/><strong>Region V\u00e4sterbotten<\/strong> beviljas bidrag med 6,7 miljoner kronor f\u00f6r implementering av digitala kallelser.<br \/><strong>Region V\u00e4stmanland<\/strong> beviljas bidrag f\u00f6r etablering av egenmonitorering, AI-granskning inom patologi, AI-st\u00f6dd fallprevention samt implementering av en AI-enhet med sammanlagt 44,3 miljoner kronor.<br \/><strong>Region Stockholm<\/strong> beviljas sammanlagt 131,79 miljoner kronor f\u00f6r utveckling av regionens egen AI-organisation, utveckling av intensiv \u00f6ppenv\u00e5rd inom specialistpsykiatri samt vidareutveckling av avancerad sjukv\u00e5rd i hemmet. Bidrag beviljas ocks\u00e5 f\u00f6r AI-st\u00f6dd fallprevention och f\u00f6r utveckling av inv\u00e5narnas digitala interaktion med v\u00e5rden. Det beviljas ocks\u00e5 70 miljoner kronor f\u00f6r en regiongemensam AI-satsning.<br \/><strong>Region J\u00f6nk\u00f6pings l\u00e4n<\/strong> beviljas bidrag f\u00f6r en regiongemensam nationell plattform d\u00e4r s\u00e4kerst\u00e4llda v\u00e4rdeskapande l\u00f6sningar inom h\u00e4lso- och sjukv\u00e5rden kan delas till anv\u00e4ndning f\u00f6r andra regioner. Bidrag beviljas med 31 miljoner kronor, vilket \u00e4r h\u00e4lften av ans\u00f6kt belopp.<\/p>\n<p>K\u00e4lla: Kammarkollegiet.<\/p>\n<p>\t\t\t\t\tL\u00e4s mer\n\t\t\t<\/p>\n","protected":false},"excerpt":{"rendered":"Illustrationsbild. Foto: Roland Magnusson\/Mostphotos Statens effektiviseringsdelegation f\u00f6r h\u00e4lso- och sjukv\u00e5rden inr\u00e4ttades i slutet av f\u00f6rra \u00e5ret med syftet&hellip;\n","protected":false},"author":2,"featured_media":121206,"comment_status":"","ping_status":"","sticky":false,"template":"","format":"standard","meta":{"footnotes":""},"categories":[12],"tags":[22,23,26,27,17,21,24,25,28,29,15,16,18,34,31,33,32,30,19,20],"class_list":{"0":"post-121205","1":"post","2":"type-post","3":"status-publish","4":"format-standard","5":"has-post-thumbnail","7":"category-sverige","8":"tag-breaking-news","9":"tag-breakingnews","10":"tag-featured-news","11":"tag-featurednews","12":"tag-headlines","13":"tag-huvudnyheter","14":"tag-latest-news","15":"tag-latestnews","16":"tag-main-news","17":"tag-mainnews","18":"tag-news","19":"tag-nyheter","20":"tag-rubriker","21":"tag-se","22":"tag-svenska","23":"tag-sverige","24":"tag-sweden","25":"tag-swedish","26":"tag-top-stories","27":"tag-topstories"},"share_on_mastodon":{"url":"https:\/\/pubeurope.com\/@se\/115810416941305443","error":""},"_links":{"self":[{"href":"https:\/\/www.europesays.com\/se\/wp-json\/wp\/v2\/posts\/121205","targetHints":{"allow":["GET"]}}],"collection":[{"href":"https:\/\/www.europesays.com\/se\/wp-json\/wp\/v2\/posts"}],"about":[{"href":"https:\/\/www.europesays.com\/se\/wp-json\/wp\/v2\/types\/post"}],"author":[{"embeddable":true,"href":"https:\/\/www.europesays.com\/se\/wp-json\/wp\/v2\/users\/2"}],"replies":[{"embeddable":true,"href":"https:\/\/www.europesays.com\/se\/wp-json\/wp\/v2\/comments?post=121205"}],"version-history":[{"count":0,"href":"https:\/\/www.europesays.com\/se\/wp-json\/wp\/v2\/posts\/121205\/revisions"}],"wp:featuredmedia":[{"embeddable":true,"href":"https:\/\/www.europesays.com\/se\/wp-json\/wp\/v2\/media\/121206"}],"wp:attachment":[{"href":"https:\/\/www.europesays.com\/se\/wp-json\/wp\/v2\/media?parent=121205"}],"wp:term":[{"taxonomy":"category","embeddable":true,"href":"https:\/\/www.europesays.com\/se\/wp-json\/wp\/v2\/categories?post=121205"},{"taxonomy":"post_tag","embeddable":true,"href":"https:\/\/www.europesays.com\/se\/wp-json\/wp\/v2\/tags?post=121205"}],"curies":[{"name":"wp","href":"https:\/\/api.w.org\/{rel}","templated":true}]}}