{"id":121207,"date":"2025-12-30T20:34:13","date_gmt":"2025-12-30T20:34:13","guid":{"rendered":"https:\/\/www.europesays.com\/se\/121207\/"},"modified":"2025-12-30T20:34:13","modified_gmt":"2025-12-30T20:34:13","slug":"i-vantan-pa-slutet-ny-trailer-till-allra-sista-avsnittet-av-stranger-things","status":"publish","type":"post","link":"https:\/\/www.europesays.com\/se\/121207\/","title":{"rendered":"I v\u00e4ntan p\u00e5 slutet: Ny trailer till allra sista avsnittet av &#8221;Stranger Things&#8221;"},"content":{"rendered":"<p>F\u00f6rra avsnittet av \u201dStranger Things\u201d, seriens n\u00e4st sista, s\u00e5gades rej\u00e4lt av fansen och anses vara ett av de s\u00e4msta. Fast \u00e4n finns tid att g\u00f6ra bot och b\u00e4ttring.<\/p>\n<p>Kommer de lyckas? Den sista, nysl\u00e4ppta trailer avsl\u00f6jar inte svaret p\u00e5 den fr\u00e5gan, men g\u00f6r det tydligt att mycket st\u00e5r p\u00e5 spel och slutet kommer knappast avg\u00f6ras i en handv\u00e4ndning. <\/p>\n<p>L\u00e4s ocks\u00e5: <a href=\"https:\/\/www.moviezine.se\/nyheter\/senaste-stranger-things-avsnittet-sagas-av-fansen-nast-samst-i-seriens-historia\" title=\"Senaste \u201dStranger Things\u201d-avsnittet s\u00e5gas av fansen \u2013 n\u00e4st s\u00e4mst i seriens historia\" class=\"underline-custom !font-montserrat !font-bold !underline-offset-4 !decoration-4 !decoration-moviezine-green !text-md\" rel=\"nofollow noopener\" target=\"_blank\">Senaste \u201dStranger Things\u201d-avsnittet s\u00e5gas av fansen \u2013 n\u00e4st s\u00e4mst i seriens historia<\/a><\/p>\n<p>N\u00e5got m\u00e5ste de g\u00f6ra med avsnittets mer \u00e4n tv\u00e5 timmar l\u00e5nga speltid.<\/p>\n<p>\u201dThe Rightside Up\u201d, som sista avsnittet \u00e4r d\u00f6pt till, sl\u00e4pps natten till ny\u00e5rsdagen. Den 1 januari klockan 02:00, f\u00f6r att vara exakt och tydlig.<\/p>\n<p>L\u00e4s ocks\u00e5: <a href=\"https:\/\/www.moviezine.se\/nyheter\/eftersnack-stranger-things-brakar-med-allt-och-ingen-i-3-snackiga-avsnitt\" title=\"Eftersnack: \u201dStranger Things\u201d br\u00e5kar med allt och ingenting i tre snackiga avsnitt\" class=\"underline-custom !font-montserrat !font-bold !underline-offset-4 !decoration-4 !decoration-moviezine-green !text-md\" rel=\"nofollow noopener\" target=\"_blank\">Eftersnack: \u201dStranger Things\u201d br\u00e5kar med allt och ingenting i tre snackiga avsnitt<\/a><\/p>\n<p>Kolla in trailern f\u00f6r det sista l\u00e5ngfilmsl\u00e5nga avsnittet av \u201dStranger Things\u201d h\u00e4r:<\/p>\n<p><img loading=\"lazy\" decoding=\"async\" alt=\"YouTube video\" width=\"480\" height=\"360\" data-pin-nopin=\"true\" nopin=\"nopin\" class=\"perfmatters-lazy\" src=\"https:\/\/www.europesays.com\/se\/wp-content\/uploads\/2025\/12\/1767126853_202_hqdefault.jpg\"\/><\/p>\n<p>L\u00e4s ocks\u00e5: <a href=\"https:\/\/www.moviezine.se\/nyheter\/har-ar-10-mest-nedladdade-tv-serierna-2025-netflix-leder-ligan\" title=\"H\u00e4r \u00e4r 10 mest\u00a0nedladdade\u00a0tv-serierna 2025 \u2013 Netflix leder ligan\" class=\"underline-custom !font-montserrat !font-bold !underline-offset-4 !decoration-4 !decoration-moviezine-green !text-md\" rel=\"nofollow noopener\" target=\"_blank\">H\u00e4r \u00e4r 10 mest\u00a0nedladdade\u00a0tv-serierna 2025 \u2013 Netflix leder ligan<\/a><\/p>\n","protected":false},"excerpt":{"rendered":"F\u00f6rra avsnittet av \u201dStranger Things\u201d, seriens n\u00e4st sista, s\u00e5gades rej\u00e4lt av fansen och anses vara ett av de&hellip;\n","protected":false},"author":2,"featured_media":121208,"comment_status":"","ping_status":"","sticky":false,"template":"","format":"standard","meta":{"footnotes":""},"categories":[67],"tags":[104,2399,34,7487,31,33,32,30,2044,105],"class_list":{"0":"post-121207","1":"post","2":"type-post","3":"status-publish","4":"format-standard","5":"has-post-thumbnail","7":"category-underhallning","8":"tag-entertainment","9":"tag-netflix","10":"tag-se","11":"tag-stranger-things","12":"tag-svenska","13":"tag-sverige","14":"tag-sweden","15":"tag-swedish","16":"tag-trailer","17":"tag-underhallning"},"share_on_mastodon":{"url":"https:\/\/pubeurope.com\/@se\/115810432622030775","error":""},"_links":{"self":[{"href":"https:\/\/www.europesays.com\/se\/wp-json\/wp\/v2\/posts\/121207","targetHints":{"allow":["GET"]}}],"collection":[{"href":"https:\/\/www.europesays.com\/se\/wp-json\/wp\/v2\/posts"}],"about":[{"href":"https:\/\/www.europesays.com\/se\/wp-json\/wp\/v2\/types\/post"}],"author":[{"embeddable":true,"href":"https:\/\/www.europesays.com\/se\/wp-json\/wp\/v2\/users\/2"}],"replies":[{"embeddable":true,"href":"https:\/\/www.europesays.com\/se\/wp-json\/wp\/v2\/comments?post=121207"}],"version-history":[{"count":0,"href":"https:\/\/www.europesays.com\/se\/wp-json\/wp\/v2\/posts\/121207\/revisions"}],"wp:featuredmedia":[{"embeddable":true,"href":"https:\/\/www.europesays.com\/se\/wp-json\/wp\/v2\/media\/121208"}],"wp:attachment":[{"href":"https:\/\/www.europesays.com\/se\/wp-json\/wp\/v2\/media?parent=121207"}],"wp:term":[{"taxonomy":"category","embeddable":true,"href":"https:\/\/www.europesays.com\/se\/wp-json\/wp\/v2\/categories?post=121207"},{"taxonomy":"post_tag","embeddable":true,"href":"https:\/\/www.europesays.com\/se\/wp-json\/wp\/v2\/tags?post=121207"}],"curies":[{"name":"wp","href":"https:\/\/api.w.org\/{rel}","templated":true}]}}