{"id":121209,"date":"2025-12-30T20:42:07","date_gmt":"2025-12-30T20:42:07","guid":{"rendered":"https:\/\/www.europesays.com\/se\/121209\/"},"modified":"2025-12-30T20:42:07","modified_gmt":"2025-12-30T20:42:07","slug":"vasby-ik-hk-fortsatter-segersviten-mot-wings-arlanda-nwt","status":"publish","type":"post","link":"https:\/\/www.europesays.com\/se\/121209\/","title":{"rendered":"V\u00e4sby IK HK forts\u00e4tter segersviten mot Wings Arlanda &#8211; NWT"},"content":{"rendered":"<ol>\n<li><a href=\"https:\/\/news.google.com\/rss\/articles\/CBMikwFBVV95cUxOeGYyUVdkd2lua2xxaXBwVEw5bHB5OTVrYnpxR3NQWjdZT3FCRElPWTRoT3dJUUVfcTNseHU2aUg2ZldjYm05SGZld0daYmNhSnFQRkgtRGY1b3YwZlQ5THNEeFdfMWZpZGZUcV9UWjZldHQ0TXo5WG1sYWhkOHVDSmdXUXY5YjA0S1NoWnZvbjRycFU?oc=5\" target=\"_blank\" rel=\"nofollow noopener\">V\u00e4sby IK HK forts\u00e4tter segersviten mot Wings Arlanda<\/a>&nbsp;&nbsp;NWT<\/li>\n<li><a href=\"https:\/\/news.google.com\/rss\/articles\/CBMiekFVX3lxTFBSWjlzOXQxWjYySzlILUpjLUJGeWUwb0FtX01QYi1YWjF6dHdsWUxTRGVMSFZXd0lEdERVU3lSUUYzMVRzNDVfNUlFQWRmOWRzQ3Fubk12LXlRLTJwUGJKYjRkc2FzandBOWh3T3gxdFlfQlRLbVc1aTJR?oc=5\" target=\"_blank\" rel=\"nofollow noopener\">Ny seger f\u00f6r V\u00e4sby IK HK mot Wings Arlanda<\/a>&nbsp;&nbsp;HockeyNews<\/li>\n<li><a href=\"https:\/\/news.google.com\/rss\/articles\/CBMickFVX3lxTE9sNU9EaHJtM2hlUzlZYVQ0VGhBemsyZ3lZcVd0eFI5QTdlUjJaNVFVYm9XUkVjNURyeDVKY3NoQ0YyRU9PS0lqUXdWM3JraFZKeXA5V3l6UkpvT3RCRHVVMFdxWURWempDY3ZXZ1o1SDRGQQ?oc=5\" target=\"_blank\" rel=\"nofollow noopener\">Sk\u00f6n derbyseger f\u00f6r V\u00e4sby<\/a>&nbsp;&nbsp;Hockeyettan.se<\/li>\n<li><a href=\"https:\/\/news.google.com\/rss\/articles\/CBMidEFVX3lxTE5MUElCV0piZ1dQTHRaTGlTbDFpazlGcmU3ZUx1bW1XZGtWWGRLTWREMmJmVGk3dExCb1J5VkEzZ0JGMDlxZzhJdmxzaVBqcFBrTjJvT3E2czBtNjJUdnJ5NlVSZ0ZCNnBZeDdWVmNRTHR5MGhL?oc=5\" target=\"_blank\" rel=\"nofollow noopener\">Ny seger f\u00f6r V\u00e4sby IK HK mot favoritmotst\u00e5ndet<\/a>&nbsp;&nbsp;Sm\u00e5landsposten<\/li>\n<li><a href=\"https:\/\/news.google.com\/rss\/articles\/CBMilwFBVV95cUxOZVQ0OEFYT2pIZTNPUGMwZVlKMHI5NlVabnVKbHNtbWhNVDF3cVRKQWlkQy1mRkFwb3VIZTVZeklkenVaZ0JHeUxJdWJrOU0xRUxzbTQwTWZ6b29IMjR4Ynp0ejhtRGZmeHZyVmdrOXVpWFc0SHk4UWJ0YWU3clNGT19EeE1QeFl3TFBnOF8wRTc3UjZGeXBB?oc=5\" target=\"_blank\" rel=\"nofollow noopener\">V\u00e4sby IK HK f\u00f6rl\u00e4nger segersviten mot Wings Arlanda<\/a>&nbsp;&nbsp;hockeysverige.se<\/li>\n<\/ol>\n","protected":false},"excerpt":{"rendered":"V\u00e4sby IK HK forts\u00e4tter segersviten mot Wings Arlanda&nbsp;&nbsp;NWT Ny seger f\u00f6r V\u00e4sby IK HK mot Wings Arlanda&nbsp;&nbsp;HockeyNews Sk\u00f6n&hellip;\n","protected":false},"author":2,"featured_media":121210,"comment_status":"","ping_status":"","sticky":false,"template":"","format":"standard","meta":{"footnotes":""},"categories":[68],"tags":[34,111,110,31,33,32,30],"class_list":{"0":"post-121209","1":"post","2":"type-post","3":"status-publish","4":"format-standard","5":"has-post-thumbnail","7":"category-sport","8":"tag-se","9":"tag-sport","10":"tag-sports","11":"tag-svenska","12":"tag-sverige","13":"tag-sweden","14":"tag-swedish"},"share_on_mastodon":{"url":"https:\/\/pubeurope.com\/@se\/115810464123540501","error":""},"_links":{"self":[{"href":"https:\/\/www.europesays.com\/se\/wp-json\/wp\/v2\/posts\/121209","targetHints":{"allow":["GET"]}}],"collection":[{"href":"https:\/\/www.europesays.com\/se\/wp-json\/wp\/v2\/posts"}],"about":[{"href":"https:\/\/www.europesays.com\/se\/wp-json\/wp\/v2\/types\/post"}],"author":[{"embeddable":true,"href":"https:\/\/www.europesays.com\/se\/wp-json\/wp\/v2\/users\/2"}],"replies":[{"embeddable":true,"href":"https:\/\/www.europesays.com\/se\/wp-json\/wp\/v2\/comments?post=121209"}],"version-history":[{"count":0,"href":"https:\/\/www.europesays.com\/se\/wp-json\/wp\/v2\/posts\/121209\/revisions"}],"wp:featuredmedia":[{"embeddable":true,"href":"https:\/\/www.europesays.com\/se\/wp-json\/wp\/v2\/media\/121210"}],"wp:attachment":[{"href":"https:\/\/www.europesays.com\/se\/wp-json\/wp\/v2\/media?parent=121209"}],"wp:term":[{"taxonomy":"category","embeddable":true,"href":"https:\/\/www.europesays.com\/se\/wp-json\/wp\/v2\/categories?post=121209"},{"taxonomy":"post_tag","embeddable":true,"href":"https:\/\/www.europesays.com\/se\/wp-json\/wp\/v2\/tags?post=121209"}],"curies":[{"name":"wp","href":"https:\/\/api.w.org\/{rel}","templated":true}]}}