{"id":121211,"date":"2025-12-30T20:43:09","date_gmt":"2025-12-30T20:43:09","guid":{"rendered":"https:\/\/www.europesays.com\/se\/121211\/"},"modified":"2025-12-30T20:43:09","modified_gmt":"2025-12-30T20:43:09","slug":"se-michael-j-fox-skadespela-for-forsta-gangen-pa-5-ar-gor-scener-mot-harrison-ford","status":"publish","type":"post","link":"https:\/\/www.europesays.com\/se\/121211\/","title":{"rendered":"Se Michael J. Fox sk\u00e5despela f\u00f6r f\u00f6rsta g\u00e5ngen p\u00e5 5 \u00e5r &#8211; g\u00f6r scener mot Harrison Ford"},"content":{"rendered":"<p><strong>Michael J. Fox<\/strong> l\u00e4r f\u00f6r alltid vara en popul\u00e4rkulturell ikon tack vare rollen som <strong>Marty McFly<\/strong> i underbara \u201dTillbaka till framtiden\u201d-trilogin. Tyv\u00e4rr har hans karri\u00e4r f\u00f6rsv\u00e5rats av det v\u00e4lk\u00e4nda faktum att han lider av Parkinsons sjukdom, vilket bland annat p\u00e5verkar hans r\u00f6relsef\u00f6rm\u00e5ga och motorik. <\/p>\n<p>\u00c5r 2020 drog sig Fox tillbaka fr\u00e5n sk\u00e5despeleriet, d\u00e5 sjukdomen b\u00f6rjat p\u00e5verka hans talf\u00f6rm\u00e5ga. Trots det har han hunnit med ett par mindre r\u00f6stroller sedan dess, bland annat i en av \u00e5rets st\u00f6rsta biosucc\u00e9er, \u201dZootropolis 2\u201d, men han har inte gjort n\u00e5got fysiskt sk\u00e5despel sedan dess. F\u00f6rr\u00e4n nu: 2026 kommer han n\u00e4mligen dyka upp i Apple TVs dramakomedi \u201dShrinking\u201d, och en f\u00f6rsta titt p\u00e5 hans insats finns nu till allm\u00e4n besk\u00e5dan i form av en trailer. <\/p>\n<p>Harrison Ford och \u201dHow I Met Your Mother\u201d<\/p>\n<p>\u201dShrinking\u201d \u00e4r skapad av <strong>Jason Segel<\/strong>, mest k\u00e4nd f\u00f6r rollen som Marshall Eriksen i \u201dHow I Met Your Mother\u201d. Serien f\u00f6ljer hans karakt\u00e4r Jimmy Laird, en terapeut som efter en personlig tragedi b\u00f6rjar vara brutalt \u00e4rlig mot sina patienter. <strong>Harrison Ford<\/strong> g\u00f6r seriens andra huvudroll som Paul Rhoades, en kollega till Laird som lider av just Parkinsons. I den nya trailern m\u00f6ter han Fox karakt\u00e4r p\u00e5 en Parkinsons-mottagning d\u00e4r de verkar finna varandra. <\/p>\n<p><img loading=\"lazy\" height=\"324\" width=\"648\" class=\"wp-image-709787 sp-no-webp perfmatters-lazy\" alt=\"\" decoding=\"async\" src=\"https:\/\/www.europesays.com\/se\/wp-content\/uploads\/2025\/12\/robin-and-marshall-cheersing-648x324.jpg\"  data-\/> Cobie Smulders och Jason Segel som Robin och Marshall i \u201dHow I Met Your Mother\u201d.<\/p>\n<p>En annan stor roll i den tredje s\u00e4songen av \u201dShrinking\u201d kommer g\u00f6ras av <strong>Cobie Smulders<\/strong>, som spelade Robin Scherbatsky i \u201dHow I Met Your Mother\u201d \u2013 en reunion f\u00f6r henne och Segel \u00e4r allts\u00e5 att v\u00e4nta. Den h\u00e4r g\u00e5ngen ska de dessutom spela ett par, vilket \u00e4r lite kul iochmed att Marshall var den ende av de tre manliga huvudkarakt\u00e4rerna i \u201dHow I Met Your Mother\u201d som aldrig var romantiskt intresserad av Robin. <\/p>\n<p>Den tredje s\u00e4songen av \u201dShrinking\u201d f\u00e5r premi\u00e4r p\u00e5 Apple TV den 28 januari 2026. <\/p>\n<p><img loading=\"lazy\" decoding=\"async\" alt=\"YouTube video\" width=\"480\" height=\"360\" data-pin-nopin=\"true\" nopin=\"nopin\" class=\"perfmatters-lazy\" src=\"https:\/\/www.europesays.com\/se\/wp-content\/uploads\/2025\/12\/1767127389_358_hqdefault.jpg\"\/><\/p>\n","protected":false},"excerpt":{"rendered":"Michael J. Fox l\u00e4r f\u00f6r alltid vara en popul\u00e4rkulturell ikon tack vare rollen som Marty McFly i underbara&hellip;\n","protected":false},"author":2,"featured_media":121212,"comment_status":"","ping_status":"","sticky":false,"template":"","format":"standard","meta":{"footnotes":""},"categories":[67],"tags":[2570,104,34,31,33,32,30,2044,105],"class_list":{"0":"post-121211","1":"post","2":"type-post","3":"status-publish","4":"format-standard","5":"has-post-thumbnail","7":"category-underhallning","8":"tag-apple-tv-plus","9":"tag-entertainment","10":"tag-se","11":"tag-svenska","12":"tag-sverige","13":"tag-sweden","14":"tag-swedish","15":"tag-trailer","16":"tag-underhallning"},"share_on_mastodon":{"url":"https:\/\/pubeurope.com\/@se\/115810468053396784","error":""},"_links":{"self":[{"href":"https:\/\/www.europesays.com\/se\/wp-json\/wp\/v2\/posts\/121211","targetHints":{"allow":["GET"]}}],"collection":[{"href":"https:\/\/www.europesays.com\/se\/wp-json\/wp\/v2\/posts"}],"about":[{"href":"https:\/\/www.europesays.com\/se\/wp-json\/wp\/v2\/types\/post"}],"author":[{"embeddable":true,"href":"https:\/\/www.europesays.com\/se\/wp-json\/wp\/v2\/users\/2"}],"replies":[{"embeddable":true,"href":"https:\/\/www.europesays.com\/se\/wp-json\/wp\/v2\/comments?post=121211"}],"version-history":[{"count":0,"href":"https:\/\/www.europesays.com\/se\/wp-json\/wp\/v2\/posts\/121211\/revisions"}],"wp:featuredmedia":[{"embeddable":true,"href":"https:\/\/www.europesays.com\/se\/wp-json\/wp\/v2\/media\/121212"}],"wp:attachment":[{"href":"https:\/\/www.europesays.com\/se\/wp-json\/wp\/v2\/media?parent=121211"}],"wp:term":[{"taxonomy":"category","embeddable":true,"href":"https:\/\/www.europesays.com\/se\/wp-json\/wp\/v2\/categories?post=121211"},{"taxonomy":"post_tag","embeddable":true,"href":"https:\/\/www.europesays.com\/se\/wp-json\/wp\/v2\/tags?post=121211"}],"curies":[{"name":"wp","href":"https:\/\/api.w.org\/{rel}","templated":true}]}}