{"id":121213,"date":"2025-12-30T20:50:20","date_gmt":"2025-12-30T20:50:20","guid":{"rendered":"https:\/\/www.europesays.com\/se\/121213\/"},"modified":"2025-12-30T20:50:20","modified_gmt":"2025-12-30T20:50:20","slug":"viggo-bjorck-om-relationen-till-charlotte-perrelli-valdigt-tajt-hockey","status":"publish","type":"post","link":"https:\/\/www.europesays.com\/se\/121213\/","title":{"rendered":"Viggo Bj\u00f6rck om relationen till Charlotte Perrelli: \u201dV\u00e4ldigt tajt\u201d | Hockey"},"content":{"rendered":"<p>Publicerad 30 dec 2025 kl 12.06<\/p>\n<p>Att Viggo Bj\u00f6rck \u00e4r en stor ishockeytalang \u00e4r ingen nyhet.<\/p>\n<p>Men det finns ett fr\u00e5getecken att reda ut.<\/p>\n<p>Varf\u00f6r dyker Charlotte Perrellis namn upp bredvid hans eget?<\/p>\n<p><img loading=\"lazy\"   alt=\"\"\/><\/p>\n<p>Viggo Bj\u00f6rck g\u00f6r sig redo f\u00f6r junior-VM.<\/p>\n<p>Foto: ARON BROMAN \/ BILDBYR\u00c5N<\/p>\n<p>\u00d6ppna bild i helsk\u00e4rm<img loading=\"lazy\"   alt=\"\"\/><\/p>\n<p>Viggo Bj\u00f6rck p\u00e5 JVM.<\/p>\n<p>Foto: JOEL MARKLUND \/ BILDBYR\u00c5N<\/p>\n<p>\u00d6ppna bild i helsk\u00e4rm<img loading=\"lazy\"   alt=\"\"\/>\u00d6ppna bild i helsk\u00e4rmArtikeln i korthet<\/p>\n<p> Viggo Bj\u00f6rck, 17, \u00e4r Juniorkronornas yngste spelare.<\/p>\n<p> Han f\u00e5r nu spela med storebror Wilson i landslaget, d\u00e4r han sj\u00e4lv g\u00f6r succ\u00e9.<\/p>\n<p> Charlotte Perrelli \u00e4r hans moster \u2013 och familjen f\u00f6ljer framg\u00e5ngarna n\u00e4ra.<\/p>\n<p>Visa mer<\/p>\n<p>Pucktrollaren f\u00f6dd 2008 fick till slut sitt namn uppropat av Magnus H\u00e4velid n\u00e4r \u00e5rets <a href=\"https:\/\/www.expressen.se\/tagg\/organization\/jvm\/\" class=\"\" rel=\"nofollow noopener\" target=\"_blank\">JVM<\/a>-trupp presenterades.<\/p>\n<p>\u2013 Man hoppas bara att namnet ska dyka upp. Det var h\u00e4ftigt, s\u00e4ger Viggo Bj\u00f6rck sj\u00e4lv.<\/p>\n<p>Exakt var i landet Djurg\u00e5rdstalangen befann sig n\u00e4r han fick beskedet \u00e4r dock lite sv\u00e5rt att peka ut.<\/p>\n<p>\u2013 Vi hade faktiskt match mot Fr\u00f6lunda p\u00e5 torsdagen, borta i Scandinavium. Sedan satt vi p\u00e5 t\u00e5get, jag, Victor (Eklund), Anton (Frondell) och H\u00e5vard Salsten. Vi satt ihop vid ett bord p\u00e5 t\u00e5get och kollade p\u00e5 lives\u00e4ndningen.\u00a0<\/p>\n<p>N\u00e5got h\u00f6gljutt kramkalas var det inte tal om.<\/p>\n<p>\u2013 Alla blev ju glada. Sedan vill man ju inte st\u00f6ra alla andra p\u00e5 t\u00e5get. Men jag skickade ett sms till brorsan ocks\u00e5. Jag vet inte om han hade f\u00e5tt reda p\u00e5 det innan kanske, men det var kul att \u00e4nd\u00e5 p\u00e5 n\u00e5got s\u00e4tt f\u00e5 dela det, s\u00e4ger 17-\u00e5ringen.<\/p>\n<p>F\u00e5r spela med brodern Wilson<\/p>\n<p><strong>Hur reagerade familjen?<\/strong><\/p>\n<p>\u2013 De satt och kollade ocks\u00e5. Sedan satt v\u00e5ra kusiner p\u00e5 mammas sida och kollade. Alla skickade och tyckte det var superkul.<\/p>\n<p><img loading=\"lazy\"   alt=\"\"\/><\/p>\n<p>Storl\u00f6ftet i Djurg\u00e5rdstr\u00f6jan.<\/p>\n<p>Foto: KENTA J\u00d6NSSON \/ BILDBYR\u00c5N<\/p>\n<p>\u00d6ppna bild i helsk\u00e4rm<\/p>\n<p>Nu f\u00e5r han dessutom chansen att spela ihop med den tv\u00e5 \u00e5r \u00e4ldre brodern Wilson som inf\u00f6r den h\u00e4r s\u00e4songen flyttade till USA f\u00f6r ishockeyspelande och studier p\u00e5 Colorado College.<\/p>\n<p>\u2013 Man blev dubbelt s\u00e5 glad. Det blir en upplevelse att spela med honom. Jag tyckte ju han skulle ha en plats, han \u00e4r en bra hockeyspelare. Det \u00e4r ingen chock. Men det var ett halv\u00e5r sedan man tr\u00e4ffade honom, s\u00e5 det \u00e4r kul.<\/p>\n<p>Bj\u00f6rck, som l\u00e4nge ansetts vara en av sin \u00e5rg\u00e5ngs allra st\u00f6rsta talanger i hela v\u00e4rlden, har nu f\u00e5tt \u00e4ntra den st\u00f6rsta scenen f\u00f6r juniorer.\u00a0<\/p>\n<p>D\u00e4r har han ocks\u00e5 gjort succ\u00e9 i de inledande matcherna.<\/p>\n<p>\u2013 Det \u00e4r ju en v\u00e4ldigt hypad turnering och v\u00e4ldigt roligt. Det h\u00e4nder v\u00e4ldigt mycket, det \u00e4r full fart. Man vet aldrig vad som kan h\u00e4nda, s\u00e5 p\u00e5 det s\u00e4ttet \u00e4r det v\u00e4ldigt roligt. Men det g\u00e4ller v\u00e4l bara att fokusera p\u00e5 sin egen insats och g\u00f6ra s\u00e5 bra man kan f\u00f6r att laget till slut ska vinna, s\u00e4ger Bj\u00f6rck.<\/p>\n<p>Viggo Bj\u00f6rcks f\u00f6rvirring: \u201dBra fr\u00e5ga\u201d<\/p>\n<p>Han forts\u00e4tter:<\/p>\n<p>\u2013 \u00c4ven om det skrivs saker i media s\u00e5 \u00e4r det man kan p\u00e5verka sin egen prestation p\u00e5 isen, inte riktigt vad som skrivs d\u00e4r. S\u00e5 det g\u00e4ller att bara fokusera p\u00e5 det lilla och inte ta f\u00f6r stor del av annat.<\/p>\n<p>Annons<\/p>\n<p><img loading=\"lazy\"   alt=\"\"\/><\/p>\n<p>Bj\u00f6rcks familjekopplingar dyker upp p\u00e5 sajten Eliteprospects.com.<\/p>\n<p>Foto: Sk\u00e4rmdump \/ Eliteprospects.com<\/p>\n<p>\u00d6ppna bild i helsk\u00e4rm<img loading=\"lazy\"   alt=\"\"\/><\/p>\n<p>Viggo Bj\u00f6rcks sida p\u00e5 sajten har \u00f6ver 400 000 visningar.<\/p>\n<p>Foto: Sk\u00e4rmdump \/ Eliteprospects.com<\/p>\n<p>\u00d6ppna bild i helsk\u00e4rm<img loading=\"lazy\"   alt=\"\"\/><\/p>\n<p>Charlotte Perrelli, tillika Viggo Bj\u00f6rcks moster, med k\u00e4rleken Anders Jensen.<\/p>\n<p>Foto: HANNA BRUNL\u00d6F WINDELL<\/p>\n<p>\u00d6ppna bild i helsk\u00e4rm<img loading=\"lazy\"   alt=\"\"\/><\/p>\n<p>Familjen Perrelli samlad, inklusive ett par av Viggo Bj\u00f6rcks kusiner.<\/p>\n<p>Foto: CHARLOTTE BRUNZELL \/ STELLA PICTURES<\/p>\n<p>\u00d6ppna bild i helsk\u00e4rm<\/p>\n<p>Det h\u00e4r med att bli omskriven i media \u00e4r dock inget nytt f\u00f6r honom.<\/p>\n<p>Han har l\u00e4nge ansetts vara n\u00e5got av en j\u00e4ttetalang och har under de inledande matcherna i junior-VM hyllats flera g\u00e5nger om.<\/p>\n<p>Dessutom har han en pappa som tidigare spelat p\u00e5 elitniv\u00e5, samt viss medievana i sl\u00e4kten att luta sig emot.<\/p>\n<p>F\u00f6r det finns en fr\u00e5ga att reda ut: Varf\u00f6r dyker Charlotte Perrellis namn upp p\u00e5 Viggo Bj\u00f6rcks sida p\u00e5 statistiksajten <a href=\"https:\/\/www.eliteprospects.com\/player\/954359\/viggo-bjorck\" rel=\"nofollow noopener\" target=\"_blank\">Eliteprospects.com<\/a>?<\/p>\n<p>\u2013 Det \u00e4r en v\u00e4ldigt bra fr\u00e5ga. Det \u00e4r ju min moster. Men hur det hamnade p\u00e5 Eliteprospects, det vet jag faktiskt inte. Det bara skedde p\u00e5 n\u00e5got s\u00e4tt. Hon kanske har skickat in det eller n\u00e5gonting. Haha! Nej det tror jag inte, men det \u00e4r ju kul.<\/p>\n<p>Orden om relationen till Charlotte Perrelli<\/p>\n<p>Bj\u00f6rck ber\u00e4ttar:<\/p>\n<p>\u2013 Vi har en faktiskt v\u00e4ldigt tajt relation. Vi brukar tr\u00e4ffa dem v\u00e4ldigt ofta f\u00f6r de bor ju v\u00e4ldigt n\u00e4ra. Nu \u00e4r de ju lite mer i Spanien, men vi brukar h\u00e4nga ihop varje sommar, fira julafton och s\u00e5nt tillsammans. S\u00e5 vi har en bra relation.<\/p>\n<p>Familjen f\u00f6ljer hans framfart i allra h\u00f6gsta grad.<\/p>\n<p>\u2013 Ja, de tycker det \u00e4r v\u00e4ldigt kul att f\u00f6lja, b\u00e5de mig och brorsan. Deras barn tycker ocks\u00e5 att det \u00e4r v\u00e4ldigt kul att kolla, de brukar sitta och kolla statistik och s\u00e5. Det uppskattar man mycket. Det \u00e4r kul att de verkligen tycker det \u00e4r kul, s\u00e4ger T\u00e4bysonen.<\/p>\n<p><img alt=\"\"\/>Ljudklippet gick inte att spela upp<\/p>\n<p>F\u00f6rs\u00f6k igen senare<\/p>\n","protected":false},"excerpt":{"rendered":"Publicerad 30 dec 2025 kl 12.06 Att Viggo Bj\u00f6rck \u00e4r en stor ishockeytalang \u00e4r ingen nyhet. Men det&hellip;\n","protected":false},"author":2,"featured_media":121214,"comment_status":"","ping_status":"","sticky":false,"template":"","format":"standard","meta":{"footnotes":""},"categories":[68],"tags":[814,5748,5945,5700,34,255,111,110,31,33,32,30],"class_list":{"0":"post-121213","1":"post","2":"type-post","3":"status-publish","4":"format-standard","5":"has-post-thumbnail","7":"category-sport","8":"tag-organization-djurgarden-hockey","9":"tag-organization-juniorkronorna","10":"tag-organization-jvm","11":"tag-person-charlotte-perrelli","12":"tag-se","13":"tag-sections-ishockey","14":"tag-sport","15":"tag-sports","16":"tag-svenska","17":"tag-sverige","18":"tag-sweden","19":"tag-swedish"},"share_on_mastodon":{"url":"https:\/\/pubeurope.com\/@se\/115810495851599810","error":""},"_links":{"self":[{"href":"https:\/\/www.europesays.com\/se\/wp-json\/wp\/v2\/posts\/121213","targetHints":{"allow":["GET"]}}],"collection":[{"href":"https:\/\/www.europesays.com\/se\/wp-json\/wp\/v2\/posts"}],"about":[{"href":"https:\/\/www.europesays.com\/se\/wp-json\/wp\/v2\/types\/post"}],"author":[{"embeddable":true,"href":"https:\/\/www.europesays.com\/se\/wp-json\/wp\/v2\/users\/2"}],"replies":[{"embeddable":true,"href":"https:\/\/www.europesays.com\/se\/wp-json\/wp\/v2\/comments?post=121213"}],"version-history":[{"count":0,"href":"https:\/\/www.europesays.com\/se\/wp-json\/wp\/v2\/posts\/121213\/revisions"}],"wp:featuredmedia":[{"embeddable":true,"href":"https:\/\/www.europesays.com\/se\/wp-json\/wp\/v2\/media\/121214"}],"wp:attachment":[{"href":"https:\/\/www.europesays.com\/se\/wp-json\/wp\/v2\/media?parent=121213"}],"wp:term":[{"taxonomy":"category","embeddable":true,"href":"https:\/\/www.europesays.com\/se\/wp-json\/wp\/v2\/categories?post=121213"},{"taxonomy":"post_tag","embeddable":true,"href":"https:\/\/www.europesays.com\/se\/wp-json\/wp\/v2\/tags?post=121213"}],"curies":[{"name":"wp","href":"https:\/\/api.w.org\/{rel}","templated":true}]}}