{"id":121217,"date":"2025-12-30T20:58:11","date_gmt":"2025-12-30T20:58:11","guid":{"rendered":"https:\/\/www.europesays.com\/se\/121217\/"},"modified":"2025-12-30T20:58:11","modified_gmt":"2025-12-30T20:58:11","slug":"olle-alsings-ilska-efter-malmos-suddenavgorande","status":"publish","type":"post","link":"https:\/\/www.europesays.com\/se\/121217\/","title":{"rendered":"Olle Alsings ilska efter Malm\u00f6s suddenavg\u00f6rande"},"content":{"rendered":"<p><a data-test-tag=\"internal-link\" href=\"https:\/\/www.aftonbladet.se\/av\/makoto-asahara\" class=\"hyperion-css-13ns1rr\" rel=\"nofollow noopener\" target=\"\" aria-label=\"Se alla artiklar av Makoto Asahara\"><img decoding=\"async\" class=\"image-asset hyperion-css-n6kkq1\" data-test-tag=\"image-asset\" src=\"https:\/\/www.europesays.com\/se\/wp-content\/uploads\/2025\/12\/1767128289_378_d489d8e9-feec-41cf-aec5-f7f6eb5fd94e.png\"  alt=\"\"  loading=\"lazy\" fetchpriority=\"auto\" style=\"aspect-ratio:1900 \/ 1900\"\/><\/a><\/p>\n<p class=\"boxtextgrotesk-root_baa6 hyperion-css-1w346fg\">Uppdaterad 21.55 | Publicerad 21.17<\/p>\n<p>share-arrowDela<\/p>\n<p>unsaveSpara<\/p>\n<p class=\"hyperion-css-1shl3oz\" data-test-tag=\"lead-text\">Malm\u00f6 Redhawks avgjorde i sudden mot bottenlaget HV71.<\/p>\n<p class=\"hyperion-css-1shl3oz\" data-test-tag=\"lead-text\">D\u00e5 brast det f\u00f6r HV-backen Olle Alsing, 29.<\/p>\n<p class=\"hyperion-css-1shl3oz\" data-test-tag=\"lead-text\">Alsing slog s\u00f6nder klubban och s\u00e5g ut att ha f\u00e5tt ont efter avg\u00f6randet.<\/p>\n<p><img decoding=\"async\" src=\"https:\/\/www.europesays.com\/se\/wp-content\/uploads\/2025\/12\/d9062dc4779eb9591a038c5681c9754e.jpg\" class=\"thumbnail-image_fbfd\" alt=\"Malm\u00f6 vann mot HV71 efter f\u00f6rl\u00e4ngning \u2013 kaptenens utbrott\"\/><\/p>\n<p>Malm\u00f6 vann mot HV71 efter f\u00f6rl\u00e4ngning \u2013 kaptenens utbrott<\/p>\n<p>0:52<\/p>\n<p class=\"hyperion-css-1v9qo5x\">Hemmaforwarden Mattias Tedenbys 2\u20132-m\u00e5l, hade tagit tisdagens SHL-drabbning i Husqvarna Garden till \u00f6vertid.<\/p>\n<p class=\"hyperion-css-1v9qo5x\">Men v\u00e4l d\u00e4r var det g\u00e4stande Malm\u00f6 som snodde \u00e5t sig bonuspo\u00e4ngen mot ett skadedrabbat HV, d\u00e4r s\u00e5 v\u00e4l Andreas Borgman som Oskar St\u00e5l-Lyren\u00e4s var tillbaka efter tidigare fr\u00e5nvaro.<\/p>\n<p class=\"hyperion-css-1v9qo5x\">Den f\u00f6rstn\u00e4mnde satt dock i utvisningsb\u00e5set n\u00e4r Lauri Pajuniemi satte det matchavg\u00f6rande m\u00e5let.<\/p>\n<p class=\"hyperion-css-1v9qo5x\">Oavsett anledning s\u00e5 var det ett m\u00e5l som inte togs v\u00e4l emot av Borgmans backkollega Olle Alsing.<\/p>\n<p class=\"hyperion-css-1v9qo5x\">29-\u00e5ringen slog klubban i m\u00e5lburen direkt efter avg\u00f6randet. Och s\u00e5g \u00e4ven ut att f\u00e5tt ont i samband med avslutningen av matchen.<\/p>\n<p class=\"hyperion-css-1v9qo5x\">check <strong>&#8211; Texten uppdateras.<\/strong><\/p>\n<p><img decoding=\"async\" class=\"image-asset hyperion-css-u06ts1\" data-test-tag=\"image-asset\" src=\"https:\/\/www.europesays.com\/se\/wp-content\/uploads\/2025\/12\/81678903-7eee-446c-88c7-19f09910c1d0.jpeg\"  alt=\"\"  loading=\"eager\" fetchpriority=\"high\" style=\"aspect-ratio:532 \/ 271\"\/> Foto: Tv4play<\/p>\n<p>expand-left<\/p>\n<p>helsk\u00e4rm<img decoding=\"async\" class=\"image-asset hyperion-css-u06ts1\" data-test-tag=\"image-asset\" src=\"https:\/\/www.europesays.com\/se\/wp-content\/uploads\/2025\/12\/1f50885a-7f28-4a6a-911a-bbfec989c300.jpeg\"  alt=\"\"  loading=\"eager\" fetchpriority=\"high\" style=\"aspect-ratio:565 \/ 309\"\/> Foto: Tv4play<\/p>\n<p>expand-left<\/p>\n<p>helsk\u00e4rm<img decoding=\"async\" class=\"image-asset hyperion-css-u06ts1\" data-test-tag=\"image-asset\" src=\"https:\/\/www.europesays.com\/se\/wp-content\/uploads\/2025\/12\/98f82c52-3708-46e0-ba8f-05efc1a15c68.jpeg\"  alt=\"\"  loading=\"eager\" fetchpriority=\"high\" style=\"aspect-ratio:680 \/ 330\"\/> Foto: Tv4playH\u00e4ndelserInb\u00f6rdes m\u00f6ten5 senasteTabell<\/p>\n<p>Arena: Husqvarna Garden<\/p>\n<ul class=\"eventperiod-eventList_faaa\">\n<li class=\"eventrow-eventRow_630f\">\n<p>5&#8242;<\/p>\n<p>J. Kuokkanen <b>F. H\u00e4ndemark\u00a0(0-1)\u00a0<\/b><\/p>\n<\/li>\n<li class=\"eventrow-eventRow_630f\">\n<p>J. Ang <b>H. Fransson\u00a0(1-2)\u00a0<\/b><\/p>\n<p>11&#8242;<\/p>\n<p>R. Salo <b>C. Persson\u00a0(0-2)\u00a0<\/b><\/p>\n<\/li>\n<li class=\"eventrow-eventRow_630f\">\n<p>14&#8242;<\/p>\n<\/li>\n<li class=\"eventrow-eventRow_630f\">\n<p>17&#8242;<\/p>\n<\/li>\n<\/ul>\n<ul class=\"eventperiod-eventList_faaa\">\n<li class=\"eventrow-eventRow_630f\">\n<p>A. Rindell <b>M. Tedenby\u00a0(2-2)\u00a0<\/b><\/p>\n<p>48&#8242;<\/p>\n<\/li>\n<\/ul>\n<ul class=\"eventperiod-eventList_faaa\">\n<li class=\"eventrow-eventRow_630f\">\n<p>60&#8242;<\/p>\n<\/li>\n<li class=\"eventrow-eventRow_630f\">\n<p>61&#8242;<\/p>\n<p>R. Salo <b>L. Pajuniemi\u00a0(2-3)\u00a0<\/b><\/p>\n<\/li>\n<\/ul>\n<p><a class=\"default eventsummary-followLink_0f93 hyperion-css-1u8qly9\" href=\"https:\/\/malservice.aftonbladet.se\/match\/_\/717907\/rapport\" target=\"_blank\" rel=\"noopener noreferrer nofollow\" data-test-tag=\"external-link\">L\u00e4s mer p\u00e5 M\u00e5lservicechevron-right<\/a><\/p>\n","protected":false},"excerpt":{"rendered":"Uppdaterad 21.55 | Publicerad 21.17 share-arrowDela unsaveSpara Malm\u00f6 Redhawks avgjorde i sudden mot bottenlaget HV71. D\u00e5 brast det&hellip;\n","protected":false},"author":2,"featured_media":121218,"comment_status":"","ping_status":"","sticky":false,"template":"","format":"standard","meta":{"footnotes":""},"categories":[68],"tags":[34,111,110,31,33,32,30],"class_list":{"0":"post-121217","1":"post","2":"type-post","3":"status-publish","4":"format-standard","5":"has-post-thumbnail","7":"category-sport","8":"tag-se","9":"tag-sport","10":"tag-sports","11":"tag-svenska","12":"tag-sverige","13":"tag-sweden","14":"tag-swedish"},"share_on_mastodon":{"url":"https:\/\/pubeurope.com\/@se\/115810527080816502","error":""},"_links":{"self":[{"href":"https:\/\/www.europesays.com\/se\/wp-json\/wp\/v2\/posts\/121217","targetHints":{"allow":["GET"]}}],"collection":[{"href":"https:\/\/www.europesays.com\/se\/wp-json\/wp\/v2\/posts"}],"about":[{"href":"https:\/\/www.europesays.com\/se\/wp-json\/wp\/v2\/types\/post"}],"author":[{"embeddable":true,"href":"https:\/\/www.europesays.com\/se\/wp-json\/wp\/v2\/users\/2"}],"replies":[{"embeddable":true,"href":"https:\/\/www.europesays.com\/se\/wp-json\/wp\/v2\/comments?post=121217"}],"version-history":[{"count":0,"href":"https:\/\/www.europesays.com\/se\/wp-json\/wp\/v2\/posts\/121217\/revisions"}],"wp:featuredmedia":[{"embeddable":true,"href":"https:\/\/www.europesays.com\/se\/wp-json\/wp\/v2\/media\/121218"}],"wp:attachment":[{"href":"https:\/\/www.europesays.com\/se\/wp-json\/wp\/v2\/media?parent=121217"}],"wp:term":[{"taxonomy":"category","embeddable":true,"href":"https:\/\/www.europesays.com\/se\/wp-json\/wp\/v2\/categories?post=121217"},{"taxonomy":"post_tag","embeddable":true,"href":"https:\/\/www.europesays.com\/se\/wp-json\/wp\/v2\/tags?post=121217"}],"curies":[{"name":"wp","href":"https:\/\/api.w.org\/{rel}","templated":true}]}}