{"id":121219,"date":"2025-12-30T20:59:33","date_gmt":"2025-12-30T20:59:33","guid":{"rendered":"https:\/\/www.europesays.com\/se\/121219\/"},"modified":"2025-12-30T20:59:33","modified_gmt":"2025-12-30T20:59:33","slug":"tv-toppen-kalle-anka-lockade-storpublik","status":"publish","type":"post","link":"https:\/\/www.europesays.com\/se\/121219\/","title":{"rendered":"Tv-toppen: Kalle Anka lockade storpublik"},"content":{"rendered":"<p>1.  Kalle Anka och hans v\u00e4nner (SVT1, julafton) 2\u00a0984\u00a0000.<\/p>\n<p>2. Bingolotto (TV4, tisdag) 2\u00a0295\u00a0000.<\/p>\n<p>3. P\u00e5 sp\u00e5ret (SVT1, annandag jul) 1\u00a0636\u00a0000.<\/p>\n<p>4. Kan du vissla Johanna (SVT1, julafton) 1\u00a0174\u00a0000.<\/p>\n<p>5. Carina Bergfeldt (SVT1, annandag jul) 1\u00a0039\u00a0000.<\/p>\n<p>6. Stj\u00e4rnorna p\u00e5 slottet (SVT1, l\u00f6rdag) 986\u00a0000.<\/p>\n<p>7. Julkalendern (SVT1, m\u00e5ndag) 959\u00a0000.<\/p>\n<p>8. Karl-Bertil Jonssons julafton (SVT1, julafton) 928\u00a0000.<\/p>\n<p>9. Julkalendern (SVT, julafton) 909\u00a0000.<\/p>\n<p>10. Svensson, Svensson (SVT, julafton) 843\u00a0000.<\/p>\n<p>M\u00e4tperiod 22\/12\u201328\/12 2025. Inga nyhetsprogram, \u201dSportnytt\u201d eller program under tio minuter tas med p\u00e5 listan.<\/p>\n<p>K\u00e4lla: MMS<\/p>\n","protected":false},"excerpt":{"rendered":"1. Kalle Anka och hans v\u00e4nner (SVT1, julafton) 2\u00a0984\u00a0000. 2. Bingolotto (TV4, tisdag) 2\u00a0295\u00a0000. 3. P\u00e5 sp\u00e5ret (SVT1,&hellip;\n","protected":false},"author":2,"featured_media":121220,"comment_status":"","ping_status":"","sticky":false,"template":"","format":"standard","meta":{"footnotes":""},"categories":[67],"tags":[104,34,31,33,32,30,105],"class_list":{"0":"post-121219","1":"post","2":"type-post","3":"status-publish","4":"format-standard","5":"has-post-thumbnail","7":"category-underhallning","8":"tag-entertainment","9":"tag-se","10":"tag-svenska","11":"tag-sverige","12":"tag-sweden","13":"tag-swedish","14":"tag-underhallning"},"share_on_mastodon":{"url":"https:\/\/pubeurope.com\/@se\/115810530926637722","error":""},"_links":{"self":[{"href":"https:\/\/www.europesays.com\/se\/wp-json\/wp\/v2\/posts\/121219","targetHints":{"allow":["GET"]}}],"collection":[{"href":"https:\/\/www.europesays.com\/se\/wp-json\/wp\/v2\/posts"}],"about":[{"href":"https:\/\/www.europesays.com\/se\/wp-json\/wp\/v2\/types\/post"}],"author":[{"embeddable":true,"href":"https:\/\/www.europesays.com\/se\/wp-json\/wp\/v2\/users\/2"}],"replies":[{"embeddable":true,"href":"https:\/\/www.europesays.com\/se\/wp-json\/wp\/v2\/comments?post=121219"}],"version-history":[{"count":0,"href":"https:\/\/www.europesays.com\/se\/wp-json\/wp\/v2\/posts\/121219\/revisions"}],"wp:featuredmedia":[{"embeddable":true,"href":"https:\/\/www.europesays.com\/se\/wp-json\/wp\/v2\/media\/121220"}],"wp:attachment":[{"href":"https:\/\/www.europesays.com\/se\/wp-json\/wp\/v2\/media?parent=121219"}],"wp:term":[{"taxonomy":"category","embeddable":true,"href":"https:\/\/www.europesays.com\/se\/wp-json\/wp\/v2\/categories?post=121219"},{"taxonomy":"post_tag","embeddable":true,"href":"https:\/\/www.europesays.com\/se\/wp-json\/wp\/v2\/tags?post=121219"}],"curies":[{"name":"wp","href":"https:\/\/api.w.org\/{rel}","templated":true}]}}