{"id":121224,"date":"2025-12-30T21:14:08","date_gmt":"2025-12-30T21:14:08","guid":{"rendered":"https:\/\/www.europesays.com\/se\/121224\/"},"modified":"2025-12-30T21:14:08","modified_gmt":"2025-12-30T21:14:08","slug":"ilska-i-skelleftea-fick-matchstraff-under-pausen","status":"publish","type":"post","link":"https:\/\/www.europesays.com\/se\/121224\/","title":{"rendered":"Ilska i Skellefte\u00e5 \u2013 fick matchstraff under pausen"},"content":{"rendered":"<p>share-arrowDela<\/p>\n<p>unsaveSpara<\/p>\n<p>expand-left<\/p>\n<p>helsk\u00e4rm<img decoding=\"async\" class=\"image-asset hyperion-css-u06ts1\" data-test-tag=\"image-asset\" src=\"https:\/\/www.europesays.com\/se\/wp-content\/uploads\/2025\/12\/dcdd5a83-3296-4d91-b684-c1d096d51cbd.jpeg\"  alt=\"Skellefte\u00e5s assisterande tr\u00e4nare Andreas Falk \u00e5kte p\u00e5 matchstraff. Arkivbild.\"  loading=\"eager\" fetchpriority=\"high\" style=\"aspect-ratio:1900 \/ 1267\"\/>Skellefte\u00e5s assisterande tr\u00e4nare Andreas Falk \u00e5kte p\u00e5 matchstraff. Arkivbild. Foto: Johan L\u00f6f\/TT<\/p>\n<p class=\"hyperion-css-1shl3oz\" data-test-tag=\"lead-text\">Skellefte\u00e5s assisterande tr\u00e4nare Andreas Falk \u00e5kte p\u00e5 matchstraff efter protester mot en ostraffad tackling i SHL-m\u00f6tet med Bryn\u00e4s.<\/p>\n<p class=\"hyperion-css-1v9qo5x\">Tidigt i matchen tvingades Skellefte\u00e5backen Lars Bryggman kliva av efter en h\u00e5rd tackling fr\u00e5n Luke Witkowski som domarna inte noterade.<\/p>\n<p class=\"hyperion-css-1v9qo5x\">Bryggman \u00e5terv\u00e4nde inte till spel, vilket ledde till diskussioner mellan Skellefte\u00e5b\u00e4nken och domarteamet inf\u00f6r den andra perioden.<\/p>\n<p class=\"hyperion-css-1v9qo5x\">Diskussionerna resulterade i lagstraff f\u00f6r Skellefte\u00e5 och matchstraff f\u00f6r assisterande tr\u00e4naren Andreas Falk f\u00f6r \u201dabuse of officials\u201d.<\/p>\n<p class=\"hyperion-css-1v9qo5x\">Hemmalaget fick d\u00e4rmed b\u00f6rja andra perioden i boxplay i 1\u20130-ledning.<\/p>\n<p class=\"hyperion-css-1v9qo5x\">Bryn\u00e4s kvitterade senare genom Johannes Kinnvall, men Skellefte\u00e5 tog tillbaka ledningen innan den andra perioden var slut.<\/p>\n<p class=\"hyperion-css-1v9qo5x\">I den tredje punkterade sedan Jonathan Pudas m\u00f6tet med 3\u20131 i tom kasse.<\/p>\n","protected":false},"excerpt":{"rendered":"share-arrowDela unsaveSpara expand-left helsk\u00e4rmSkellefte\u00e5s assisterande tr\u00e4nare Andreas Falk \u00e5kte p\u00e5 matchstraff. Arkivbild. Foto: Johan L\u00f6f\/TT Skellefte\u00e5s assisterande tr\u00e4nare&hellip;\n","protected":false},"author":2,"featured_media":121225,"comment_status":"","ping_status":"","sticky":false,"template":"","format":"standard","meta":{"footnotes":""},"categories":[68],"tags":[34,111,110,31,33,32,30],"class_list":{"0":"post-121224","1":"post","2":"type-post","3":"status-publish","4":"format-standard","5":"has-post-thumbnail","7":"category-sport","8":"tag-se","9":"tag-sport","10":"tag-sports","11":"tag-svenska","12":"tag-sverige","13":"tag-sweden","14":"tag-swedish"},"share_on_mastodon":{"url":"https:\/\/pubeurope.com\/@se\/115810589929490805","error":""},"_links":{"self":[{"href":"https:\/\/www.europesays.com\/se\/wp-json\/wp\/v2\/posts\/121224","targetHints":{"allow":["GET"]}}],"collection":[{"href":"https:\/\/www.europesays.com\/se\/wp-json\/wp\/v2\/posts"}],"about":[{"href":"https:\/\/www.europesays.com\/se\/wp-json\/wp\/v2\/types\/post"}],"author":[{"embeddable":true,"href":"https:\/\/www.europesays.com\/se\/wp-json\/wp\/v2\/users\/2"}],"replies":[{"embeddable":true,"href":"https:\/\/www.europesays.com\/se\/wp-json\/wp\/v2\/comments?post=121224"}],"version-history":[{"count":0,"href":"https:\/\/www.europesays.com\/se\/wp-json\/wp\/v2\/posts\/121224\/revisions"}],"wp:featuredmedia":[{"embeddable":true,"href":"https:\/\/www.europesays.com\/se\/wp-json\/wp\/v2\/media\/121225"}],"wp:attachment":[{"href":"https:\/\/www.europesays.com\/se\/wp-json\/wp\/v2\/media?parent=121224"}],"wp:term":[{"taxonomy":"category","embeddable":true,"href":"https:\/\/www.europesays.com\/se\/wp-json\/wp\/v2\/categories?post=121224"},{"taxonomy":"post_tag","embeddable":true,"href":"https:\/\/www.europesays.com\/se\/wp-json\/wp\/v2\/tags?post=121224"}],"curies":[{"name":"wp","href":"https:\/\/api.w.org\/{rel}","templated":true}]}}