{"id":121226,"date":"2025-12-30T21:19:07","date_gmt":"2025-12-30T21:19:07","guid":{"rendered":"https:\/\/www.europesays.com\/se\/121226\/"},"modified":"2025-12-30T21:19:07","modified_gmt":"2025-12-30T21:19:07","slug":"en-person-tros-ha-smittats-av-dricksvattnet","status":"publish","type":"post","link":"https:\/\/www.europesays.com\/se\/121226\/","title":{"rendered":"En person tros ha smittats av dricksvattnet"},"content":{"rendered":"<p><strong>En person har nu konstaterats smittad av den parasit som uppt\u00e4ckts i det kommunala vattenledningsn\u00e4tet och som ligger bakom r\u00e5dande kokrekommendation.<\/strong><\/p>\n<p>Sedan i b\u00f6rjan av december uppmanas boende i Visby, V\u00e4skinde, Brissund, Sj\u00e4ls\u00f6, Vibble och V\u00e4sterhejde \u2013 med kommunalt vatten \u2013 att <a href=\"https:\/\/www.horisontmagasin.se\/2025\/12\/03\/visbybor-uppmanas-koka-sitt-kranvatten\/\" rel=\"nofollow noopener\" target=\"_blank\"><strong>koka sitt vatten innan anv\u00e4ndning<\/strong><\/a> till dryck, matlagning eller tandborstning. F\u00f6rst konstaterades en f\u00f6rh\u00f6jd halt organismer i vattnet, och veckan f\u00f6re jul visade vattenanalyser att vattnet ocks\u00e5 inneh\u00f6ll tv\u00e5 sorters parasiter, giardia och cryptosporidium.<\/p>\n<p>Dessa parasiter kan orsaka diarr\u00e9, magsm\u00e4rtor och kr\u00e4kningar, och d\u00e4rf\u00f6r st\u00e4rktes ocks\u00e5 rekommendationen att koka vattnet n\u00e4r parasiterna uppt\u00e4cktes. Dessutom st\u00e4llde Region Gotland ut <a href=\"https:\/\/www.horisontmagasin.se\/2025\/12\/30\/tank-pa-gutavallen-oppet-07-till-23\/\" rel=\"nofollow noopener\" target=\"_blank\"><strong>en tank f\u00f6r h\u00e4mtning av dricksvatten<\/strong><\/a>, som nu st\u00e5r uppst\u00e4lld p\u00e5 Gutavallen.<\/p>\n<p>Fram till i dag tisdag har den gotl\u00e4ndska v\u00e5rden inte koppla n\u00e5gon sjuk person till parasiterna i vattnet \u2013 men nu har det skett.<\/p>\n<p>P\u00e5 tisdagseftermiddagen kom beskedet att en person p\u00e5 Gotland har insjuknat i vad som misst\u00e4nks vara cryptosporidier, m\u00f6jligen kopplat till att personen druckit icke kokat dricksvatten i Visby.<\/p>\n<p>&#8221;Det h\u00e4r \u00e4r ett enskilt fall d\u00e4r vi, utifr\u00e5n smittsp\u00e5rningen, inte kan utesluta koppling till dricksvattnet&#8221;, s\u00e4ger Nils Block, st\u00e4llf\u00f6retr\u00e4dande smittskyddsl\u00e4kare vid smittskyddsenheten, i ett pressmeddelande fr\u00e5n Region Gotland.<\/p>\n<p>Regionen meddelar ocks\u00e5 att den smittade personen inte har beh\u00f6vt v\u00e5rdas p\u00e5 sjukhus.<\/p>\n<p>Varje \u00e5r uppt\u00e4cks varje \u00e5r ett f\u00e5tal fall av cryptosporidium-smitta. Cirka h\u00e4lften tros vara smittade utomlands, de flesta \u00f6vriga har sannolikt f\u00e5tt i sig smittan via kontakt med djur eller vatten i enskilda brunnar som har smittats.<\/p>\n<p>Nils Block betonar samtidigt att kokrekommendationen inf\u00f6rdes just f\u00f6r att minska risken f\u00f6r smittspridning, och att det d\u00e4rmed \u00e4r mycket viktigt att vattnet i de aktuella omr\u00e5dena kokas \u00e4ven forts\u00e4ttningsvis, till dess regionen hittat orsaken och kommit till r\u00e4tta med problemen.<\/p>\n<p>Regionen har tidigare meddelat att <a href=\"https:\/\/www.horisontmagasin.se\/2025\/12\/17\/vi-kommer-att-fa-koka-vatten-over-jul\/\" rel=\"nofollow noopener\" target=\"_blank\"><strong>vattnet kommer att beh\u00f6va kokas<\/strong><\/a> \u00e5tminstone till mitten eller slutet av januari.<\/p>\n<p>\u00a0<\/p>\n<p>FAKTA\/ Cryptosporidium och giardia<\/p>\n<p><strong>Enligt Livsmedelsverket har<\/strong> cryptosporidium orsakat \u00e5tminstone tre st\u00f6rre utbrott av cryptosporidium-smitta de senaste femton \u00e5ren; 2010-2011 smittades 27 000 personer i \u00d6stersund och 20 000 personer i Skellefte\u00e5, i b\u00e5da fallen handlade det om dricksvattenburen smitta. 2019 utreddes en \u00f6kning av smitta d\u00e5 bland annat gr\u00f6nk\u00e5l och spenat misst\u00e4nktes utg\u00f6ra smittk\u00e4lla.<\/p>\n<p>&#8221;Cryptosporidium \u00e4r mycket smittsamt, det r\u00e4cker med n\u00e5gra f\u00e5 parasiter f\u00f6r att bli sjuk&#8221;, skriver Livsmedelsverket och ber\u00e4ttar vidare att smitta sprids endera genom att m\u00e4nniskor \u00e4ter eller dricker livsmedel som f\u00f6rorenats av parasiten, men smitta kan ocks\u00e5 \u00f6verf\u00f6ras mellan m\u00e4nniskor, och \u00e4ven mellan djur och m\u00e4nniskor.<\/p>\n<p>                                        Annons<br \/>\n                                        <a href=\"https:\/\/www.kraenku.se\" target=\"_blank\" data-tracking-id=\"left4\" rel=\"nofollow noopener\"><img decoding=\"async\" src=\"https:\/\/usercontent.one\/wp\/www.horisontmagasin.se\/wp-content\/uploads\/2024\/11\/Kranku-840-x-200.png?media=1766356387\" alt=\"Annons\" class=\"img-fluid mx-auto d-block lazyload\" bad-src=\"data:image\/svg+xml;base64,PHN2ZyB3aWR0aD0iMSIgaGVpZ2h0PSIxIiB4bWxucz0iaHR0cDovL3d3dy53My5vcmcvMjAwMC9zdmciPjwvc3ZnPg==\"\/><\/a>                                    <\/p>\n<p>&#8221;Infekterade m\u00e4nniskor och djur uts\u00f6ndrar parasiten i sin avf\u00f6ring&#8221;, skriver verket.<\/p>\n<p>Vad g\u00e4ller den andra parasit-art som nu misst\u00e4nks finnas i Visbyvattnet, giardia, s\u00e5 beskriver Livsmedelsverket smittv\u00e4garna p\u00e5 liknande s\u00e4tt som f\u00f6r cryptosporidium. &#8221;Den vanligaste smittv\u00e4gen \u00e4r via avf\u00f6ring till avlopps- och ytvatten som sen kan f\u00f6rorena dricksvatten&#8221;, skriver man om giardia-parasiten.<\/p>\n<p>\u00a0<\/p>\n<p><strong>L\u00e4s mer:\u00a0<\/strong><\/p>\n<p><a href=\"https:\/\/www.horisontmagasin.se\/2025\/12\/30\/tank-pa-gutavallen-oppet-07-till-23\/\" rel=\"nofollow noopener\" target=\"_blank\"><strong>Tank p\u00e5 Gutavallen \u2013 \u00f6ppet 07 till 23<\/strong> <\/a>(Horisont 30 december 2o25)<\/p>\n<p><a href=\"https:\/\/www.horisontmagasin.se\/2025\/12\/29\/vattentanken-flyttas-annu-oklart-vart\/\" rel=\"nofollow noopener\" target=\"_blank\"><strong>Vattentanken flyttas \u2013 \u00e4nnu oklart vart<\/strong><\/a> (Horisont 29 december 2025)<\/p>\n<p><a href=\"https:\/\/www.horisontmagasin.se\/2025\/12\/22\/laga-nivaer-av-parasiter-kokuppmaning-kvarstar\/\" rel=\"nofollow noopener\" target=\"_blank\"><strong>\u00c4nnu oklart om parasiterna \u00e4r farliga<\/strong> <\/a>(Horisont 22 december 2025)<\/p>\n<p><a href=\"https:\/\/www.horisontmagasin.se\/2025\/12\/19\/visbybor-kan-hamta-dricksvatten-fran-tank\/\" rel=\"nofollow noopener\" target=\"_blank\"><strong>Dricksvattentank st\u00e4lls ut f\u00f6r Visbybor<\/strong><\/a> (Horisont 21 december 2025)<\/p>\n<p><a href=\"https:\/\/www.horisontmagasin.se\/2025\/12\/19\/vatten-bor-kokas-aven-till-djuren\/\" rel=\"nofollow noopener\" target=\"_blank\"><strong>Vattnet b\u00f6r kokas \u00e4ven till djuren<\/strong> <\/a>(Horisont 19 december 2025)<\/p>\n<p><a href=\"https:\/\/www.horisontmagasin.se\/2025\/12\/17\/vi-kommer-att-fa-koka-vatten-over-jul\/\" rel=\"nofollow noopener\" target=\"_blank\"><strong>&#8221;Vi kommer att f\u00e5 koka vatten \u00f6ver jul&#8221;<\/strong><\/a> (Horisont 17 december 2025)<\/p>\n<p><a href=\"https:\/\/www.horisontmagasin.se\/2025\/12\/15\/filter-testas-i-ledningarna-vattnet-ska-annu-kokas\/\" rel=\"nofollow noopener\" target=\"_blank\"><strong>Filter testas i ledningar \u2013 fortsatt kokning g\u00e4ller<\/strong> <\/a>(Horisont 15 december 2025)<\/p>\n<p><a href=\"https:\/\/www.horisontmagasin.se\/2025\/12\/03\/visbybor-uppmanas-koka-sitt-kranvatten\/\" rel=\"nofollow noopener\" target=\"_blank\"><strong>Vattnet m\u00e5ste kokas: &#8221;Avvikelse kr\u00e4ver \u00e5tg\u00e4rder&#8221;<\/strong><\/a> (Horisont 3 december 2025)<\/p>\n<p>\u2014 \u2014 \u2014<\/p>\n<p><a style=\"color: #008000\" href=\"https:\/\/www.horisontmagasin.se\/2025\/12\/30\/en-person-tros-ha-smittats-av-dricksvattnet\/mailto:redaktion@hpress.se\" rel=\"nofollow noopener\" target=\"_blank\"><strong>VEM ELLER VAD<\/strong><\/a> vill du l\u00e4sa mer om? Har du tips p\u00e5 sp\u00e4nnande m\u00e4nniskor eller h\u00e4ndelser som vi b\u00f6r gr\u00e4va i? Mejla Horisonts redaktion p\u00e5 <a style=\"color: #008000\" href=\"https:\/\/www.horisontmagasin.se\/2025\/12\/30\/en-person-tros-ha-smittats-av-dricksvattnet\/mailto:redaktion@hpress.se\" rel=\"nofollow noopener\" target=\"_blank\"><strong>redaktion@hpress.se<\/strong><\/a>!<\/p>\n<p>\u2014 \u2014 \u2014<\/p>\n<p><a style=\"color: #008000\" href=\"https:\/\/sub.unseald.com\/checkout\/horisontmagasin_se\" rel=\"nofollow noopener\" target=\"_blank\"><b>PRENUMERERA<\/b><\/a>\u00a0f\u00f6r att f\u00e5 tillg\u00e5ng till Horisont magasin och allt premiummaterial p\u00e5 sajten.<\/p>\n<p>\u2014 \u2014 \u2014<\/p>\n<p><a style=\"color: #008000\" href=\"https:\/\/gansub.com\/s\/yOCsZ0O6J8LckzvxW\/\" rel=\"nofollow noopener\" target=\"_blank\"><b>HORISONTS NYHETSBREV<\/b><\/a>\u00a0skickas ut helt gratis varje vardagsmorgon med en sammanfattning av de senaste Gotlandsnyheterna. Registrera dig via l\u00e4nken.<\/p>\n","protected":false},"excerpt":{"rendered":"En person har nu konstaterats smittad av den parasit som uppt\u00e4ckts i det kommunala vattenledningsn\u00e4tet och som ligger&hellip;\n","protected":false},"author":2,"featured_media":121227,"comment_status":"","ping_status":"","sticky":false,"template":"","format":"standard","meta":{"footnotes":""},"categories":[12],"tags":[22,23,12866,12867,26,27,12868,17,21,12869,24,25,28,29,15,16,12870,18,34,12871,9173,31,33,32,30,19,20,12872,12873,4412,12874,11354],"class_list":{"0":"post-121226","1":"post","2":"type-post","3":"status-publish","4":"format-standard","5":"has-post-thumbnail","7":"category-sverige","8":"tag-breaking-news","9":"tag-breakingnews","10":"tag-brissund","11":"tag-cryptosporidium","12":"tag-featured-news","13":"tag-featurednews","14":"tag-giardia","15":"tag-headlines","16":"tag-huvudnyheter","17":"tag-kokrekommendation","18":"tag-latest-news","19":"tag-latestnews","20":"tag-main-news","21":"tag-mainnews","22":"tag-news","23":"tag-nyheter","24":"tag-parasiter","25":"tag-rubriker","26":"tag-se","27":"tag-sjalso","28":"tag-smitta","29":"tag-svenska","30":"tag-sverige","31":"tag-sweden","32":"tag-swedish","33":"tag-top-stories","34":"tag-topstories","35":"tag-vaskinde","36":"tag-vasterhejde","37":"tag-vatten","38":"tag-vibble","39":"tag-visby"},"share_on_mastodon":{"url":"https:\/\/pubeurope.com\/@se\/115810609597812929","error":""},"_links":{"self":[{"href":"https:\/\/www.europesays.com\/se\/wp-json\/wp\/v2\/posts\/121226","targetHints":{"allow":["GET"]}}],"collection":[{"href":"https:\/\/www.europesays.com\/se\/wp-json\/wp\/v2\/posts"}],"about":[{"href":"https:\/\/www.europesays.com\/se\/wp-json\/wp\/v2\/types\/post"}],"author":[{"embeddable":true,"href":"https:\/\/www.europesays.com\/se\/wp-json\/wp\/v2\/users\/2"}],"replies":[{"embeddable":true,"href":"https:\/\/www.europesays.com\/se\/wp-json\/wp\/v2\/comments?post=121226"}],"version-history":[{"count":0,"href":"https:\/\/www.europesays.com\/se\/wp-json\/wp\/v2\/posts\/121226\/revisions"}],"wp:featuredmedia":[{"embeddable":true,"href":"https:\/\/www.europesays.com\/se\/wp-json\/wp\/v2\/media\/121227"}],"wp:attachment":[{"href":"https:\/\/www.europesays.com\/se\/wp-json\/wp\/v2\/media?parent=121226"}],"wp:term":[{"taxonomy":"category","embeddable":true,"href":"https:\/\/www.europesays.com\/se\/wp-json\/wp\/v2\/categories?post=121226"},{"taxonomy":"post_tag","embeddable":true,"href":"https:\/\/www.europesays.com\/se\/wp-json\/wp\/v2\/tags?post=121226"}],"curies":[{"name":"wp","href":"https:\/\/api.w.org\/{rel}","templated":true}]}}