{"id":121230,"date":"2025-12-30T21:27:17","date_gmt":"2025-12-30T21:27:17","guid":{"rendered":"https:\/\/www.europesays.com\/se\/121230\/"},"modified":"2025-12-30T21:27:17","modified_gmt":"2025-12-30T21:27:17","slug":"tlv-vill-se-forandrad-subvention-och-prissattning-av-lakemedel-lakartidningen","status":"publish","type":"post","link":"https:\/\/www.europesays.com\/se\/121230\/","title":{"rendered":"TLV vill se f\u00f6r\u00e4ndrad subvention och priss\u00e4ttning av l\u00e4kemedel \u2013 L\u00e4kartidningen"},"content":{"rendered":"<p>Tandv\u00e5rds- och l\u00e4kemedelsf\u00f6rm\u00e5nsverket (TLV) f\u00f6resl\u00e5r nya riktlinjer och regel\u00e4ndringar f\u00f6r subvention och priss\u00e4ttning av l\u00e4kemedel. Syftet \u00e4r att s\u00e4kerst\u00e4lla god tillg\u00e5ng till effektiva l\u00e4kemedel och samtidigt h\u00e5lla kostnaderna h\u00e5llbara \u00f6ver tid, skriver myndigheten p\u00e5 sin webbplats. F\u00f6rslagen ska \u00f6ka transparensen och g\u00f6ra besluten mer enhetliga och f\u00f6ruts\u00e4gbara.<\/p>\n<p>Bakgrunden \u00e4r snabbt \u00f6kande l\u00e4kemedelskostnader och nya behandlingsm\u00f6jligheter. TLV vill bland annat ta st\u00f6rre h\u00e4nsyn till patientantal och f\u00f6rs\u00e4ljningsv\u00e4rde samt inf\u00f6ra priss\u00e4nkningar p\u00e5 l\u00e4kemedel med h\u00f6gt f\u00f6rs\u00e4ljningsv\u00e4rde f\u00f6r att frig\u00f6ra resurser, bland annat till behandlingar av s\u00e4llsynta h\u00e4lsotillst\u00e5nd.<\/p>\n<p>\n\t\tAnnons\t\t\t<\/p>\n<p>\t\t<a href=\"https:\/\/karriar.aleris.se\/jobs\/6934715-specialistlakare-till-aleris-asih-sodertalje-huddinge\" data-ad-target=\"link\" class=\"Ad-content\" rel=\"sponsored nofollow noopener\" target=\"_blank\"><\/p>\n<p>\t\t\t\t<img alt=\"Annons\" class=\"MediaWrapper-content Ad-image\" src=\"https:\/\/www.europesays.com\/se\/wp-content\/uploads\/2025\/12\/1767130037_812_banner1404x720.jpg\" data-lazy-load-target=\"content\" width=\"468\" height=\"240\" loading=\"lazy\" decoding=\"async\" fetchpriority=\"auto\"\/><\/p>\n<p>\t\t<\/a><\/p>\n<p>Myndigheten f\u00f6resl\u00e5r \u00e4ven ett mer flexibelt regelverk f\u00f6r takpriser p\u00e5 utbytbara l\u00e4kemedel f\u00f6r att st\u00e4rka tillg\u00e5ngen till konkurrensutsatta l\u00e4kemedel. F\u00f6rslagen skickas nu p\u00e5 remiss.<\/p>\n","protected":false},"excerpt":{"rendered":"Tandv\u00e5rds- och l\u00e4kemedelsf\u00f6rm\u00e5nsverket (TLV) f\u00f6resl\u00e5r nya riktlinjer och regel\u00e4ndringar f\u00f6r subvention och priss\u00e4ttning av l\u00e4kemedel. Syftet \u00e4r att&hellip;\n","protected":false},"author":2,"featured_media":23191,"comment_status":"","ping_status":"","sticky":false,"template":"","format":"standard","meta":{"footnotes":""},"categories":[12],"tags":[22,23,26,27,17,21,24,25,28,29,15,16,18,34,31,33,32,30,19,20],"class_list":{"0":"post-121230","1":"post","2":"type-post","3":"status-publish","4":"format-standard","5":"has-post-thumbnail","7":"category-sverige","8":"tag-breaking-news","9":"tag-breakingnews","10":"tag-featured-news","11":"tag-featurednews","12":"tag-headlines","13":"tag-huvudnyheter","14":"tag-latest-news","15":"tag-latestnews","16":"tag-main-news","17":"tag-mainnews","18":"tag-news","19":"tag-nyheter","20":"tag-rubriker","21":"tag-se","22":"tag-svenska","23":"tag-sverige","24":"tag-sweden","25":"tag-swedish","26":"tag-top-stories","27":"tag-topstories"},"share_on_mastodon":{"url":"https:\/\/pubeurope.com\/@se\/115810641023340542","error":""},"_links":{"self":[{"href":"https:\/\/www.europesays.com\/se\/wp-json\/wp\/v2\/posts\/121230","targetHints":{"allow":["GET"]}}],"collection":[{"href":"https:\/\/www.europesays.com\/se\/wp-json\/wp\/v2\/posts"}],"about":[{"href":"https:\/\/www.europesays.com\/se\/wp-json\/wp\/v2\/types\/post"}],"author":[{"embeddable":true,"href":"https:\/\/www.europesays.com\/se\/wp-json\/wp\/v2\/users\/2"}],"replies":[{"embeddable":true,"href":"https:\/\/www.europesays.com\/se\/wp-json\/wp\/v2\/comments?post=121230"}],"version-history":[{"count":0,"href":"https:\/\/www.europesays.com\/se\/wp-json\/wp\/v2\/posts\/121230\/revisions"}],"wp:featuredmedia":[{"embeddable":true,"href":"https:\/\/www.europesays.com\/se\/wp-json\/wp\/v2\/media\/23191"}],"wp:attachment":[{"href":"https:\/\/www.europesays.com\/se\/wp-json\/wp\/v2\/media?parent=121230"}],"wp:term":[{"taxonomy":"category","embeddable":true,"href":"https:\/\/www.europesays.com\/se\/wp-json\/wp\/v2\/categories?post=121230"},{"taxonomy":"post_tag","embeddable":true,"href":"https:\/\/www.europesays.com\/se\/wp-json\/wp\/v2\/tags?post=121230"}],"curies":[{"name":"wp","href":"https:\/\/api.w.org\/{rel}","templated":true}]}}