{"id":121238,"date":"2025-12-30T21:52:10","date_gmt":"2025-12-30T21:52:10","guid":{"rendered":"https:\/\/www.europesays.com\/se\/121238\/"},"modified":"2025-12-30T21:52:10","modified_gmt":"2025-12-30T21:52:10","slug":"putins-nya-krav-boendei-ryssland-ska-rosta","status":"publish","type":"post","link":"https:\/\/www.europesays.com\/se\/121238\/","title":{"rendered":"Putins nya krav: Boende\ni Ryssland ska r\u00f6sta"},"content":{"rendered":"<p>Utan ett ukrainskt val kan det inte bli fred, menar Ryssland.<\/p>\n<p>Nu kr\u00e4ver utrikesministern att \u00e4ven ukrainare i Ryssland m\u00e5ste f\u00e5 r\u00f6sta.<\/p>\n<p>\u2013 Den stora majoritet som nu bor i Ryssland m\u00e5ste f\u00e5 best\u00e4mma \u00f6ver sin framtid, s\u00e4ger han.<\/p>\n<p>Senaste klippen om kriget i Ukraina.<img   alt=\"\"\/><\/p>\n<p>Vladimir Putin och Sergej Lavrov.<\/p>\n<p>Foto: SERGEI ILNITSLY \/ AP TT NYHETSBYR\u00c5N<\/p>\n<p>\u00d6ppna bild i helsk\u00e4rm<\/p>\n<p>Ryska f\u00f6retr\u00e4dare har l\u00e4nge h\u00e4vdat att Volodymyr Zelenskyj inte \u00e4r n\u00e5gon legitim ledare f\u00f6r Ukraina d\u00e5 f\u00f6rra \u00e5rets planerade presidentval sk\u00f6ts upp.<\/p>\n<p>Utrikesministern Sergej Lavrov menar att det faktumet g\u00f6r det om\u00f6jligt att f\u00e5 till ett fredsavtal innan ett val h\u00e5llits.<\/p>\n<p>\u2013 Volodymyr Zelenskyjs makt som president tog slut i maj 2024, s\u00e4ger Lavrov i en ny intervju med den statliga nyhetsbyr\u00e5n Rossija Segodnja.<\/p>\n<p>\u2013 Det nuvarande ledarskapet i Kiev beh\u00f6ver ett mandat f\u00f6r att signera alla former av ett fredsavtal, och det kan man bara f\u00e5 genom ett val. Han h\u00e4vdar ocks\u00e5 att USA har en liknande st\u00e5ndpunkt.<\/p>\n<p>V\u00e4grar vapenvila<\/p>\n<p>Men de ukrainska krigslagarna m\u00f6jligg\u00f6r inte n\u00e5got val medan kriget p\u00e5g\u00e5r. En h\u00e5llning som \u00e4ven landets oppositionsledare st\u00e4ller sig bakom.<\/p>\n<p>Zelenskyj har dock sagt att han \u00e4r redo att h\u00e5lla ett val om s\u00e4kerheten garanteras av v\u00e4stv\u00e4rlden. I dagarna \u00f6ppnade han ocks\u00e5 f\u00f6r en <a href=\"https:\/\/www.expressen.se\/nyheter\/varlden\/zelenskyj-oppnar-for-folkomrostning-om-fredsplan\/\" rel=\"nofollow noopener\" target=\"_blank\">folkomr\u00f6stning om ett m\u00f6jligt fredsavtal<\/a>.<\/p>\n<p>F\u00f6ruts\u00e4ttningen presidenten har lagt fram \u00e4r dock att det sker under en vapenvila, n\u00e5got Lavrov \u00e4r kritisk till.<\/p>\n<p>\u2013 Ett val f\u00e5r inte anv\u00e4ndas som en f\u00f6rev\u00e4ndning f\u00f6r en vapenvila som ger de ukrainska styrkorna m\u00f6jlighet att rusta upp igen, s\u00e4ger Lavrov.<\/p>\n<p>I intervjun kr\u00e4ver han ocks\u00e5 att \u00e4ven ukrainare som bor i <a href=\"https:\/\/www.expressen.se\/tagg\/location\/ryssland\/\" class=\"\" rel=\"nofollow noopener\" target=\"_blank\">Ryssland<\/a> ska ges m\u00f6jlighet att r\u00f6sta. Han p\u00e5st\u00e5r ocks\u00e5 att den gruppen tillh\u00f6r den \u201dstora majoriteten\u201d av ukrainare.<\/p>\n<p>Flera experter har varnat f\u00f6r att Ryssland sannolikt skulle f\u00f6rs\u00f6ka p\u00e5verka ett s\u00e5dant val, bland annat genom p\u00e5st\u00e5dda r\u00f6ster fr\u00e5n ockuperade omr\u00e5den eller fr\u00e5n ukrainare som befinner sig i Ryssland.<\/p>\n","protected":false},"excerpt":{"rendered":"Utan ett ukrainskt val kan det inte bli fred, menar Ryssland. Nu kr\u00e4ver utrikesministern att \u00e4ven ukrainare i&hellip;\n","protected":false},"author":2,"featured_media":121239,"comment_status":"","ping_status":"","sticky":false,"template":"","format":"standard","meta":{"footnotes":""},"categories":[5],"tags":[22,23,26,27,17,21,24,25,274,202,28,29,15,276,16,1010,18,34,55,31,33,32,30,19,60,20],"class_list":{"0":"post-121238","1":"post","2":"type-post","3":"status-publish","4":"format-standard","5":"has-post-thumbnail","7":"category-rubriker","8":"tag-breaking-news","9":"tag-breakingnews","10":"tag-featured-news","11":"tag-featurednews","12":"tag-headlines","13":"tag-huvudnyheter","14":"tag-latest-news","15":"tag-latestnews","16":"tag-location-ryssland","17":"tag-location-ukraina","18":"tag-main-news","19":"tag-mainnews","20":"tag-news","21":"tag-newsstory-kriget-i-ukraina","22":"tag-nyheter","23":"tag-person-sergej-lavrov","24":"tag-rubriker","25":"tag-se","26":"tag-sections-varlden","27":"tag-svenska","28":"tag-sverige","29":"tag-sweden","30":"tag-swedish","31":"tag-top-stories","32":"tag-topic-krig-konflikt","33":"tag-topstories"},"share_on_mastodon":{"url":"https:\/\/pubeurope.com\/@se\/115810739323355399","error":""},"_links":{"self":[{"href":"https:\/\/www.europesays.com\/se\/wp-json\/wp\/v2\/posts\/121238","targetHints":{"allow":["GET"]}}],"collection":[{"href":"https:\/\/www.europesays.com\/se\/wp-json\/wp\/v2\/posts"}],"about":[{"href":"https:\/\/www.europesays.com\/se\/wp-json\/wp\/v2\/types\/post"}],"author":[{"embeddable":true,"href":"https:\/\/www.europesays.com\/se\/wp-json\/wp\/v2\/users\/2"}],"replies":[{"embeddable":true,"href":"https:\/\/www.europesays.com\/se\/wp-json\/wp\/v2\/comments?post=121238"}],"version-history":[{"count":0,"href":"https:\/\/www.europesays.com\/se\/wp-json\/wp\/v2\/posts\/121238\/revisions"}],"wp:featuredmedia":[{"embeddable":true,"href":"https:\/\/www.europesays.com\/se\/wp-json\/wp\/v2\/media\/121239"}],"wp:attachment":[{"href":"https:\/\/www.europesays.com\/se\/wp-json\/wp\/v2\/media?parent=121238"}],"wp:term":[{"taxonomy":"category","embeddable":true,"href":"https:\/\/www.europesays.com\/se\/wp-json\/wp\/v2\/categories?post=121238"},{"taxonomy":"post_tag","embeddable":true,"href":"https:\/\/www.europesays.com\/se\/wp-json\/wp\/v2\/tags?post=121238"}],"curies":[{"name":"wp","href":"https:\/\/api.w.org\/{rel}","templated":true}]}}