{"id":121242,"date":"2025-12-30T21:55:07","date_gmt":"2025-12-30T21:55:07","guid":{"rendered":"https:\/\/www.europesays.com\/se\/121242\/"},"modified":"2025-12-30T21:55:07","modified_gmt":"2025-12-30T21:55:07","slug":"klart-de-atervander-i-oceans-14-inspelningen-kan-starta-hosten-2026","status":"publish","type":"post","link":"https:\/\/www.europesays.com\/se\/121242\/","title":{"rendered":"Klart: De \u00e5terv\u00e4nder i &#8221;Ocean&#8217;s 14&#8221; &#8211; inspelningen kan starta h\u00f6sten 2026"},"content":{"rendered":"<p>En ny kupp \u00e4r p\u00e5 g\u00e5ng i Hollywood! George Clooney har p\u00e5 n\u00e5got s\u00e4tt lyckats lura till sig tillr\u00e4ckligt med pengar f\u00f6r finansiera en fj\u00e4rde \u201dOcean\u2019s\u201d-film, med i princip alla stora namnen fr\u00e5n de ursprungliga filmerna tillbaka i rollerna. <\/p>\n<p>I en ny artikel fr\u00e5n <a href=\"https:\/\/variety.com\/2025\/film\/features\/george-clooney-oceans-reboot-jay-kelly-trump-1236618393\/\" rel=\"nofollow noopener\" target=\"_blank\">Variety<\/a> rapporteras det att Clooney i \u201dOcean\u2019s Fourteen\u201d (titeln \u00e4r inte bekr\u00e4ftad, men tills n\u00e5gon s\u00e4ger annat \u00e4r det rimligt att anta att man forts\u00e4tter med den titeltradition filmserien etablerat) kommer f\u00e5 s\u00e4llskap av <strong>Brad Pitt<\/strong>, <strong>Matt Damon<\/strong>, <strong>Julia Roberts<\/strong> och <strong>Don Cheadle<\/strong>, som repriserar sina roller som Rusty, Linus, Tess och Basher respektive. Just nu tittar man p\u00e5 potentiella inspelningsplatser, med f\u00f6rhoppningen att dra ig\u00e5ng inspelningen oktober 2026. Clooney beskriver f\u00f6r Variety att han lockades av det faktum att hela Oceans-g\u00e4nget nu \u00e4r till \u00e5ren komna, vilket g\u00f6r att de m\u00e5ste bli \u00e4n mer kreativa f\u00f6r att utf\u00f6ra sina storslagna inbrott.<\/p>\n<p>\u2013 Det var n\u00e5got som lockade mig med id\u00e9n att vi \u00e4r f\u00f6r gamla f\u00f6r att g\u00f6ra det vi brukade, men vi \u00e4r fortfarande smarta nog f\u00f6r att veta hur vi ska komma undan. De har tappat farten, och beh\u00f6ver hitta ett s\u00e4tt att komma runt sina begr\u00e4nsningar p\u00e5. <\/p>\n<p>Vad \u00e4r \u201dOcean\u2019s Eleven\u201d?<\/p>\n<p>Eftersom \u201dOcean\u2019s\u201d-franchisen hade sin storhetstid kring tidigt 00-tal har vi kanske en del yngre l\u00e4sare som missat grejen. Oroa er icke, h\u00e4r \u00e4r en snabb sammanfattning: \u201dOcean\u2019s\u201d-filmerna f\u00f6ljer ett band skickliga tjuvar ledda av charmerande vision\u00e4ren Danny Ocean (Clooney) n\u00e4r de utf\u00f6r om\u00f6jliga inbrott, i regel f\u00f6r att stj\u00e4la n\u00e5got dyrt fr\u00e5n n\u00e5gon som inte f\u00f6rtj\u00e4nar att \u00e4ga det. <strong>Steven Soderbergh<\/strong> regisserade alla tre originalfilmerna: huruvida han \u00e5terv\u00e4nder f\u00f6r den fj\u00e4rde \u00e5terst\u00e5r att se. <\/p>\n<p>Totalt har Clooney och g\u00e4nget gjort tre filmer, varav den senaste, \u201dOcean\u2019s Thirteen\u201d, kom 2007. Sedan dess har vi \u00e4ven f\u00e5tt en spinoff, \u201dOcean\u2019s Eight\u201d, med Sandra Bullock och Cate Blanchett i huvudrollerna. \u00c4n s\u00e5 l\u00e4nge finns det inget som tyder p\u00e5 att Clooney planerar att inkludera karakt\u00e4rer fr\u00e5n den filmen i den nya \u201dOcean\u2019s\u201d-filmen. <\/p>\n<p>Det har \u00e4ven ryktats om att <a href=\"https:\/\/www.moviezine.se\/nyheter\/fangad-av-en-stormvind-oceans-11-prequel-kan-ha-svept-upp-en-regissor\" rel=\"nofollow noopener\" target=\"_blank\">en prequel<\/a> till \u201dOcean\u2019s Eleven\u201d \u00e4r i g\u00f6rningen, separat fr\u00e5n Clooneys reunion-projekt. Prequelfilmen s\u00e4gs fokusera p\u00e5 Danny Oceans f\u00f6r\u00e4ldrar, och <a href=\"https:\/\/www.moviezine.se\/nyheter\/bradley-cooper-gor-oceans-prequel-med-margot-robbie\" rel=\"nofollow noopener\" target=\"_blank\">Margot Robbie och Bradley Cooper s\u00e4gs vara aktuella<\/a> f\u00f6r huvudrollerna. Vad statusen \u00e4r p\u00e5 den filmen just nu \u00e4r n\u00e5got oklart \u2013 kanske f\u00e5r den vackert v\u00e4nta till Clooney och kompani lekt klart i \u201dOcean\u2019s Fourteen\u201d? Huruvida biopubliken har aptit f\u00f6r tv\u00e5 \u201dOcean\u2019s\u201d-filmer samtidigt \u00e4r tveksamt. <\/p>\n<p>\u201dOcean\u2019s Fourteen\u201d saknar i skrivande stund premi\u00e4rdatum. <\/p>\n<p>L\u00e4s ocks\u00e5: <a href=\"https:\/\/www.moviezine.se\/nyheter\/10-filmer-fran-2025-som-fick-mig-att-grata\" title=\"10 filmer fr\u00e5n 2025 som fick mig att gr\u00e5ta\" class=\"underline-custom !font-montserrat !font-bold !underline-offset-4 !decoration-4 !decoration-moviezine-green !text-md\" rel=\"nofollow noopener\" target=\"_blank\">10 filmer fr\u00e5n 2025 som fick mig att gr\u00e5ta<\/a><\/p>\n<p>L\u00e4s ocks\u00e5: <a href=\"https:\/\/www.moviezine.se\/nyheter\/oscarsvinnande-regissor-tackade-nej-till-oceans-14-det-var-inte-min-stil\" title=\"Oscarsvinnande regiss\u00f6r tackade nej till \u201dOceans 14\u201d: \u201dDet var inte min stil\u201d\" class=\"underline-custom !font-montserrat !font-bold !underline-offset-4 !decoration-4 !decoration-moviezine-green !text-md\" rel=\"nofollow noopener\" target=\"_blank\">Oscarsvinnande regiss\u00f6r tackade nej till \u201dOceans 14\u201d: \u201dDet var inte min stil\u201d<\/a><\/p>\n","protected":false},"excerpt":{"rendered":"En ny kupp \u00e4r p\u00e5 g\u00e5ng i Hollywood! George Clooney har p\u00e5 n\u00e5got s\u00e4tt lyckats lura till sig&hellip;\n","protected":false},"author":2,"featured_media":121243,"comment_status":"","ping_status":"","sticky":false,"template":"","format":"standard","meta":{"footnotes":""},"categories":[67],"tags":[2453,104,2278,34,31,33,32,30,105],"class_list":{"0":"post-121242","1":"post","2":"type-post","3":"status-publish","4":"format-standard","5":"has-post-thumbnail","7":"category-underhallning","8":"tag-casting","9":"tag-entertainment","10":"tag-kommande-filmer","11":"tag-se","12":"tag-svenska","13":"tag-sverige","14":"tag-sweden","15":"tag-swedish","16":"tag-underhallning"},"share_on_mastodon":{"url":"https:\/\/pubeurope.com\/@se\/115810751134151544","error":""},"_links":{"self":[{"href":"https:\/\/www.europesays.com\/se\/wp-json\/wp\/v2\/posts\/121242","targetHints":{"allow":["GET"]}}],"collection":[{"href":"https:\/\/www.europesays.com\/se\/wp-json\/wp\/v2\/posts"}],"about":[{"href":"https:\/\/www.europesays.com\/se\/wp-json\/wp\/v2\/types\/post"}],"author":[{"embeddable":true,"href":"https:\/\/www.europesays.com\/se\/wp-json\/wp\/v2\/users\/2"}],"replies":[{"embeddable":true,"href":"https:\/\/www.europesays.com\/se\/wp-json\/wp\/v2\/comments?post=121242"}],"version-history":[{"count":0,"href":"https:\/\/www.europesays.com\/se\/wp-json\/wp\/v2\/posts\/121242\/revisions"}],"wp:featuredmedia":[{"embeddable":true,"href":"https:\/\/www.europesays.com\/se\/wp-json\/wp\/v2\/media\/121243"}],"wp:attachment":[{"href":"https:\/\/www.europesays.com\/se\/wp-json\/wp\/v2\/media?parent=121242"}],"wp:term":[{"taxonomy":"category","embeddable":true,"href":"https:\/\/www.europesays.com\/se\/wp-json\/wp\/v2\/categories?post=121242"},{"taxonomy":"post_tag","embeddable":true,"href":"https:\/\/www.europesays.com\/se\/wp-json\/wp\/v2\/tags?post=121242"}],"curies":[{"name":"wp","href":"https:\/\/api.w.org\/{rel}","templated":true}]}}