{"id":121248,"date":"2025-12-30T22:08:08","date_gmt":"2025-12-30T22:08:08","guid":{"rendered":"https:\/\/www.europesays.com\/se\/121248\/"},"modified":"2025-12-30T22:08:08","modified_gmt":"2025-12-30T22:08:08","slug":"antoine-semenyos-tva-inkast-fixade-poang-mot-chelsea","status":"publish","type":"post","link":"https:\/\/www.europesays.com\/se\/121248\/","title":{"rendered":"Antoine Semenyos tv\u00e5 inkast fixade po\u00e4ng mot Chelsea"},"content":{"rendered":"<p>Ryktenas man i centrum<a data-test-tag=\"internal-link\" href=\"https:\/\/www.aftonbladet.se\/av\/sebastian-luuk\" class=\"hyperion-css-13ns1rr\" rel=\"nofollow noopener\" target=\"\" aria-label=\"Se alla artiklar av Sebastian Luuk\"><img decoding=\"async\" class=\"image-asset hyperion-css-n6kkq1\" data-test-tag=\"image-asset\" src=\"https:\/\/www.europesays.com\/se\/wp-content\/uploads\/2025\/12\/7880ed3d-dabd-4b99-9571-acf16c8f31e9.jpeg\"  alt=\"\"  loading=\"lazy\" fetchpriority=\"auto\" style=\"aspect-ratio:1900 \/ 1900\"\/><\/a>share-arrowDela<\/p>\n<p>unsaveSpara<\/p>\n<p>Lyssna p\u00e5 artikelnLyssna p\u00e5&#8230;<\/p>\n<p>expand-left<\/p>\n<p>helsk\u00e4rm<img decoding=\"async\" class=\"image-asset hyperion-css-u06ts1\" data-test-tag=\"image-asset\" src=\"https:\/\/www.europesays.com\/se\/wp-content\/uploads\/2025\/12\/33c48588-9149-4434-b561-6b5153aac21d.jpeg\"  alt=\"\"  loading=\"eager\" fetchpriority=\"high\" style=\"aspect-ratio:1900 \/ 1342\"\/> Foto: Eddie Keogh \/ Getty Images<\/p>\n<p class=\"hyperion-css-1shl3oz\" data-test-tag=\"lead-text\">Antoine Semenyo, 25, kan ha gjort sin sista match f\u00f6r Bournemouth.<\/p>\n<p class=\"hyperion-css-1shl3oz\" data-test-tag=\"lead-text\">D\u00e5 visade ghananen klass p\u00e5 Stamford Bridge.<\/p>\n<p class=\"hyperion-css-1shl3oz\" data-test-tag=\"lead-text\">Semenyos tv\u00e5 l\u00e5nga inkast fixade en po\u00e4ng mot Chelsea.<\/p>\n<p class=\"hyperion-css-1v9qo5x\">Antoine Semenyo har imponerat i <a data-test-tag=\"internal-link\" href=\"https:\/\/www.aftonbladet.se\/tagg\/premier-league\" class=\"hyperion-css-15jkft9\" rel=\"nofollow noopener\" target=\"\" aria-label=\"Premier League\" theme=\"sportbladet\">Premier League<\/a> den h\u00e4r s\u00e4songen, med nio m\u00e5l p\u00e5 17 ligamatcher.<\/p>\n<p class=\"hyperion-css-1v9qo5x\">Nu \u00e4r ghananen n\u00e4ra en flytt fr\u00e5n Bournemouth till storklubben Manchester City, enligt flera samst\u00e4mmiga uppgifter (bland andra <a aria-label=\"Fabrizio Romano\" class=\"sportbladet hyperion-css-15jkft9\" href=\"https:\/\/x.com\/FabrizioRomano\/status\/2006051619809481137\" rel=\"noopener nofollow noreferrer\" data-test-tag=\"external-link\">Fabrizio Romano<\/a>).<\/p>\n<p class=\"hyperion-css-1v9qo5x\">D\u00e4rmed kan det ha varit s\u00e5 att Semenyo spelade sin sista match i Bournemouth-tr\u00f6jan under tisdagskv\u00e4llen, i bortam\u00f6tet med Chelsea.<\/p>\n<p class=\"hyperion-css-1v9qo5x\">D\u00e5 hamnade yttermittf\u00e4ltaren i centrum \u2013 men inte i m\u00e5lprokollet.<\/p>\n<p>Fyra m\u00e5l p\u00e5 21 minuter<\/p>\n<p class=\"hyperion-css-1v9qo5x\">Den f\u00f6rsta halvleken p\u00e5 Stamford Bridge bj\u00f6d p\u00e5 hela fyra m\u00e5l inom loppet av 21 minuter.<\/p>\n<p class=\"hyperion-css-1v9qo5x\">De b\u00e5da lagen gjorde tv\u00e5 m\u00e5l var.<\/p>\n<p class=\"hyperion-css-1v9qo5x\">Semenyo l\u00e5g bakom b\u00e5da Bournemouths kassar \u2013 efter tv\u00e5 l\u00e5nga inkast som senare letade sig in i m\u00e5l.<\/p>\n<p class=\"hyperion-css-1v9qo5x\">De fyra m\u00e5len i den f\u00f6rsta halvleken blev matchens enda och tillst\u00e4llningen i London slutade s\u00e5ledes 2\u20132.<\/p>\n<p class=\"hyperion-css-1v9qo5x\">Bournemouth har nu g\u00e5tt tio raka matcher utan seger i Premier League.<\/p>\n<p>H\u00e4ndelserInb\u00f6rdes m\u00f6ten5 senasteLaguppst\u00e4llningTabell<\/p>\n","protected":false},"excerpt":{"rendered":"Ryktenas man i centrumshare-arrowDela unsaveSpara Lyssna p\u00e5 artikelnLyssna p\u00e5&#8230; expand-left helsk\u00e4rm Foto: Eddie Keogh \/ Getty Images Antoine&hellip;\n","protected":false},"author":2,"featured_media":121249,"comment_status":"","ping_status":"","sticky":false,"template":"","format":"standard","meta":{"footnotes":""},"categories":[5],"tags":[22,23,26,27,17,21,24,25,28,29,15,16,18,34,31,33,32,30,19,20],"class_list":{"0":"post-121248","1":"post","2":"type-post","3":"status-publish","4":"format-standard","5":"has-post-thumbnail","7":"category-rubriker","8":"tag-breaking-news","9":"tag-breakingnews","10":"tag-featured-news","11":"tag-featurednews","12":"tag-headlines","13":"tag-huvudnyheter","14":"tag-latest-news","15":"tag-latestnews","16":"tag-main-news","17":"tag-mainnews","18":"tag-news","19":"tag-nyheter","20":"tag-rubriker","21":"tag-se","22":"tag-svenska","23":"tag-sverige","24":"tag-sweden","25":"tag-swedish","26":"tag-top-stories","27":"tag-topstories"},"share_on_mastodon":{"url":"https:\/\/pubeurope.com\/@se\/115810802238582858","error":""},"_links":{"self":[{"href":"https:\/\/www.europesays.com\/se\/wp-json\/wp\/v2\/posts\/121248","targetHints":{"allow":["GET"]}}],"collection":[{"href":"https:\/\/www.europesays.com\/se\/wp-json\/wp\/v2\/posts"}],"about":[{"href":"https:\/\/www.europesays.com\/se\/wp-json\/wp\/v2\/types\/post"}],"author":[{"embeddable":true,"href":"https:\/\/www.europesays.com\/se\/wp-json\/wp\/v2\/users\/2"}],"replies":[{"embeddable":true,"href":"https:\/\/www.europesays.com\/se\/wp-json\/wp\/v2\/comments?post=121248"}],"version-history":[{"count":0,"href":"https:\/\/www.europesays.com\/se\/wp-json\/wp\/v2\/posts\/121248\/revisions"}],"wp:featuredmedia":[{"embeddable":true,"href":"https:\/\/www.europesays.com\/se\/wp-json\/wp\/v2\/media\/121249"}],"wp:attachment":[{"href":"https:\/\/www.europesays.com\/se\/wp-json\/wp\/v2\/media?parent=121248"}],"wp:term":[{"taxonomy":"category","embeddable":true,"href":"https:\/\/www.europesays.com\/se\/wp-json\/wp\/v2\/categories?post=121248"},{"taxonomy":"post_tag","embeddable":true,"href":"https:\/\/www.europesays.com\/se\/wp-json\/wp\/v2\/tags?post=121248"}],"curies":[{"name":"wp","href":"https:\/\/api.w.org\/{rel}","templated":true}]}}