{"id":121250,"date":"2025-12-30T22:11:07","date_gmt":"2025-12-30T22:11:07","guid":{"rendered":"https:\/\/www.europesays.com\/se\/121250\/"},"modified":"2025-12-30T22:11:07","modified_gmt":"2025-12-30T22:11:07","slug":"george-clooney-har-blivit-fransk-medborgare","status":"publish","type":"post","link":"https:\/\/www.europesays.com\/se\/121250\/","title":{"rendered":"George Clooney har blivit fransk medborgare"},"content":{"rendered":"<p>Sk\u00e5despelaren George Clooney och hans familj har beviljats franskt medborgarskap, skriver CNN.<\/p>\n<p>De \u00e4ger sedan tidigare en fastighet i landet och Clooney har i tidigare intervjuer sagt att han inte vill att barnen ska v\u00e4xa upp i Hollywood, bland annat p\u00e5 grund av paparazzifotografer.<\/p>\n<p>CNN skriver att Frankrikes lagar ger ett starkt integritetsskydd. Det \u00e4r bland annat olagligt att fotografera n\u00e5gon p\u00e5 privat plats och att publicera personuppgifter som hemadresser och telefonnummer. <\/p>\n<p>Omni \u00e4r politiskt obundna och oberoende. Vi str\u00e4var efter att ge fler perspektiv p\u00e5 nyheterna. Har du fr\u00e5gor eller synpunkter kring v\u00e5r rapportering? <a href=\"https:\/\/omni.se\/george-clooney-har-blivit-fransk-medborgare\/a\/mailto:redaktion@omni.se\" class=\"ArticleActions_contactLink__W2F1M\" rel=\"nofollow noopener\" target=\"_blank\">Kontakta redaktionen<\/a><\/p>\n","protected":false},"excerpt":{"rendered":"Sk\u00e5despelaren George Clooney och hans familj har beviljats franskt medborgarskap, skriver CNN. De \u00e4ger sedan tidigare en fastighet&hellip;\n","protected":false},"author":2,"featured_media":121251,"comment_status":"","ping_status":"","sticky":false,"template":"","format":"standard","meta":{"footnotes":""},"categories":[67],"tags":[104,168,6411,34,31,33,32,30,105],"class_list":{"0":"post-121250","1":"post","2":"type-post","3":"status-publish","4":"format-standard","5":"has-post-thumbnail","7":"category-underhallning","8":"tag-entertainment","9":"tag-film-tv","10":"tag-george-clooney","11":"tag-se","12":"tag-svenska","13":"tag-sverige","14":"tag-sweden","15":"tag-swedish","16":"tag-underhallning"},"share_on_mastodon":{"url":"https:\/\/pubeurope.com\/@se\/115810814047191350","error":""},"_links":{"self":[{"href":"https:\/\/www.europesays.com\/se\/wp-json\/wp\/v2\/posts\/121250","targetHints":{"allow":["GET"]}}],"collection":[{"href":"https:\/\/www.europesays.com\/se\/wp-json\/wp\/v2\/posts"}],"about":[{"href":"https:\/\/www.europesays.com\/se\/wp-json\/wp\/v2\/types\/post"}],"author":[{"embeddable":true,"href":"https:\/\/www.europesays.com\/se\/wp-json\/wp\/v2\/users\/2"}],"replies":[{"embeddable":true,"href":"https:\/\/www.europesays.com\/se\/wp-json\/wp\/v2\/comments?post=121250"}],"version-history":[{"count":0,"href":"https:\/\/www.europesays.com\/se\/wp-json\/wp\/v2\/posts\/121250\/revisions"}],"wp:featuredmedia":[{"embeddable":true,"href":"https:\/\/www.europesays.com\/se\/wp-json\/wp\/v2\/media\/121251"}],"wp:attachment":[{"href":"https:\/\/www.europesays.com\/se\/wp-json\/wp\/v2\/media?parent=121250"}],"wp:term":[{"taxonomy":"category","embeddable":true,"href":"https:\/\/www.europesays.com\/se\/wp-json\/wp\/v2\/categories?post=121250"},{"taxonomy":"post_tag","embeddable":true,"href":"https:\/\/www.europesays.com\/se\/wp-json\/wp\/v2\/tags?post=121250"}],"curies":[{"name":"wp","href":"https:\/\/api.w.org\/{rel}","templated":true}]}}