{"id":121254,"date":"2025-12-30T22:16:12","date_gmt":"2025-12-30T22:16:12","guid":{"rendered":"https:\/\/www.europesays.com\/se\/121254\/"},"modified":"2025-12-30T22:16:12","modified_gmt":"2025-12-30T22:16:12","slug":"26-aring-haktas-misstankt-for-mordet-i-ronninge","status":"publish","type":"post","link":"https:\/\/www.europesays.com\/se\/121254\/","title":{"rendered":"26-\u00e5ring h\u00e4ktas misst\u00e4nkt f\u00f6r mordet i R\u00f6nninge"},"content":{"rendered":"<p>Den 26-\u00e5ring som suttit anh\u00e5llen misst\u00e4nkt f\u00f6r att ha m\u00f6rdat en kvinna i R\u00f6nninge erk\u00e4nner grovt gravfridsbrott men f\u00f6rnekar mord. <\/p>\n<p>Den misst\u00e4nkta personen h\u00e4ktades under tisdagen i S\u00f6dert\u00e4lje tingsr\u00e4tt. <\/p>\n<p>Den 25-\u00e5riga kvinnan f\u00f6rsvann natten till annandagen och hittades efter en s\u00f6kinsats d\u00f6d den 27 december. <\/p>\n<p>Enligt uppgifter till SVT d\u00f6mdes den misst\u00e4nkta personen f\u00f6r f\u00f6rs\u00f6k till m\u00e4nniskorov 2019. En annan person som tidigare anh\u00f6lls sk\u00e4ligen misst\u00e4nkt f\u00f6r m\u00e4nniskorov sl\u00e4pptes p\u00e5 m\u00e5ndagen.<\/p>\n","protected":false},"excerpt":{"rendered":"Den 26-\u00e5ring som suttit anh\u00e5llen misst\u00e4nkt f\u00f6r att ha m\u00f6rdat en kvinna i R\u00f6nninge erk\u00e4nner grovt gravfridsbrott men&hellip;\n","protected":false},"author":2,"featured_media":793,"comment_status":"","ping_status":"","sticky":false,"template":"","format":"standard","meta":{"footnotes":""},"categories":[5],"tags":[22,23,26,27,17,21,24,25,28,29,15,16,18,34,31,33,32,30,19,20],"class_list":{"0":"post-121254","1":"post","2":"type-post","3":"status-publish","4":"format-standard","5":"has-post-thumbnail","7":"category-rubriker","8":"tag-breaking-news","9":"tag-breakingnews","10":"tag-featured-news","11":"tag-featurednews","12":"tag-headlines","13":"tag-huvudnyheter","14":"tag-latest-news","15":"tag-latestnews","16":"tag-main-news","17":"tag-mainnews","18":"tag-news","19":"tag-nyheter","20":"tag-rubriker","21":"tag-se","22":"tag-svenska","23":"tag-sverige","24":"tag-sweden","25":"tag-swedish","26":"tag-top-stories","27":"tag-topstories"},"share_on_mastodon":{"url":"https:\/\/pubeurope.com\/@se\/115810833708888849","error":""},"_links":{"self":[{"href":"https:\/\/www.europesays.com\/se\/wp-json\/wp\/v2\/posts\/121254","targetHints":{"allow":["GET"]}}],"collection":[{"href":"https:\/\/www.europesays.com\/se\/wp-json\/wp\/v2\/posts"}],"about":[{"href":"https:\/\/www.europesays.com\/se\/wp-json\/wp\/v2\/types\/post"}],"author":[{"embeddable":true,"href":"https:\/\/www.europesays.com\/se\/wp-json\/wp\/v2\/users\/2"}],"replies":[{"embeddable":true,"href":"https:\/\/www.europesays.com\/se\/wp-json\/wp\/v2\/comments?post=121254"}],"version-history":[{"count":0,"href":"https:\/\/www.europesays.com\/se\/wp-json\/wp\/v2\/posts\/121254\/revisions"}],"wp:featuredmedia":[{"embeddable":true,"href":"https:\/\/www.europesays.com\/se\/wp-json\/wp\/v2\/media\/793"}],"wp:attachment":[{"href":"https:\/\/www.europesays.com\/se\/wp-json\/wp\/v2\/media?parent=121254"}],"wp:term":[{"taxonomy":"category","embeddable":true,"href":"https:\/\/www.europesays.com\/se\/wp-json\/wp\/v2\/categories?post=121254"},{"taxonomy":"post_tag","embeddable":true,"href":"https:\/\/www.europesays.com\/se\/wp-json\/wp\/v2\/tags?post=121254"}],"curies":[{"name":"wp","href":"https:\/\/api.w.org\/{rel}","templated":true}]}}