{"id":121259,"date":"2025-12-30T22:26:08","date_gmt":"2025-12-30T22:26:08","guid":{"rendered":"https:\/\/www.europesays.com\/se\/121259\/"},"modified":"2025-12-30T22:26:08","modified_gmt":"2025-12-30T22:26:08","slug":"fiasko-poangtapp-for-manchester-united-premier-league","status":"publish","type":"post","link":"https:\/\/www.europesays.com\/se\/121259\/","title":{"rendered":"Fiasko-po\u00e4ngtapp f\u00f6r Manchester United | Premier League"},"content":{"rendered":"<p>Publicerad 30 dec 2025 kl 23.08Uppdaterad kl 23.22<\/p>\n<p>Elva raka f\u00f6rluster i Premier League.<\/p>\n<p>Sedan stod Manchester United f\u00f6r motst\u00e5ndet f\u00f6r Wolves och s\u00e4songens tredje po\u00e4ng var ett faktum.<\/p>\n<p>Hemmalaget buades ut efter VAR-dramatik.<\/p>\n<p><img   alt=\"\"\/> <\/p>\n<p>Foto: MARK COSGROVE\/NEWS IMAGES \/ AVALON \/ STELLA PICTURES\/MARK COSGROVE\/NEWS IMAGES \/ AV<\/p>\n<p>\u00d6ppna bild i helsk\u00e4rm<img loading=\"lazy\"   alt=\"\"\/><\/p>\n<p>Manchester United levererade inte mot Wolverhampton.<\/p>\n<p>Foto: ADAM VAUGHAN \/ EPA<\/p>\n<p>\u00d6ppna bild i helsk\u00e4rm<img loading=\"lazy\"   alt=\"\"\/><\/p>\n<p>Ruben Amorims United hade en tung kv\u00e4ll<\/p>\n<p>Foto: IMAGO\/ANDREW YATES \/ IMAGO\/SPORTIMAGE WWW.IMAGO-IMAGES.DE<\/p>\n<p>\u00d6ppna bild i helsk\u00e4rm<\/p>\n<p>Men tisdagens m\u00f6te p\u00e5 Old Trafford b\u00f6rjade i positiv anda f\u00f6r Ruben Amorims lag.<\/p>\n<p>I den 27:e minuten satte n\u00e4mligen Joshua Zirkzee ledningsm\u00e5let f\u00f6r hemmalaget. D\u00c4rmed gav han svar p\u00e5 tal.<\/p>\n<p>\u2013 Han har talangen, han m\u00e5ste bara g\u00f6ra jobbet, sade Amorim inf\u00f6r matchen.<\/p>\n<p>Wolves kom dock tillbaka precis innan paus. Detta genom Ladislav Krecji som satte 1\u20131-m\u00e5let.<\/p>\n<p>Fr\u00e5gan var d\u00e4rmed om Wolves, som \u00e4r jumbo i Premier League inf\u00f6r matchen spelat in tv\u00e5 po\u00e4ng p\u00e5 18 matcher, skulle lyckas h\u00e5lla undan och s\u00e4kra en po\u00e4ng?<\/p>\n<p>\u201dKan kr\u00e4va mer\u201d<\/p>\n<p>S\u00e5 s\u00e5g det inte ut att bli.<\/p>\n<p>F\u00f6r i minut 90 petade danske Patrick Dorgu en retur i n\u00e4t p\u00e5 Benjamin Seskos skott. Problemet var bara att han befann sig i en offsideposition.\u00a0<\/p>\n<p>Men den assisterande domaren lyfte flaggan och offsiden bekr\u00e4ftades av VAR-rummet.<\/p>\n<p>D\u00e4rmed slutade matchen 1\u20131 och Wolves tog s\u00e4songens tredje po\u00e4ng efter elva raka f\u00f6rluster.<\/p>\n<p>\u2013 Hemma p\u00e5 Old Trafford, mot jumbon, kan man kr\u00e4va mer, s\u00e4ger Viaplay-experten Jonas Olsson.<\/p>\n","protected":false},"excerpt":{"rendered":"Publicerad 30 dec 2025 kl 23.08Uppdaterad kl 23.22 Elva raka f\u00f6rluster i Premier League. Sedan stod Manchester United&hellip;\n","protected":false},"author":2,"featured_media":121260,"comment_status":"","ping_status":"","sticky":false,"template":"","format":"standard","meta":{"footnotes":""},"categories":[68],"tags":[1228,34,129,242,111,110,31,33,32,30],"class_list":{"0":"post-121259","1":"post","2":"type-post","3":"status-publish","4":"format-standard","5":"has-post-thumbnail","7":"category-sport","8":"tag-organization-manchester-united","9":"tag-se","10":"tag-sections-fotboll","11":"tag-sections-premierleague","12":"tag-sport","13":"tag-sports","14":"tag-svenska","15":"tag-sverige","16":"tag-sweden","17":"tag-swedish"},"share_on_mastodon":{"url":"https:\/\/pubeurope.com\/@se\/115810873056273819","error":""},"_links":{"self":[{"href":"https:\/\/www.europesays.com\/se\/wp-json\/wp\/v2\/posts\/121259","targetHints":{"allow":["GET"]}}],"collection":[{"href":"https:\/\/www.europesays.com\/se\/wp-json\/wp\/v2\/posts"}],"about":[{"href":"https:\/\/www.europesays.com\/se\/wp-json\/wp\/v2\/types\/post"}],"author":[{"embeddable":true,"href":"https:\/\/www.europesays.com\/se\/wp-json\/wp\/v2\/users\/2"}],"replies":[{"embeddable":true,"href":"https:\/\/www.europesays.com\/se\/wp-json\/wp\/v2\/comments?post=121259"}],"version-history":[{"count":0,"href":"https:\/\/www.europesays.com\/se\/wp-json\/wp\/v2\/posts\/121259\/revisions"}],"wp:featuredmedia":[{"embeddable":true,"href":"https:\/\/www.europesays.com\/se\/wp-json\/wp\/v2\/media\/121260"}],"wp:attachment":[{"href":"https:\/\/www.europesays.com\/se\/wp-json\/wp\/v2\/media?parent=121259"}],"wp:term":[{"taxonomy":"category","embeddable":true,"href":"https:\/\/www.europesays.com\/se\/wp-json\/wp\/v2\/categories?post=121259"},{"taxonomy":"post_tag","embeddable":true,"href":"https:\/\/www.europesays.com\/se\/wp-json\/wp\/v2\/tags?post=121259"}],"curies":[{"name":"wp","href":"https:\/\/api.w.org\/{rel}","templated":true}]}}