{"id":121263,"date":"2025-12-30T22:32:13","date_gmt":"2025-12-30T22:32:13","guid":{"rendered":"https:\/\/www.europesays.com\/se\/121263\/"},"modified":"2025-12-30T22:32:13","modified_gmt":"2025-12-30T22:32:13","slug":"tomasek-tillbaka-hyllar-detaljen-i-laget-en-stor-skillnad-nwt","status":"publish","type":"post","link":"https:\/\/www.europesays.com\/se\/121263\/","title":{"rendered":"Tom\u00e1sek tillbaka \u2013 hyllar detaljen i laget: \u201dEn stor skillnad\u201d &#8211; NWT"},"content":{"rendered":"<ol>\n<li><a href=\"https:\/\/news.google.com\/rss\/articles\/CBMimgFBVV95cUxQUC1lNVNHaUFTY2UzZFhXeW1Gb2VzSjFaekJmN3hlS2dOWGVCbDFkSE12TnBQRDhiQ1RpMjdoVlpNd2ZEQWtxNFpsMTlnOW1yQUYxdm8zRWlnSFlFb01HTVNoUG00T2NCbGw0SVVobVFPREt2NkRFNXo5WHY1T0tJN2JnWEFQQ2E4SGN2bUs3NVdYQV9nelhWdFB3?oc=5\" target=\"_blank\" rel=\"nofollow noopener\">Tom\u00e1sek tillbaka \u2013 hyllar detaljen i laget: \u201dEn stor skillnad\u201d<\/a>&nbsp;&nbsp;NWT<\/li>\n<li><a href=\"https:\/\/news.google.com\/rss\/articles\/CBMilAFBVV95cUxPU0ZXcGx6UFltZVQ2SEZObHBDWlo4dTNYblVrY3d2ZkpDdm1fQW85UTFlY3lkOHZuSXNIdXhYdExLZ2lfdkZuYTJrUGZMRW02a1ZHSEU2QVBYLVV0eEF4MTJoNVk4eUtBWU5BcjZheWphYUZ5R3BmMHhOcjF4Y3ItRDR2QkxjN3VUbElObXYwb1JoWUtI?oc=5\" target=\"_blank\" rel=\"nofollow noopener\">David Tom\u00e1\u0161ek \u00e4r tillbaka i F\u00e4rjestad<\/a>&nbsp;&nbsp;Aftonbladet<\/li>\n<li><a href=\"https:\/\/news.google.com\/rss\/articles\/CBMiqwFBVV95cUxOd3lKTmd0dFdOcE5BN3VDaVlZZzNpZHRwbE9PSzA2ZGdTQVl0MXk2SmJ1VDVYaEtpZDhRZldHTzRncU1lMUE0eHdLR25aWEpZdzBWbE5VZFVJNGNUVHRDU21XSUdUUVZkTy14ZzExaldBVGNuaWVCcnkweXVFS2FhS0FidTV3aFNyN0xzZ2cwTmlTZll3Z3ZMYWJTWUc0LXpWemJkbGMySHE0Rm8?oc=5\" target=\"_blank\" rel=\"nofollow noopener\">Redo f\u00f6r comeback \u2013 Tom\u00e1seks \u00e4rliga ord: \u201dStolt \u00f6ver hur jag hanterade det\u201d<\/a>&nbsp;&nbsp;NWT<\/li>\n<li><a href=\"https:\/\/news.google.com\/rss\/articles\/CBMikgFBVV95cUxPVkFhZW9tMXFtUG94VVRnZWZYYnZLWXlEQ1NkQXBNT2VzYnBSRjlmNlBpb2dXRDNpbVZsWnVkZTFCbXV0dm53YmN5b182RG1hT2pETnN1WUhzdERqOUlKd0ZjRm1NZEhObFRxdmRjUHk0bUhqbHRxcEhmVEUtcjNFRk4wTG1lREkwcTFqN0hreWsyZw?oc=5\" target=\"_blank\" rel=\"nofollow noopener\">H\u00e4r ser F\u00e4rjestad ut att placera Tom\u00e1sek \u2013 ber\u00e4ttar om tunga tiden: \u201dFinns en besvikelse\u201d<\/a>&nbsp;&nbsp;VF<\/li>\n<li><a href=\"https:\/\/news.google.com\/rss\/articles\/CBMikAFBVV95cUxNd3NqRTRJbXM0QjZNTlZKcm1FMThkbllZRmRtckRkZmVpU2lOMDFSSTY1bVJweGNUSHRLclhDa0dMWE4tRXU4LTZ0Rkk0VmtMMzl5ak1fX2dNMWlnNUQtQktFM09YVXBtVjJQQlhtRUlxWGE2RVZ0d0lsS2U2OGRsNDEtSGlnX3lZMzIwRXZUd1g?oc=5\" target=\"_blank\" rel=\"nofollow noopener\">Ishockey: Klart: David Tomasek \u00e5terv\u00e4nder till F\u00e4rjestad \u2013 Senaste nytt: SHL<\/a>&nbsp;&nbsp;SVT Nyheter<\/li>\n<\/ol>\n","protected":false},"excerpt":{"rendered":"Tom\u00e1sek tillbaka \u2013 hyllar detaljen i laget: \u201dEn stor skillnad\u201d&nbsp;&nbsp;NWT David Tom\u00e1\u0161ek \u00e4r tillbaka i F\u00e4rjestad&nbsp;&nbsp;Aftonbladet Redo f\u00f6r&hellip;\n","protected":false},"author":2,"featured_media":121264,"comment_status":"","ping_status":"","sticky":false,"template":"","format":"standard","meta":{"footnotes":""},"categories":[5],"tags":[22,23,26,27,17,21,24,25,28,29,15,16,18,34,31,33,32,30,19,20],"class_list":{"0":"post-121263","1":"post","2":"type-post","3":"status-publish","4":"format-standard","5":"has-post-thumbnail","7":"category-rubriker","8":"tag-breaking-news","9":"tag-breakingnews","10":"tag-featured-news","11":"tag-featurednews","12":"tag-headlines","13":"tag-huvudnyheter","14":"tag-latest-news","15":"tag-latestnews","16":"tag-main-news","17":"tag-mainnews","18":"tag-news","19":"tag-nyheter","20":"tag-rubriker","21":"tag-se","22":"tag-svenska","23":"tag-sverige","24":"tag-sweden","25":"tag-swedish","26":"tag-top-stories","27":"tag-topstories"},"share_on_mastodon":{"url":"https:\/\/pubeurope.com\/@se\/115810896519266215","error":""},"_links":{"self":[{"href":"https:\/\/www.europesays.com\/se\/wp-json\/wp\/v2\/posts\/121263","targetHints":{"allow":["GET"]}}],"collection":[{"href":"https:\/\/www.europesays.com\/se\/wp-json\/wp\/v2\/posts"}],"about":[{"href":"https:\/\/www.europesays.com\/se\/wp-json\/wp\/v2\/types\/post"}],"author":[{"embeddable":true,"href":"https:\/\/www.europesays.com\/se\/wp-json\/wp\/v2\/users\/2"}],"replies":[{"embeddable":true,"href":"https:\/\/www.europesays.com\/se\/wp-json\/wp\/v2\/comments?post=121263"}],"version-history":[{"count":0,"href":"https:\/\/www.europesays.com\/se\/wp-json\/wp\/v2\/posts\/121263\/revisions"}],"wp:featuredmedia":[{"embeddable":true,"href":"https:\/\/www.europesays.com\/se\/wp-json\/wp\/v2\/media\/121264"}],"wp:attachment":[{"href":"https:\/\/www.europesays.com\/se\/wp-json\/wp\/v2\/media?parent=121263"}],"wp:term":[{"taxonomy":"category","embeddable":true,"href":"https:\/\/www.europesays.com\/se\/wp-json\/wp\/v2\/categories?post=121263"},{"taxonomy":"post_tag","embeddable":true,"href":"https:\/\/www.europesays.com\/se\/wp-json\/wp\/v2\/tags?post=121263"}],"curies":[{"name":"wp","href":"https:\/\/api.w.org\/{rel}","templated":true}]}}