{"id":121267,"date":"2025-12-30T22:37:21","date_gmt":"2025-12-30T22:37:21","guid":{"rendered":"https:\/\/www.europesays.com\/se\/121267\/"},"modified":"2025-12-30T22:37:21","modified_gmt":"2025-12-30T22:37:21","slug":"ranare-kom-over-300-miljoner-i-tyska-gelsenkirchen","status":"publish","type":"post","link":"https:\/\/www.europesays.com\/se\/121267\/","title":{"rendered":"R\u00e5nare kom \u00f6ver 300 miljoner i tyska Gelsenkirchen"},"content":{"rendered":"<p>Publicerad 30 dec 2025 kl 17.02Uppdaterad kl 19.58<\/p>\n<p>En r\u00e5narliga i Tyskland har kommit \u00f6ver ett byte p\u00e5 motsvarande drygt 300 miljoner kronor sedan de borrat sig in i ett underjordiskt bankvalv.<\/p>\n<p>Senaste nyhetsklippen fr\u00e5n Expressen.<img   alt=\"\"\/><\/p>\n<p>Polis p\u00e5 plats utanf\u00f6r banken i Gelsenkirchen.<\/p>\n<p>Foto: CHRISTOPH REICHWEIN \/ AP TT NYHETSBYR\u00c5N<\/p>\n<p>\u00d6ppna bild i helsk\u00e4rm<\/p>\n<p>Kuppen \u00e4gde rum i v\u00e4stligt bel\u00e4gna staden Gelsenkirchen och g\u00e4rningspersonerna ska ha lyckats l\u00e4nsa \u00f6ver 3 000 fack som inneh\u00f6ll pengar, juveler och guld inuti valvet, uppger polisen p\u00e5 tisdagen.<\/p>\n<p>Enligt polisens utredare ska r\u00e5narna ha tagit sig in i valvet genom att borra sig in via ett parkeringshus. Utredarna bed\u00f6mer att r\u00e5narna d\u00e4refter tillbringade en stor del av den g\u00e5ngna helgen inuti valvet, upptagna med att bryta upp bankfacken.<\/p>\n<p>M\u00e4n med stora v\u00e4skor<\/p>\n<p>F\u00f6rst tidigt i m\u00e5ndags morse gick det upp f\u00f6r myndigheterna vad som hade skett n\u00e4r ett brandlarm gick i g\u00e5ng och brandk\u00e5r och ambulans anl\u00e4nde till platsen och uppt\u00e4ckte h\u00e5let.<\/p>\n<p>Vittnen p\u00e5 plats uppger att de sett flera m\u00e4n som burit p\u00e5 stora v\u00e4skor i parkeringshusets trappor under natten till s\u00f6ndag.<\/p>\n<p>\u00d6vervakningsfilmer fr\u00e5n garaget visar hur en svart Audi med flera maskerade personer l\u00e4mnar byggnaden tidigt p\u00e5 m\u00e5ndagen. Bilens registreringsskyltar hade sedan tidigare stulits i Hannover.<\/p>\n<p>\u201dMycket professionellt\u201d<\/p>\n<p>En polisk\u00e4lla uppger f\u00f6r AFP att inbrottet var \u201dmycket professionellt utf\u00f6rt\u201d och liknar det vid Hollywoodfilmen \u201dOceans eleven\u201d.<\/p>\n<p>En stor m\u00e4ngd f\u00f6rkunskaper och\/eller ett stort antal kriminella kr\u00e4vs f\u00f6r att kunna planera och genomf\u00f6ra n\u00e5got s\u00e5dant h\u00e4r, s\u00e4ger k\u00e4llan.<\/p>\n<p>Hundratals oroliga bankkunder samlades utanf\u00f6r banken p\u00e5 tisdagen, men hindrades av polis fr\u00e5n att ta sig in i lokalerna. Banken h\u00e5ller st\u00e4ngt av s\u00e4kerhetssk\u00e4l sedan flera av de anst\u00e4llda hotats, uppger polisen.<\/p>\n<p>Vi \u00e4r fortfarande p\u00e5 plats och h\u00e5ller koll, s\u00e4ger en presstalesperson hos polisen, men till\u00e4gger att \u201dsituationen lugnat ner sig betydligt\u201d.<\/p>\n","protected":false},"excerpt":{"rendered":"Publicerad 30 dec 2025 kl 17.02Uppdaterad kl 19.58 En r\u00e5narliga i Tyskland har kommit \u00f6ver ett byte p\u00e5&hellip;\n","protected":false},"author":2,"featured_media":121268,"comment_status":"","ping_status":"","sticky":false,"template":"","format":"standard","meta":{"footnotes":""},"categories":[65],"tags":[72,70,71,57,34,55,31,33,32,30],"class_list":{"0":"post-121267","1":"post","2":"type-post","3":"status-publish","4":"format-standard","5":"has-post-thumbnail","7":"category-ekonomi","8":"tag-business","9":"tag-economy","10":"tag-ekonomi","11":"tag-location-tyskland","12":"tag-se","13":"tag-sections-varlden","14":"tag-svenska","15":"tag-sverige","16":"tag-sweden","17":"tag-swedish"},"share_on_mastodon":{"url":"https:\/\/pubeurope.com\/@se\/115810916250406533","error":""},"_links":{"self":[{"href":"https:\/\/www.europesays.com\/se\/wp-json\/wp\/v2\/posts\/121267","targetHints":{"allow":["GET"]}}],"collection":[{"href":"https:\/\/www.europesays.com\/se\/wp-json\/wp\/v2\/posts"}],"about":[{"href":"https:\/\/www.europesays.com\/se\/wp-json\/wp\/v2\/types\/post"}],"author":[{"embeddable":true,"href":"https:\/\/www.europesays.com\/se\/wp-json\/wp\/v2\/users\/2"}],"replies":[{"embeddable":true,"href":"https:\/\/www.europesays.com\/se\/wp-json\/wp\/v2\/comments?post=121267"}],"version-history":[{"count":0,"href":"https:\/\/www.europesays.com\/se\/wp-json\/wp\/v2\/posts\/121267\/revisions"}],"wp:featuredmedia":[{"embeddable":true,"href":"https:\/\/www.europesays.com\/se\/wp-json\/wp\/v2\/media\/121268"}],"wp:attachment":[{"href":"https:\/\/www.europesays.com\/se\/wp-json\/wp\/v2\/media?parent=121267"}],"wp:term":[{"taxonomy":"category","embeddable":true,"href":"https:\/\/www.europesays.com\/se\/wp-json\/wp\/v2\/categories?post=121267"},{"taxonomy":"post_tag","embeddable":true,"href":"https:\/\/www.europesays.com\/se\/wp-json\/wp\/v2\/tags?post=121267"}],"curies":[{"name":"wp","href":"https:\/\/api.w.org\/{rel}","templated":true}]}}