{"id":121273,"date":"2025-12-30T22:50:08","date_gmt":"2025-12-30T22:50:08","guid":{"rendered":"https:\/\/www.europesays.com\/se\/121273\/"},"modified":"2025-12-30T22:50:08","modified_gmt":"2025-12-30T22:50:08","slug":"djurgarden-mot-lulea-pausades-efter-pyroteknik-tygstycke-fattade-eld-shl","status":"publish","type":"post","link":"https:\/\/www.europesays.com\/se\/121273\/","title":{"rendered":"Djurg\u00e5rden mot Lule\u00e5 pausades efter pyroteknik \u2013 tygstycke fattade eld | SHL"},"content":{"rendered":"<p>Publicerad 30 dec 2025 kl 19.10Uppdaterad kl 22.43<\/p>\n<p>Djurg\u00e5rdens m\u00f6te med Lule\u00e5 pausades tillf\u00e4lligt efter tv\u00e5 minuter.<\/p>\n<p>Detta till f\u00f6ljd av en ant\u00e4nd pyroteknisk pj\u00e4s och ett tygstycke som fattade eld.<\/p>\n<p>\u2013 Det \u00e4r n\u00e5got som tagit eld&#8230; det \u00e4r inget vi vill se, s\u00e4ger Lena Sundqvist i TV4.<\/p>\n<p><img loading=\"lazy\"   alt=\"\"\/><\/p>\n<p>Eld p\u00e5 Djurg\u00e5rdens klacksektion.<\/p>\n<p>Foto: JONATHAN N\u00c4CKSTRAND \/ BILDBYR\u00c5N<\/p>\n<p>\u00d6ppna bild i helsk\u00e4rm<img loading=\"lazy\"   alt=\"\"\/><\/p>\n<p>Tygstycken fattade eld, vilket ledde till avbrott i matchen.<\/p>\n<p>Foto: JONATHAN N\u00c4CKSTRAND \/ BILDBYR\u00c5N<\/p>\n<p>\u00d6ppna bild i helsk\u00e4rm<img loading=\"lazy\"   alt=\"\"\/> <\/p>\n<p>Foto: Fredrik Sandberg\/TT \/ TT NYHETSBYR\u00c5N<\/p>\n<p>\u00d6ppna bild i helsk\u00e4rm<\/p>\n<p>Djurg\u00e5rden tog ledningen efter endast 46 sekunder i Globen.<\/p>\n<p>Sedan hettade det till.<\/p>\n<p>F\u00f6rst mellan Jesse Yl\u00f6nen i hemmalaget och Markus Nurmi, d\u00e4refter p\u00e5 l\u00e4ktaren i samma spelavbrott som kom efter tv\u00e5 minuter.<\/p>\n<p>Detta till f\u00f6ljd av en ant\u00e4nd pyroteknisk pj\u00e4s p\u00e5 vid hemmalagets klacksektion. D\u00e4rmed pausades matchen tillf\u00e4lligt, bland annat d\u00e5 n\u00e5gon form av tygstycke fattade eld.<\/p>\n<p>\u2013 Det \u00e4r en flagga eller n\u00e5got liknande som tagit eld&#8230; det \u00e4r inget vi vill se, s\u00e4ger kommentatorn Lena Sundqvist i TV4.<\/p>\n<p>P\u00e5 bilderna fr\u00e5n matchen gick det ocks\u00e5 att se att det var en banderoll som hade fattat eld p\u00e5 st\u00e5platsl\u00e4ktaren d\u00e4r hemmasupportrarna h\u00e5ller till.<\/p>\n<p>Smidig l\u00f6sning<\/p>\n<p>Matchen pausades i ungef\u00e4r fem minuter, men situationen kunde hanteras relativt sm\u00e4rtfritt och elden nedanf\u00f6r l\u00e4ktaren sl\u00e4ckes. Ingen synlig st\u00f6rre skada var skedd och spelet sattes sedan i g\u00e5ng igen utan problem.<\/p>\n<p>Oula Palve uppskattade trycket som de \u00f6ver 13 000 supportarna skapade.<\/p>\n<p>\u2013 Det \u00e4r grymt. Det \u00e4r mina f\u00f6rsta matcher i arenan. Vi har grym atmosf\u00e4r och riktigt bra supportrar. Jag njuter varje sekund, s\u00e4ger han i TV4.<\/p>\n<p>Situationen i sig hanterades p\u00e5 ett smidigare s\u00e4tt \u00e4n n\u00e4r S\u00f6dert\u00e4lje g\u00e4stade AIK i helgen. D\u00e5 t\u00f6mdes bortasektionen till f\u00f6ljd av en blinkande pj\u00e4s, vilket resulterade i att matchen sk\u00f6ts upp i 23 minuter.<\/p>\n<p>Matchen slutade med seger f\u00f6r Lule\u00e5 (3\u20134) efter en v\u00e4ndning i tredje perioden.<\/p>\n","protected":false},"excerpt":{"rendered":"Publicerad 30 dec 2025 kl 19.10Uppdaterad kl 22.43 Djurg\u00e5rdens m\u00f6te med Lule\u00e5 pausades tillf\u00e4lligt efter tv\u00e5 minuter. Detta&hellip;\n","protected":false},"author":2,"featured_media":121274,"comment_status":"","ping_status":"","sticky":false,"template":"","format":"standard","meta":{"footnotes":""},"categories":[5],"tags":[22,23,26,27,17,21,24,25,28,29,15,16,814,1179,18,34,255,823,31,33,32,30,19,20],"class_list":{"0":"post-121273","1":"post","2":"type-post","3":"status-publish","4":"format-standard","5":"has-post-thumbnail","7":"category-rubriker","8":"tag-breaking-news","9":"tag-breakingnews","10":"tag-featured-news","11":"tag-featurednews","12":"tag-headlines","13":"tag-huvudnyheter","14":"tag-latest-news","15":"tag-latestnews","16":"tag-main-news","17":"tag-mainnews","18":"tag-news","19":"tag-nyheter","20":"tag-organization-djurgarden-hockey","21":"tag-organization-shl","22":"tag-rubriker","23":"tag-se","24":"tag-sections-ishockey","25":"tag-sections-shl","26":"tag-svenska","27":"tag-sverige","28":"tag-sweden","29":"tag-swedish","30":"tag-top-stories","31":"tag-topstories"},"share_on_mastodon":{"url":"https:\/\/pubeurope.com\/@se\/115810967445787473","error":""},"_links":{"self":[{"href":"https:\/\/www.europesays.com\/se\/wp-json\/wp\/v2\/posts\/121273","targetHints":{"allow":["GET"]}}],"collection":[{"href":"https:\/\/www.europesays.com\/se\/wp-json\/wp\/v2\/posts"}],"about":[{"href":"https:\/\/www.europesays.com\/se\/wp-json\/wp\/v2\/types\/post"}],"author":[{"embeddable":true,"href":"https:\/\/www.europesays.com\/se\/wp-json\/wp\/v2\/users\/2"}],"replies":[{"embeddable":true,"href":"https:\/\/www.europesays.com\/se\/wp-json\/wp\/v2\/comments?post=121273"}],"version-history":[{"count":0,"href":"https:\/\/www.europesays.com\/se\/wp-json\/wp\/v2\/posts\/121273\/revisions"}],"wp:featuredmedia":[{"embeddable":true,"href":"https:\/\/www.europesays.com\/se\/wp-json\/wp\/v2\/media\/121274"}],"wp:attachment":[{"href":"https:\/\/www.europesays.com\/se\/wp-json\/wp\/v2\/media?parent=121273"}],"wp:term":[{"taxonomy":"category","embeddable":true,"href":"https:\/\/www.europesays.com\/se\/wp-json\/wp\/v2\/categories?post=121273"},{"taxonomy":"post_tag","embeddable":true,"href":"https:\/\/www.europesays.com\/se\/wp-json\/wp\/v2\/tags?post=121273"}],"curies":[{"name":"wp","href":"https:\/\/api.w.org\/{rel}","templated":true}]}}