{"id":121277,"date":"2025-12-30T22:58:05","date_gmt":"2025-12-30T22:58:05","guid":{"rendered":"https:\/\/www.europesays.com\/se\/121277\/"},"modified":"2025-12-30T22:58:05","modified_gmt":"2025-12-30T22:58:05","slug":"seger-hemma-mot-leksand-timra-ik","status":"publish","type":"post","link":"https:\/\/www.europesays.com\/se\/121277\/","title":{"rendered":"Seger hemma mot Leksand &#8211; Timr\u00e5 IK"},"content":{"rendered":"<ol>\n<li><a href=\"https:\/\/news.google.com\/rss\/articles\/CBMiXkFVX3lxTE9mcmdQb2I1RTF5Q3YxWDNiY0NfdFdwVEFOUEdTaWlMUmtfaEd1M2c2SDgtUy1lNGs2RGt6NTRvUXpYNGllbFhPdkt5S3dYdmJhcHhtOTZUSDZRb2thMFE?oc=5\" target=\"_blank\" rel=\"nofollow noopener\">Seger hemma mot Leksand<\/a>&nbsp;&nbsp;Timr\u00e5 IK<\/li>\n<li><a href=\"https:\/\/news.google.com\/rss\/articles\/CBMimAFBVV95cUxOcEJRY09IT01wXzVBamQxM1pHOXZEYVNEbVFsaFdhRUNyR3dpSlIzenJBQXRQZTJBeXVZbDZHOUEtZzA0cUkySHQ2ZXRGTi1BdFk3dHlSZnlYT1NQbE0yUUs0YXF4c0VkbzJxbG9sdTJJRzJVR2JyN05IanNPUjBETFVRX2h5Ylk2NGJCLTJmTno0ejBUV1pEZg?oc=5\" target=\"_blank\" rel=\"nofollow noopener\">Timr\u00e5 sk\u00f6t 50 skott \u2013 och s\u00e4nkte Leksand<\/a>&nbsp;&nbsp;Aftonbladet<\/li>\n<li><a href=\"https:\/\/news.google.com\/rss\/articles\/CBMiYkFVX3lxTE52OGFlVTlIcW9Bb09oTF9HVmtUR1hMRXlkQVZ0Uy1uc1dmNjhUTVJqREhIZk5wOXBhelRlb1g2Y3ZGeXNMYndWcW5DWTNXcW93dDE0M19YblFFZEEzcURGYTB3?oc=5\" target=\"_blank\" rel=\"nofollow noopener\">\u00d6vertidsf\u00f6rlust efter sv\u00e4ngig drabbning med Timr\u00e5<\/a>&nbsp;&nbsp;Leksands IF<\/li>\n<li><a href=\"https:\/\/news.google.com\/rss\/articles\/CBMikgFBVV95cUxNcDZKSmMzNDhJNUVaWlZGaWNMdjRQaUF5U0ZfSXItQnZ2Y2dMeDhDRm5zUVJjcEFyUEVQZXJNNDN4VS02Tzl1Q1phVEpJQXVKS0l4akYzWENxTnRiY2FoLVRUQ3IyM01UdmQ3LWEyQ0pvandXNkpNV2p1MEdVQUlVN0VYUXJ0UF85dnBzaThoN3FkZw?oc=5\" target=\"_blank\" rel=\"nofollow noopener\">Viggo Ekebj\u00e4r Fem punkter: \u201dTotalt kaos \u2013 vad bevittnade vi precis?\u201d<\/a>&nbsp;&nbsp;Borl\u00e4nge Tidning<\/li>\n<li><a href=\"https:\/\/news.google.com\/rss\/articles\/CBMiiwFBVV95cUxNUGh0dEpiZFVMT1VVSnhlREx0MUJyZU9DNFdTUzFkX0VzdE9WOTJDclN4SndyWTdXbHVVczJxTWgzajNNVDJ5YWxRWExwZWlhWVRIeExUM2pjY1p5VjNCWkJCcFVLYWN1eU1XQUV0YXBuM0I5VmkzbER4OEJXdVhkdjBCSVFvVTdfWWNZ?oc=5\" target=\"_blank\" rel=\"nofollow noopener\">Reagerade p\u00e5 fr\u00e5gan: \u201dVad tycker du sj\u00e4lv!?\u201d<\/a>&nbsp;&nbsp;Expressen<\/li>\n<\/ol>\n","protected":false},"excerpt":{"rendered":"Seger hemma mot Leksand&nbsp;&nbsp;Timr\u00e5 IK Timr\u00e5 sk\u00f6t 50 skott \u2013 och s\u00e4nkte Leksand&nbsp;&nbsp;Aftonbladet \u00d6vertidsf\u00f6rlust efter sv\u00e4ngig drabbning med&hellip;\n","protected":false},"author":2,"featured_media":121278,"comment_status":"","ping_status":"","sticky":false,"template":"","format":"standard","meta":{"footnotes":""},"categories":[5],"tags":[22,23,26,27,17,21,24,25,28,29,15,16,18,34,31,33,32,30,19,20],"class_list":{"0":"post-121277","1":"post","2":"type-post","3":"status-publish","4":"format-standard","5":"has-post-thumbnail","7":"category-rubriker","8":"tag-breaking-news","9":"tag-breakingnews","10":"tag-featured-news","11":"tag-featurednews","12":"tag-headlines","13":"tag-huvudnyheter","14":"tag-latest-news","15":"tag-latestnews","16":"tag-main-news","17":"tag-mainnews","18":"tag-news","19":"tag-nyheter","20":"tag-rubriker","21":"tag-se","22":"tag-svenska","23":"tag-sverige","24":"tag-sweden","25":"tag-swedish","26":"tag-top-stories","27":"tag-topstories"},"share_on_mastodon":{"url":"https:\/\/pubeurope.com\/@se\/115810998871659047","error":""},"_links":{"self":[{"href":"https:\/\/www.europesays.com\/se\/wp-json\/wp\/v2\/posts\/121277","targetHints":{"allow":["GET"]}}],"collection":[{"href":"https:\/\/www.europesays.com\/se\/wp-json\/wp\/v2\/posts"}],"about":[{"href":"https:\/\/www.europesays.com\/se\/wp-json\/wp\/v2\/types\/post"}],"author":[{"embeddable":true,"href":"https:\/\/www.europesays.com\/se\/wp-json\/wp\/v2\/users\/2"}],"replies":[{"embeddable":true,"href":"https:\/\/www.europesays.com\/se\/wp-json\/wp\/v2\/comments?post=121277"}],"version-history":[{"count":0,"href":"https:\/\/www.europesays.com\/se\/wp-json\/wp\/v2\/posts\/121277\/revisions"}],"wp:featuredmedia":[{"embeddable":true,"href":"https:\/\/www.europesays.com\/se\/wp-json\/wp\/v2\/media\/121278"}],"wp:attachment":[{"href":"https:\/\/www.europesays.com\/se\/wp-json\/wp\/v2\/media?parent=121277"}],"wp:term":[{"taxonomy":"category","embeddable":true,"href":"https:\/\/www.europesays.com\/se\/wp-json\/wp\/v2\/categories?post=121277"},{"taxonomy":"post_tag","embeddable":true,"href":"https:\/\/www.europesays.com\/se\/wp-json\/wp\/v2\/tags?post=121277"}],"curies":[{"name":"wp","href":"https:\/\/api.w.org\/{rel}","templated":true}]}}