{"id":121279,"date":"2025-12-30T23:03:22","date_gmt":"2025-12-30T23:03:22","guid":{"rendered":"https:\/\/www.europesays.com\/se\/121279\/"},"modified":"2025-12-30T23:03:22","modified_gmt":"2025-12-30T23:03:22","slug":"ni-har-spelat-rysk-roulett-med-vara-liv","status":"publish","type":"post","link":"https:\/\/www.europesays.com\/se\/121279\/","title":{"rendered":"Ni har spelat rysk roulett med v\u00e5ra liv"},"content":{"rendered":"<p>Publicerad 30 dec 2025 kl 12.15Uppdaterad kl 14.51<\/p>\n<p>Tv\u00e5 anst\u00e4llda i energibranschen har redan omkommit i denna storm.<\/p>\n<p>Vi varnade energiminister Ebba Busch. Men \u00e5tg\u00e4rderna har uteblivit, skriver Svenska elektrikerf\u00f6rbundet.<\/p>\n<p><img   alt=\"\"\/><\/p>\n<p>\u201dStormen gick att f\u00f6rutse. Nu kr\u00e4vs politiskt ansvar och handling\u201d, skriver Svenska elektrikerf\u00f6rbundet.<\/p>\n<p>Foto: Thomas Adolfs\u00e9n \/ Scandinav \/ TT NYHETSBYR\u00c5N<\/p>\n<p>\u00d6ppna bild i helsk\u00e4rm<img loading=\"lazy\"   alt=\"\"\/><\/p>\n<p>Per-Ola Nilsson, vice ordf\u00f6rande, Svenska elektrikerf\u00f6rbundet.<\/p>\n<p>\u00d6ppna bild i helsk\u00e4rm<img loading=\"lazy\"   alt=\"\"\/><\/p>\n<p>Petter Johansson, fackligpolitisk ansvarig, Svenska elektrikerf\u00f6rbundet.<\/p>\n<p>\u00d6ppna bild i helsk\u00e4rm<img loading=\"lazy\"   alt=\"\"\/><\/p>\n<p>Niklas Enstr\u00f6m, arbetsmilj\u00f6ansvarig, Svenska elektrikerf\u00f6rbundet.<\/p>\n<p>\u00d6ppna bild i helsk\u00e4rm<img loading=\"lazy\"   alt=\"\"\/><\/p>\n<p>Michael Benthin, ansvarig f\u00f6r kraftverksavtalet, Svenska elektrikerf\u00f6rbundet.<\/p>\n<p>\u00d6ppna bild i helsk\u00e4rm<\/p>\n<p>Detta \u00e4r en debattartikel. Det \u00e4r skribenten som st\u00e5r f\u00f6r \u00e5sikterna i texten.&#13;<br \/>\n&#13;\n<\/p>\n<p><strong>DEBATT. <\/strong>I debattartiklar, \u00f6ppna brev och intervjuer har Svenska Elektrikerf\u00f6rbundet g\u00e5ng p\u00e5 g\u00e5ng slagit larm om riskerna i den f\u00f6rda energipolitiken och den aff\u00e4rsmodell som till\u00e5tits v\u00e4xa fram i energibranschen.<\/p>\n<p>Vi har ocks\u00e5 v\u00e4nt oss direkt till ansvarig energiminister, <a href=\"https:\/\/www.expressen.se\/tagg\/person\/ebba-busch\/\" class=\"\" rel=\"nofollow noopener\" target=\"_blank\">Ebba Busch<\/a>. Upprepade g\u00e5nger har vi tydligt beskrivit vilka konsekvenser som f\u00f6ljer n\u00e4r tempo, prispress och fragmenterat ansvar till\u00e5ts g\u00e5 f\u00f6re arbetsmilj\u00f6, els\u00e4kerhet och liv. Varningarna har varit m\u00e5nga. \u00c5tg\u00e4rderna har uteblivit. Och nu har det ofattbara h\u00e4nt igen.<\/p>\n<p>Tv\u00e5 anst\u00e4llda i energibranschen har redan omkommit i denna storm, l\u00e5t det inte bli fler.<\/p>\n<p>Detta \u00e4r inte olyckliga tillf\u00e4lligheter. Det \u00e4r konsekvenserna av politiska v\u00e4gval. N\u00e4r regeringen driver p\u00e5 en snabb elektrifiering utan att samtidigt s\u00e4kra kompetens, planering och ett tydligt arbetsmilj\u00f6ansvar skapas on\u00f6diga och livsfarliga risker. N\u00e4r dessa risker realiseras \u00e4r det ett politiskt ansvar.<\/p>\n<p>Djupt oansvarigt\u00a0<\/p>\n<p>Svenska Elektrikerf\u00f6rbundet har under l\u00e5ng tid varnat f\u00f6r att elektrifieringen av Sverige sker i ett allt h\u00f6gre tempo, utan att motsvarande krav st\u00e4lls p\u00e5 yrkeskompetens, certifikat och ansvar i hela kedjan. Vi har varnat f\u00f6r att s\u00e4kerhet reduceras till en kostnadspost och att arbetsmilj\u00f6arbetet i praktiken blir en pappersprodukt.<\/p>\n<p>Nu ser vi resultatet.<\/p>\n<p><img loading=\"lazy\"   alt=\"\"\/><\/p>\n<p>\u201dVi kr\u00e4ver att Ebba Busch omedelbart agerar och tar ansvar f\u00f6r konsekvenserna av den politik som f\u00f6rts\u201d, skriver Svenska elektrikerf\u00f6rbundet.<\/p>\n<p>Foto: Henrik Montgomery\/ TT NYHETSBYR\u00c5N<\/p>\n<p>\u00d6ppna bild i helsk\u00e4rm<\/p>\n<p>I dag byggs och underh\u00e5lls samh\u00e4llskritisk elinfrastruktur i projekt d\u00e4r l\u00e4gsta pris styr, d\u00e4r ansvaret splittras i l\u00e5nga underentrepren\u00f6rsled och d\u00e4r tidsplaner \u00e4r s\u00e5 pressade att riskbed\u00f6mningar och skydds\u00e5tg\u00e4rder tr\u00e4ngs undan. Samtidigt saknas tydliga och bindande krav p\u00e5 certifierad yrkeskompetens i energibranschen. Detta \u00e4r inte en slump \u2013 det \u00e4r ett resultat av politiska prioriteringar.<\/p>\n<p>Det \u00e4r djupt oansvarigt.<\/p>\n<p>Spelar rysk roulett med liv<\/p>\n<p>N\u00e4r kraven p\u00e5 yrkeskunskap urholkas, n\u00e4r certifikat och bevisad kompetens inte \u00e4r ett sj\u00e4lvklart krav i en livsfarlig bransch, d\u00e5 \u00f6kar risken f\u00f6r allvarliga olyckor och d\u00f6dsfall. El tar inga genv\u00e4gar. Den som arbetar i energibranschen m\u00e5ste ha r\u00e4tt utbildning, r\u00e4tt erfarenhet och r\u00e4tt certifikat \u2013 annars \u00e4ventyras b\u00e5de liv och samh\u00e4llss\u00e4kerhet.<\/p>\n<p>Vi har tidigare beskrivit detta som att spela rysk roulett med m\u00e4nniskors liv i energibranschen. Det var ingen \u00f6verdrift. N\u00e4r anst\u00e4llda d\u00f6r p\u00e5 jobbet i en samh\u00e4llsb\u00e4rande bransch \u00e4r det ett systemfel. N\u00e4r ansvarig energiminister trots upprepade varningar inte agerar \u00e4r det ett politiskt misslyckande.<\/p>\n<p>Annons<\/p>\n<p>Energibranschen \u00e4r inte vilken marknad som helst. Den \u00e4r en del av Sveriges kritiska infrastruktur. Ebba Busch b\u00e4r, som ansvarig minister, ett s\u00e4rskilt ansvar f\u00f6r att den byggs och drivs s\u00e4kert.<\/p>\n<p>Nu r\u00e4cker det inte l\u00e4ngre med beklaganden.<\/p>\n<p>Ebba Busch m\u00e5ste ta sitt ansvar<\/p>\n<p>Vi kr\u00e4ver att Ebba Busch omedelbart agerar och tar ansvar f\u00f6r konsekvenserna av den politik som f\u00f6rts. Det inneb\u00e4r att g\u00f6ra arbetsmilj\u00f6 och els\u00e4kerhet \u00f6verordnade m\u00e5l i energipolitiken och stoppa aff\u00e4rsmodeller och upphandlingar som systematiskt pressar bort s\u00e4kerhet. Det inneb\u00e4r att inf\u00f6ra skarpa och bindande krav p\u00e5 certifikat och yrkeskompetens i energibranschen, och att s\u00e4kerst\u00e4lla att elektrifieringen inte sker till priset av m\u00e4nniskoliv<\/p>\n<p>Stormen gick att f\u00f6rutse. Nu kr\u00e4vs politiskt ansvar och handling.<\/p>\n<p>Svenska Elektrikerf\u00f6rbundet st\u00e5r till f\u00f6rfogande f\u00f6r att bidra med den kunskap, erfarenhet och kompetens som kr\u00e4vs f\u00f6r att v\u00e4nda utvecklingen \u2013 innan fler liv g\u00e5r f\u00f6rlorade.<\/p>\n<p><strong>Av Per-Ola Nilsson<\/strong><\/p>\n<p>vice ordf\u00f6rande, Svenska elektrikerf\u00f6rbundet<\/p>\n<p><strong>Petter Johansson<\/strong><\/p>\n<p>fackligpolitisk ansvarig, Svenska elektrikerf\u00f6rbundet<\/p>\n<p><strong>Niklas Enstr\u00f6m<\/strong><\/p>\n<p>arbetsmilj\u00f6ansvarig, Svenska elektrikerf\u00f6rbundet<\/p>\n<p><strong>Michael Benthin<\/strong><\/p>\n<p>ansvarig f\u00f6r kraftverksavtalet, Svenska elektrikerf\u00f6rbundet<\/p>\n","protected":false},"excerpt":{"rendered":"Publicerad 30 dec 2025 kl 12.15Uppdaterad kl 14.51 Tv\u00e5 anst\u00e4llda i energibranschen har redan omkommit i denna storm.&hellip;\n","protected":false},"author":2,"featured_media":121280,"comment_status":"","ping_status":"","sticky":false,"template":"","format":"standard","meta":{"footnotes":""},"categories":[65],"tags":[72,70,71,212,6627,874,34,31,33,32,30,3615,2479],"class_list":{"0":"post-121279","1":"post","2":"type-post","3":"status-publish","4":"format-standard","5":"has-post-thumbnail","7":"category-ekonomi","8":"tag-business","9":"tag-economy","10":"tag-ekonomi","11":"tag-location-sverige","12":"tag-organization-trafikverket","13":"tag-person-ebba-busch","14":"tag-se","15":"tag-svenska","16":"tag-sverige","17":"tag-sweden","18":"tag-swedish","19":"tag-topic-energifragor","20":"tag-topic-fackforbund"},"share_on_mastodon":{"url":"https:\/\/pubeurope.com\/@se\/115811018732977595","error":""},"_links":{"self":[{"href":"https:\/\/www.europesays.com\/se\/wp-json\/wp\/v2\/posts\/121279","targetHints":{"allow":["GET"]}}],"collection":[{"href":"https:\/\/www.europesays.com\/se\/wp-json\/wp\/v2\/posts"}],"about":[{"href":"https:\/\/www.europesays.com\/se\/wp-json\/wp\/v2\/types\/post"}],"author":[{"embeddable":true,"href":"https:\/\/www.europesays.com\/se\/wp-json\/wp\/v2\/users\/2"}],"replies":[{"embeddable":true,"href":"https:\/\/www.europesays.com\/se\/wp-json\/wp\/v2\/comments?post=121279"}],"version-history":[{"count":0,"href":"https:\/\/www.europesays.com\/se\/wp-json\/wp\/v2\/posts\/121279\/revisions"}],"wp:featuredmedia":[{"embeddable":true,"href":"https:\/\/www.europesays.com\/se\/wp-json\/wp\/v2\/media\/121280"}],"wp:attachment":[{"href":"https:\/\/www.europesays.com\/se\/wp-json\/wp\/v2\/media?parent=121279"}],"wp:term":[{"taxonomy":"category","embeddable":true,"href":"https:\/\/www.europesays.com\/se\/wp-json\/wp\/v2\/categories?post=121279"},{"taxonomy":"post_tag","embeddable":true,"href":"https:\/\/www.europesays.com\/se\/wp-json\/wp\/v2\/tags?post=121279"}],"curies":[{"name":"wp","href":"https:\/\/api.w.org\/{rel}","templated":true}]}}