{"id":12128,"date":"2025-08-24T00:03:10","date_gmt":"2025-08-24T00:03:10","guid":{"rendered":"https:\/\/www.europesays.com\/se\/12128\/"},"modified":"2025-08-24T00:03:10","modified_gmt":"2025-08-24T00:03:10","slug":"nora-lindahls-spydrama-bredvid-andre-pops-friidrott","status":"publish","type":"post","link":"https:\/\/www.europesays.com\/se\/12128\/","title":{"rendered":"Nora Lindahls spydrama \u2013 bredvid Andr\u00e9 Pops | Friidrott"},"content":{"rendered":"<p>Publicerad 23 aug 2025 kl 19.46Uppdaterad kl 23.23<\/p>\n<p>Nora Lindahl fixade en andraplats p\u00e5 200 meter.\u00a0<\/p>\n<p>Sen la hon sig ner j\u00e4mte SVT-studion och spydde.\u00a0<\/p>\n<p>\u2013 Det \u00e4r helt normalt f\u00f6r mig, s\u00e4ger hon. \u00a0\u00a0<\/p>\n<p>\u201dHetsig st\u00e4mning\u201d efter segern mot lagkamraterna<img   alt=\"\"\/><\/p>\n<p>Lindahl blev liggandes ett bra tag innan hon kom p\u00e5 benen och stapplade iv\u00e4g.<\/p>\n<p>Foto: Petter Land\u00e9n.<\/p>\n<p>\u00d6ppna bild i helsk\u00e4rm<\/p>\n<p>Det blev en urstark svensk trippel p\u00e5 damernas 200 meter. Julia Henriksson, den starkast lysande svenska sprintstj\u00e4rnan, var som skjuten ur en kanon ur startblocket och vann tryggt p\u00e5 23.16. Bakom henne var det Nora Lindahl som knep andraplatsen p\u00e5 23.48 och Jamilia Bernhardsson blev trea p\u00e5 23.85.\u00a0<\/p>\n<p>F\u00f6r Lindahl blev t\u00e4vlingen en total t\u00f6mning av hennes kropp.\u00a0<\/p>\n<p>En kort stund efter loppet stapplade hon in vid sidan av banan, precis j\u00e4mte SVT-studion d\u00e4r Andr\u00e9 Pops stod, och spydde.\u00a0<\/p>\n<p>Spydde direkt \u2013 precis bredvid Andr\u00e9 Pops<\/p>\n<p>Lindahl blev liggandes ett bra tag innan hon kom p\u00e5 benen och stapplade iv\u00e4g.\u00a0<\/p>\n<p>\u2013 Det \u00e4r bra nu, ingen fara alls, s\u00e4ger hon efter\u00e5t.\u00a0<\/p>\n<p><strong>Det ser v\u00e4ldigt dramatiskt ut?<\/strong><\/p>\n<p>\u2013 Men det \u00e4r normalt f\u00f6r mig, jag spyr r\u00e4tt ofta n\u00e4r jag tar ut mig s\u00e5 h\u00e4r.\u00a0<\/p>\n<p>\u2013 Det \u00e4r flera ut\u00f6vare som g\u00f6r det, Henriette J\u00e4ger (Norge) till exempel. Vi g\u00f6r det p\u00e5 tr\u00e4ning och s\u00e5 med.\u00a0<\/p>\n<p>Lindahl \u00e4r uttagen till VM i Tokyo p\u00e5 200 meter och f\u00f6rbereder sig nu inf\u00f6r m\u00e4sterskapet med en god k\u00e4nsla i kroppen. Samma sak g\u00e4ller Julia Henriksson.\u00a0<\/p>\n<p>\u2013 Det k\u00e4nns j\u00e4ttebra. Man \u00e4r sprinter, s\u00e5 man vill ha det varmt, inte som h\u00e4r p\u00e5 stadion i dag. Men vi har sl\u00e4ppt upp tr\u00e4ningen och det b\u00f6rjar k\u00e4nnas b\u00e4ttre och b\u00e4ttre.\u00a0<\/p>\n<p>St\u00e4llning Finnkampen \u2013 l\u00f6rdag<\/p>\n<p><strong>Damer<\/strong><\/p>\n<p>Sverige: 143.5<\/p>\n<p>Finland: 105.5<\/p>\n<p><strong>Herrar<\/strong><\/p>\n<p>Sweden: 137<\/p>\n<p>Finland: 111<\/p>\n<p>Visa mer<\/p>\n","protected":false},"excerpt":{"rendered":"Publicerad 23 aug 2025 kl 19.46Uppdaterad kl 23.23 Nora Lindahl fixade en andraplats p\u00e5 200 meter.\u00a0 Sen la&hellip;\n","protected":false},"author":2,"featured_media":12129,"comment_status":"","ping_status":"","sticky":false,"template":"","format":"standard","meta":{"footnotes":""},"categories":[68],"tags":[34,811,111,110,31,33,32,30],"class_list":{"0":"post-12128","1":"post","2":"type-post","3":"status-publish","4":"format-standard","5":"has-post-thumbnail","7":"category-sport","8":"tag-se","9":"tag-sections-friidrott","10":"tag-sport","11":"tag-sports","12":"tag-svenska","13":"tag-sverige","14":"tag-sweden","15":"tag-swedish"},"share_on_mastodon":{"url":"","error":""},"_links":{"self":[{"href":"https:\/\/www.europesays.com\/se\/wp-json\/wp\/v2\/posts\/12128","targetHints":{"allow":["GET"]}}],"collection":[{"href":"https:\/\/www.europesays.com\/se\/wp-json\/wp\/v2\/posts"}],"about":[{"href":"https:\/\/www.europesays.com\/se\/wp-json\/wp\/v2\/types\/post"}],"author":[{"embeddable":true,"href":"https:\/\/www.europesays.com\/se\/wp-json\/wp\/v2\/users\/2"}],"replies":[{"embeddable":true,"href":"https:\/\/www.europesays.com\/se\/wp-json\/wp\/v2\/comments?post=12128"}],"version-history":[{"count":0,"href":"https:\/\/www.europesays.com\/se\/wp-json\/wp\/v2\/posts\/12128\/revisions"}],"wp:featuredmedia":[{"embeddable":true,"href":"https:\/\/www.europesays.com\/se\/wp-json\/wp\/v2\/media\/12129"}],"wp:attachment":[{"href":"https:\/\/www.europesays.com\/se\/wp-json\/wp\/v2\/media?parent=12128"}],"wp:term":[{"taxonomy":"category","embeddable":true,"href":"https:\/\/www.europesays.com\/se\/wp-json\/wp\/v2\/categories?post=12128"},{"taxonomy":"post_tag","embeddable":true,"href":"https:\/\/www.europesays.com\/se\/wp-json\/wp\/v2\/tags?post=12128"}],"curies":[{"name":"wp","href":"https:\/\/api.w.org\/{rel}","templated":true}]}}