{"id":121281,"date":"2025-12-30T23:04:10","date_gmt":"2025-12-30T23:04:10","guid":{"rendered":"https:\/\/www.europesays.com\/se\/121281\/"},"modified":"2025-12-30T23:04:10","modified_gmt":"2025-12-30T23:04:10","slug":"ryska-robotsystemet-oresjnik-har-flyttats-till-belarus","status":"publish","type":"post","link":"https:\/\/www.europesays.com\/se\/121281\/","title":{"rendered":"Ryska robotsystemet Oresjnik har flyttats till Belarus"},"content":{"rendered":"<p><a data-test-tag=\"internal-link\" href=\"https:\/\/www.aftonbladet.se\/av\/johan-edgar\" class=\"hyperion-css-13ns1rr\" rel=\"nofollow noopener\" target=\"\" aria-label=\"Se alla artiklar av Johan Edgar\"><img decoding=\"async\" class=\"image-asset hyperion-css-n6kkq1\" data-test-tag=\"image-asset\" src=\"https:\/\/www.europesays.com\/se\/wp-content\/uploads\/2025\/12\/1767135848_178_95268424-8e04-40ee-ba36-b98d6cc58976.png\"  alt=\"\"  loading=\"lazy\" fetchpriority=\"auto\" style=\"aspect-ratio:1900 \/ 1900\"\/><\/a><\/p>\n<p class=\"boxtextgrotesk-root_baa6 hyperion-css-7pajle\">Publicerad 2025-12-30 23.51<\/p>\n<p>share-arrowDela<\/p>\n<p>unsaveSpara<\/p>\n<p>expand-left<\/p>\n<p>helsk\u00e4rm<img decoding=\"async\" class=\"image-asset hyperion-css-u06ts1\" data-test-tag=\"image-asset\" src=\"https:\/\/www.europesays.com\/se\/wp-content\/uploads\/2025\/12\/719ae943-6b56-43b2-af6b-09be49bcae7e.jpeg\"  alt=\"\"  loading=\"eager\" fetchpriority=\"high\" style=\"aspect-ratio:1900 \/ 1343\"\/> Foto: Russian Presidential Press Service Via AP<\/p>\n<p class=\"hyperion-css-1shl3oz\" data-test-tag=\"lead-text\">Ryssland visar upp flytten av robotsystemet Oresjnik \u00f6ver gr\u00e4nsen \u2013 och n\u00e4rmare EU. <\/p>\n<p class=\"hyperion-css-1shl3oz\" data-test-tag=\"lead-text\">Propagandadraget g\u00f6rs efter anklagelserna om ett attentatsf\u00f6rs\u00f6k mot Putin.<\/p>\n<p class=\"hyperion-css-1shl3oz\" data-test-tag=\"lead-text\">Kreml hotar med h\u00e4mnd.<\/p>\n<p class=\"hyperion-css-1shl3oz\" data-test-tag=\"lead-text\">Men enligt vittnen tyder ingenting p\u00e5 att attacken intr\u00e4ffat.<\/p>\n<p class=\"hyperion-css-1v9qo5x\">Bilderna fr\u00e5n det ryska f\u00f6rsvarsdepartementet visar hur det hypersoniska ballistiska robotsystemet Oresjnik fraktades i skogarna p\u00e5 v\u00e4g till en milit\u00e4rbas i <a data-test-tag=\"internal-link\" href=\"https:\/\/www.aftonbladet.se\/tagg\/vitryssland\" class=\"hyperion-css-15jkft9\" rel=\"nofollow noopener\" target=\"\" aria-label=\"Belarus\">Belarus<\/a>.<\/p>\n<p class=\"hyperion-css-1v9qo5x\">Man genomf\u00f6rde en ceremoni och hissade en flagga f\u00f6r att fira att systemet tagits i \u201daktiv tj\u00e4nst\u201d.<\/p>\n<p class=\"hyperion-css-1v9qo5x\">Roboten, som har kapacitet att anv\u00e4nda k\u00e4rnvapen, anv\u00e4ndes f\u00f6rsta g\u00e5ngen i samband med ett anfall mot den ukrainska staden Dnipro i fjol.<\/p>\n<p>expand-left<\/p>\n<p>helsk\u00e4rm<img decoding=\"async\" class=\"image-asset hyperion-css-u06ts1\" data-test-tag=\"image-asset\" src=\"https:\/\/www.europesays.com\/se\/wp-content\/uploads\/2025\/12\/a29d700b-ab0e-4c52-97a0-e099f52aa26e.jpeg\"  alt=\"P\u00e5 milit\u00e4rbasen i Belarus h\u00f6lls en ceremoni f\u00f6r att fira att Oresjnik tagits i \u201daktiv tj\u00e4nst\u201d.\"  loading=\"eager\" fetchpriority=\"high\" style=\"aspect-ratio:1900 \/ 1267\"\/>P\u00e5 milit\u00e4rbasen i Belarus h\u00f6lls en ceremoni f\u00f6r att fira att Oresjnik tagits i \u201daktiv tj\u00e4nst\u201d. Foto: Russian Defense Ministry Via APN\u00e5r V\u00e4steuropa p\u00e5 kortare tid<\/p>\n<p class=\"hyperion-css-1v9qo5x\">Putin uppgav i somras att Oresjnik har g\u00e5tt in i serieproduktion. Hastigheten och man\u00f6vrerbarheten g\u00f6r den sv\u00e5r att skjuta ner.<\/p>\n<p class=\"hyperion-css-1v9qo5x\">Medeldistansroboten kan, om den avfyras fr\u00e5n Belarus, nu n\u00e5 strategiska m\u00e5l i V\u00e4steuropa snabbare \u00e4n tidigare.<\/p>\n<p>expand-left<\/p>\n<p>helsk\u00e4rm<img decoding=\"async\" class=\"image-asset hyperion-css-u06ts1\" data-test-tag=\"image-asset\" src=\"https:\/\/www.europesays.com\/se\/wp-content\/uploads\/2025\/12\/ae65ddf9-abd0-492c-a844-162d31b67c04.jpeg\"  alt=\"Belarus Lukasjenko och Putin under ett m\u00f6te i december.\"  loading=\"eager\" fetchpriority=\"high\" style=\"aspect-ratio:1900 \/ 1267\"\/>Belarus Lukasjenko och Putin under ett m\u00f6te i december. Foto: Alexander Kazakov \/ AP<\/p>\n<p class=\"hyperion-css-1v9qo5x\">Belarus president Aleksandr Lukasjenko uppgav redan veckan f\u00f6re jul att Oresjnik var p\u00e5 plats i landet.  <\/p>\n<p class=\"hyperion-css-1v9qo5x\">\u2013 Oresjnik har varit i Belarus sedan i g\u00e5r. Den \u00e4r stridsklar, sa han i ett tal den 18 december.<\/p>\n<p class=\"hyperion-css-1v9qo5x\">Men f\u00f6rst nu har <a data-test-tag=\"internal-link\" href=\"https:\/\/www.aftonbladet.se\/tagg\/ryssland\" class=\"hyperion-css-15jkft9\" rel=\"nofollow noopener\" target=\"\" aria-label=\"Ryssland\">Ryssland<\/a> valt att offentligg\u00f6ra bilderna p\u00e5 det skr\u00e4mmande vapnet. <\/p>\n<p>expand-left<\/p>\n<p>helsk\u00e4rm<img decoding=\"async\" class=\"image-asset hyperion-css-u06ts1\" data-test-tag=\"image-asset\" src=\"https:\/\/www.europesays.com\/se\/wp-content\/uploads\/2025\/12\/cd61ee0d-6a70-4a1d-927c-694a4a11b240.jpeg\"  alt=\"Ryssland har sl\u00e4ppt bilder p\u00e5 det fruktade vapnet.\"  loading=\"eager\" fetchpriority=\"high\" style=\"aspect-ratio:1900 \/ 1135\"\/>Ryssland har sl\u00e4ppt bilder p\u00e5 det fruktade vapnet. Foto: Russian Defense Ministry Via APHotar: Utsett h\u00e4mndm\u00e5l<\/p>\n<p class=\"hyperion-css-1v9qo5x\">Hotet mot EU kommer bara en dag efter den ryska anklagelsen om att <a data-test-tag=\"internal-link\" href=\"https:\/\/www.aftonbladet.se\/tagg\/ukraina\" class=\"hyperion-css-15jkft9\" rel=\"nofollow noopener\" target=\"\" aria-label=\"Ukraina\">Ukraina<\/a> genomf\u00f6rt ett attentatsf\u00f6rs\u00f6k mot Vladimir Putin.<\/p>\n<p class=\"hyperion-css-1v9qo5x\">Enligt Ryssland sk\u00f6t man under s\u00f6ndagsnatten ner 91 dr\u00f6nare som skulle ha skickats i en samordnad attack mot Putins residens i regionen Novgorod. <\/p>\n<p class=\"hyperion-css-1v9qo5x\">Den ryske utrikesministern Sergej Lavrov har hotat med ett milit\u00e4rt svar mot Ukraina och uppger att man redan utsett m\u00e5len f\u00f6r h\u00e4mndattackerna. <\/p>\n<p class=\"hyperion-css-1v9qo5x\">Ukraina har helt avf\u00e4rdat anklagelserna som falska.<\/p>\n<p class=\"hyperion-css-1v9qo5x\">Kreml har inte visat n\u00e5gra bevis f\u00f6r att attacken faktiskt intr\u00e4ffat, <a aria-label=\"skriver The Guardian\" class=\"default hyperion-css-15jkft9\" href=\"https:\/\/www.theguardian.com\/world\/2025\/dec\/30\/russia-claims-moved-nuclear-capable-missile-system-belarus\" rel=\"noopener nofollow noreferrer\" data-test-tag=\"external-link\" target=\"_blank\">skriver The Guardian<\/a>.<\/p>\n<p>expand-left<\/p>\n<p>helsk\u00e4rm<img decoding=\"async\" class=\"image-asset hyperion-css-u06ts1\" data-test-tag=\"image-asset\" src=\"https:\/\/www.europesays.com\/se\/wp-content\/uploads\/2025\/12\/b87b4da6-512f-471c-a012-d477494e095d.jpeg\"  alt=\"Belarus har bekr\u00e4ftat att Oresjnik \u00e4r p\u00e5 plats i landet.\"  loading=\"eager\" fetchpriority=\"high\" style=\"aspect-ratio:1900 \/ 1267\"\/>Belarus har bekr\u00e4ftat att Oresjnik \u00e4r p\u00e5 plats i landet. Foto: Russian Defense Ministry Via APIngen har h\u00f6rt eller sett<\/p>\n<p class=\"hyperion-css-1v9qo5x\">Putins talesperson Dmitrij Peskov uppger p\u00e5 tisdagen att inga bevis kan visas upp eftersom alla dr\u00f6nare skjutits ner. <\/p>\n<p class=\"hyperion-css-1v9qo5x\">Han sa att han inte kunde kommentera varf\u00f6r inga vrakdelar p\u00e5tr\u00e4ffats efter de p\u00e5st\u00e5tt nedskjutna luftfarkosterna.<\/p>\n<p class=\"hyperion-css-1v9qo5x\">Enligt den ryska oberoende nyhetssajten Sota uppger boende i omr\u00e5det d\u00e4r attacken ska ha intr\u00e4ffat att man varken h\u00f6rt ljudet av explosioner eller luftv\u00e4rnseld, skriver The Guardian.<\/p>\n<p>expand-left<\/p>\n<p>helsk\u00e4rm<img decoding=\"async\" class=\"image-asset hyperion-css-u06ts1\" data-test-tag=\"image-asset\" src=\"https:\/\/www.europesays.com\/se\/wp-content\/uploads\/2025\/12\/bbefee26-cfff-4cde-b342-6d103060cba1.jpeg\"  alt=\"Robotsystemet t\u00e4cks av camouflagen\u00e4t under en \u00f6vning n\u00e5gonstans i Belarus.\"  loading=\"eager\" fetchpriority=\"high\" style=\"aspect-ratio:1900 \/ 1069\"\/>Robotsystemet t\u00e4cks av camouflagen\u00e4t under en \u00f6vning n\u00e5gonstans i Belarus. Foto: Russian Defense Ministry Via AP<\/p>\n<p class=\"hyperion-css-1v9qo5x\">Det har inte heller dykt upp n\u00e5gra bilder eller videoklipp i sociala medier som visar r\u00f6k och eld p\u00e5 platsen.<\/p>\n<p class=\"hyperion-css-1v9qo5x\">\u201dN\u00e4stan ett dygn har g\u00e5tt utan att Ryssland visat n\u00e5gra trov\u00e4rdiga bevis f\u00f6r sina anklagelser. Om det kommer de inte g\u00f6ra. Eftersom att det inte finns n\u00e5gra. Ingen s\u00e5dan attack har intr\u00e4ffat\u201d, skriver den ukrainske utrikesministern Andrij Sybiha p\u00e5 X. <\/p>\n","protected":false},"excerpt":{"rendered":"Publicerad 2025-12-30 23.51 share-arrowDela unsaveSpara expand-left helsk\u00e4rm Foto: Russian Presidential Press Service Via AP Ryssland visar upp flytten&hellip;\n","protected":false},"author":2,"featured_media":121282,"comment_status":"","ping_status":"","sticky":false,"template":"","format":"standard","meta":{"footnotes":""},"categories":[14],"tags":[22,23,26,27,17,21,24,25,28,29,15,16,18,34,31,33,32,30,19,20,51,52,53,54],"class_list":{"0":"post-121281","1":"post","2":"type-post","3":"status-publish","4":"format-standard","5":"has-post-thumbnail","7":"category-varlden","8":"tag-breaking-news","9":"tag-breakingnews","10":"tag-featured-news","11":"tag-featurednews","12":"tag-headlines","13":"tag-huvudnyheter","14":"tag-latest-news","15":"tag-latestnews","16":"tag-main-news","17":"tag-mainnews","18":"tag-news","19":"tag-nyheter","20":"tag-rubriker","21":"tag-se","22":"tag-svenska","23":"tag-sverige","24":"tag-sweden","25":"tag-swedish","26":"tag-top-stories","27":"tag-topstories","28":"tag-varlden","29":"tag-world","30":"tag-world-news","31":"tag-worldnews"},"share_on_mastodon":{"url":"https:\/\/pubeurope.com\/@se\/115811022525118042","error":""},"_links":{"self":[{"href":"https:\/\/www.europesays.com\/se\/wp-json\/wp\/v2\/posts\/121281","targetHints":{"allow":["GET"]}}],"collection":[{"href":"https:\/\/www.europesays.com\/se\/wp-json\/wp\/v2\/posts"}],"about":[{"href":"https:\/\/www.europesays.com\/se\/wp-json\/wp\/v2\/types\/post"}],"author":[{"embeddable":true,"href":"https:\/\/www.europesays.com\/se\/wp-json\/wp\/v2\/users\/2"}],"replies":[{"embeddable":true,"href":"https:\/\/www.europesays.com\/se\/wp-json\/wp\/v2\/comments?post=121281"}],"version-history":[{"count":0,"href":"https:\/\/www.europesays.com\/se\/wp-json\/wp\/v2\/posts\/121281\/revisions"}],"wp:featuredmedia":[{"embeddable":true,"href":"https:\/\/www.europesays.com\/se\/wp-json\/wp\/v2\/media\/121282"}],"wp:attachment":[{"href":"https:\/\/www.europesays.com\/se\/wp-json\/wp\/v2\/media?parent=121281"}],"wp:term":[{"taxonomy":"category","embeddable":true,"href":"https:\/\/www.europesays.com\/se\/wp-json\/wp\/v2\/categories?post=121281"},{"taxonomy":"post_tag","embeddable":true,"href":"https:\/\/www.europesays.com\/se\/wp-json\/wp\/v2\/tags?post=121281"}],"curies":[{"name":"wp","href":"https:\/\/api.w.org\/{rel}","templated":true}]}}