{"id":121283,"date":"2025-12-30T23:06:09","date_gmt":"2025-12-30T23:06:09","guid":{"rendered":"https:\/\/www.europesays.com\/se\/121283\/"},"modified":"2025-12-30T23:06:09","modified_gmt":"2025-12-30T23:06:09","slug":"manchester-united-chockat-av-jumbon","status":"publish","type":"post","link":"https:\/\/www.europesays.com\/se\/121283\/","title":{"rendered":"Manchester United chockat av jumbon"},"content":{"rendered":"<p><a data-test-tag=\"internal-link\" href=\"https:\/\/www.aftonbladet.se\/av\/makoto-asahara\" class=\"hyperion-css-13ns1rr\" rel=\"nofollow noopener\" target=\"\" aria-label=\"Se alla artiklar av Makoto Asahara\"><img decoding=\"async\" class=\"image-asset hyperion-css-n6kkq1\" data-test-tag=\"image-asset\" src=\"https:\/\/www.europesays.com\/se\/wp-content\/uploads\/2025\/12\/1767135968_312_d489d8e9-feec-41cf-aec5-f7f6eb5fd94e.png\"  alt=\"\"  loading=\"lazy\" fetchpriority=\"auto\" style=\"aspect-ratio:1900 \/ 1900\"\/><\/a><\/p>\n<p class=\"boxtextgrotesk-root_baa6 hyperion-css-1w346fg\">Publicerad 2025-12-30 23.08<\/p>\n<p>share-arrowDela<\/p>\n<p>unsaveSpara<\/p>\n<p class=\"hyperion-css-1shl3oz\" data-test-tag=\"lead-text\">Wolverhampton har tagit po\u00e4ng igen.<\/p>\n<p class=\"hyperion-css-1shl3oz\" data-test-tag=\"lead-text\">Och det mot Manchester United.<\/p>\n<p class=\"hyperion-css-1shl3oz\" data-test-tag=\"lead-text\">Den hoppl\u00f6sa tabelljumbon l\u00f6ste en skr\u00e4llartad pinne borta p\u00e5 Old Trafford.<\/p>\n<p class=\"hyperion-css-1v9qo5x\">Wolverhampton har haft en h\u00f6st och vinter att gl\u00f6mma i <a data-test-tag=\"internal-link\" href=\"https:\/\/www.aftonbladet.se\/tagg\/premier-league\" class=\"hyperion-css-15jkft9\" rel=\"nofollow noopener\" target=\"\" aria-label=\"Premier League\" theme=\"sportbladet\">Premier League<\/a>. F\u00f6rutom tv\u00e5 raka 1\u20131-matcher i september\/oktober har vargarna inkasserat idel f\u00f6rluster, fortsatt v\u00e4ntandes p\u00e5 s\u00e4songens f\u00f6rsta seger.<\/p>\n<p class=\"hyperion-css-1v9qo5x\">De f\u00e5r v\u00e4nta p\u00e5 den d\u00e4r trepo\u00e4ngaren ett tag till.<\/p>\n<p class=\"hyperion-css-1v9qo5x\">Men nu har de i alla fall tre po\u00e4ng sammanlagt.<\/p>\n<p class=\"hyperion-css-1v9qo5x\">Tack vare en stark insats borta mot <a data-test-tag=\"internal-link\" href=\"https:\/\/www.aftonbladet.se\/tagg\/manchester-united\" class=\"hyperion-css-15jkft9\" rel=\"nofollow noopener\" target=\"\" aria-label=\"Manchester United\" theme=\"sportbladet\">Manchester United<\/a>.<\/p>\n<p>Nickade in h\u00f6rna<\/p>\n<p class=\"hyperion-css-1v9qo5x\">Flyttryktade Joshua Zirkzee gav United ledningen i minut 27, i ett l\u00e4ge d\u00e4r Ruben Amorims mannar s\u00e5g ut att ha koll p\u00e5 l\u00e4get.<\/p>\n<p>expand-left<\/p>\n<p>helsk\u00e4rm<img decoding=\"async\" class=\"image-asset hyperion-css-u06ts1\" data-test-tag=\"image-asset\" src=\"https:\/\/www.europesays.com\/se\/wp-content\/uploads\/2025\/12\/709b14cc-8366-4745-8999-c775b786b985.jpeg\"  alt=\"Tungt avslut p\u00e5 2025 f\u00f6r Manchester United.\"  loading=\"eager\" fetchpriority=\"high\" style=\"aspect-ratio:1900 \/ 1267\"\/>Tungt avslut p\u00e5 2025 f\u00f6r Manchester United. Foto: Carl Recine \/ Getty Images<\/p>\n<p class=\"hyperion-css-1v9qo5x\">Men p\u00e5 den f\u00f6rsta halvlekens enda bortah\u00f6rna, precis innan pausvilan, nickade mittbacken Ladislav Krejcl in 1\u20131.<\/p>\n<p class=\"hyperion-css-1v9qo5x\">Wolves hade bud p\u00e5 mer i den efterf\u00f6ljande andra hallveken, men fick i slut\u00e4ndan n\u00f6ja sig med en po\u00e4ng.<\/p>\n<p class=\"hyperion-css-1v9qo5x\">De kanske dock fr\u00e4mst ska vara glada att det inte blev en ny nolla i po\u00e4ngkolumnen.<\/p>\n<p>Offsidem\u00e5l av Dorgu<\/p>\n<p class=\"hyperion-css-1v9qo5x\">I slutminuterna s\u00e5g det f\u00f6rst ut som att Uniteddansken Patrick Dorgu, matchhj\u00e4lte senast p\u00e5 annandagen mot Newcastle, hade gjort m\u00e5l i sin andra raka Premier League-match.<\/p>\n<p class=\"hyperion-css-1v9qo5x\">Men innan han knappt hunnit b\u00f6rja fira hade linjedomarens offsideflagga lyfts.<\/p>\n<p class=\"hyperion-css-1v9qo5x\">\u2013 Vi hade problem i matchen. Vi saknade kreativitet. Om man tittar \u00f6ver 90 minuter hade vi v\u00e5ra chanser men flytet offensivt saknades. Vi spelade inte bra. Vi m\u00e5ste studsa tillbaka och g\u00e5 vidare, s\u00e4ger Unitedtr\u00e4naren Ruben Amorim till Sky Sports.<\/p>\n<p>F\u00f6rsta p\u00e5 133 \u00e5r<\/p>\n<p class=\"hyperion-css-1v9qo5x\">\u00c4ven om det var en sk\u00f6n po\u00e4ng f\u00f6r Wolves s\u00e5 n\u00e5dde de samtidigt alla m\u00f6jliga o\u00f6nskade milstolpar \u2013 f\u00f6r de vann ju som sagt inte.<\/p>\n<p class=\"hyperion-css-1v9qo5x\">23 raka ligamatcher utan vinst, inr\u00e4knat \u00e4ven fjol\u00e5rss\u00e4songen, \u00e4r klubbens l\u00e4ngsta vinstfria svit n\u00e5gonsin i Premier League. Wolves blev dessutom den andra laget n\u00e5gonsin i den engelska h\u00f6gstaligan att inleda s\u00e4songen med 19 raka matcher utan seger. Det enda lag som \u201dlyckats\u201d med det tidigare var Bolton, s\u00e4songen 1902\u20131903. Det vill s\u00e4ga f\u00f6r 133 \u00e5r sedan.<\/p>\n<p>H\u00e4ndelserInb\u00f6rdes m\u00f6ten5 senasteLaguppst\u00e4llningTabell<\/p>\n","protected":false},"excerpt":{"rendered":"Publicerad 2025-12-30 23.08 share-arrowDela unsaveSpara Wolverhampton har tagit po\u00e4ng igen. Och det mot Manchester United. Den hoppl\u00f6sa tabelljumbon&hellip;\n","protected":false},"author":2,"featured_media":121284,"comment_status":"","ping_status":"","sticky":false,"template":"","format":"standard","meta":{"footnotes":""},"categories":[5],"tags":[22,23,26,27,17,21,24,25,28,29,15,16,18,34,31,33,32,30,19,20],"class_list":{"0":"post-121283","1":"post","2":"type-post","3":"status-publish","4":"format-standard","5":"has-post-thumbnail","7":"category-rubriker","8":"tag-breaking-news","9":"tag-breakingnews","10":"tag-featured-news","11":"tag-featurednews","12":"tag-headlines","13":"tag-huvudnyheter","14":"tag-latest-news","15":"tag-latestnews","16":"tag-main-news","17":"tag-mainnews","18":"tag-news","19":"tag-nyheter","20":"tag-rubriker","21":"tag-se","22":"tag-svenska","23":"tag-sverige","24":"tag-sweden","25":"tag-swedish","26":"tag-top-stories","27":"tag-topstories"},"share_on_mastodon":{"url":"https:\/\/pubeurope.com\/@se\/115811030345305342","error":""},"_links":{"self":[{"href":"https:\/\/www.europesays.com\/se\/wp-json\/wp\/v2\/posts\/121283","targetHints":{"allow":["GET"]}}],"collection":[{"href":"https:\/\/www.europesays.com\/se\/wp-json\/wp\/v2\/posts"}],"about":[{"href":"https:\/\/www.europesays.com\/se\/wp-json\/wp\/v2\/types\/post"}],"author":[{"embeddable":true,"href":"https:\/\/www.europesays.com\/se\/wp-json\/wp\/v2\/users\/2"}],"replies":[{"embeddable":true,"href":"https:\/\/www.europesays.com\/se\/wp-json\/wp\/v2\/comments?post=121283"}],"version-history":[{"count":0,"href":"https:\/\/www.europesays.com\/se\/wp-json\/wp\/v2\/posts\/121283\/revisions"}],"wp:featuredmedia":[{"embeddable":true,"href":"https:\/\/www.europesays.com\/se\/wp-json\/wp\/v2\/media\/121284"}],"wp:attachment":[{"href":"https:\/\/www.europesays.com\/se\/wp-json\/wp\/v2\/media?parent=121283"}],"wp:term":[{"taxonomy":"category","embeddable":true,"href":"https:\/\/www.europesays.com\/se\/wp-json\/wp\/v2\/categories?post=121283"},{"taxonomy":"post_tag","embeddable":true,"href":"https:\/\/www.europesays.com\/se\/wp-json\/wp\/v2\/tags?post=121283"}],"curies":[{"name":"wp","href":"https:\/\/api.w.org\/{rel}","templated":true}]}}