{"id":121285,"date":"2025-12-30T23:13:16","date_gmt":"2025-12-30T23:13:16","guid":{"rendered":"https:\/\/www.europesays.com\/se\/121285\/"},"modified":"2025-12-30T23:13:16","modified_gmt":"2025-12-30T23:13:16","slug":"ryssland-skarper-tonen-mot-ukraina","status":"publish","type":"post","link":"https:\/\/www.europesays.com\/se\/121285\/","title":{"rendered":"Ryssland sk\u00e4rper tonen mot Ukraina"},"content":{"rendered":"<p>Ryssland kommer att sk\u00e4rpa sin ton i f\u00f6rhandlingarna om fred i Ukraina. <\/p>\n<p>Tisdagens uttalande fr\u00e5n Kreml kommer dagen efter det att Ryssland h\u00e4vdat att Ukraina f\u00f6rs\u00f6kt attackera ett av president Vladimir Putins residens. <\/p>\n<p>Ryssland har v\u00e4grat att dela bevis om den p\u00e5st\u00e5dda attacken. Kremls talesperson Dmitrij Peskov s\u00e4ger att han inte tycker att det beh\u00f6vs n\u00e5gra bevis f\u00f6r en \u201ds\u00e5 massiv dr\u00f6narattack, som tack vare luftf\u00f6rsvarssystemets v\u00e4lkoordinerade arbete sk\u00f6ts ner\u201d. <\/p>\n<p>Ukraina tillbakavisar attacken.<\/p>\n","protected":false},"excerpt":{"rendered":"Ryssland kommer att sk\u00e4rpa sin ton i f\u00f6rhandlingarna om fred i Ukraina. Tisdagens uttalande fr\u00e5n Kreml kommer dagen&hellip;\n","protected":false},"author":2,"featured_media":793,"comment_status":"","ping_status":"","sticky":false,"template":"","format":"standard","meta":{"footnotes":""},"categories":[14],"tags":[22,23,26,27,17,21,24,25,28,29,15,16,18,34,31,33,32,30,19,20,51,52,53,54],"class_list":{"0":"post-121285","1":"post","2":"type-post","3":"status-publish","4":"format-standard","5":"has-post-thumbnail","7":"category-varlden","8":"tag-breaking-news","9":"tag-breakingnews","10":"tag-featured-news","11":"tag-featurednews","12":"tag-headlines","13":"tag-huvudnyheter","14":"tag-latest-news","15":"tag-latestnews","16":"tag-main-news","17":"tag-mainnews","18":"tag-news","19":"tag-nyheter","20":"tag-rubriker","21":"tag-se","22":"tag-svenska","23":"tag-sverige","24":"tag-sweden","25":"tag-swedish","26":"tag-top-stories","27":"tag-topstories","28":"tag-varlden","29":"tag-world","30":"tag-world-news","31":"tag-worldnews"},"share_on_mastodon":{"url":"https:\/\/pubeurope.com\/@se\/115811057826285647","error":""},"_links":{"self":[{"href":"https:\/\/www.europesays.com\/se\/wp-json\/wp\/v2\/posts\/121285","targetHints":{"allow":["GET"]}}],"collection":[{"href":"https:\/\/www.europesays.com\/se\/wp-json\/wp\/v2\/posts"}],"about":[{"href":"https:\/\/www.europesays.com\/se\/wp-json\/wp\/v2\/types\/post"}],"author":[{"embeddable":true,"href":"https:\/\/www.europesays.com\/se\/wp-json\/wp\/v2\/users\/2"}],"replies":[{"embeddable":true,"href":"https:\/\/www.europesays.com\/se\/wp-json\/wp\/v2\/comments?post=121285"}],"version-history":[{"count":0,"href":"https:\/\/www.europesays.com\/se\/wp-json\/wp\/v2\/posts\/121285\/revisions"}],"wp:featuredmedia":[{"embeddable":true,"href":"https:\/\/www.europesays.com\/se\/wp-json\/wp\/v2\/media\/793"}],"wp:attachment":[{"href":"https:\/\/www.europesays.com\/se\/wp-json\/wp\/v2\/media?parent=121285"}],"wp:term":[{"taxonomy":"category","embeddable":true,"href":"https:\/\/www.europesays.com\/se\/wp-json\/wp\/v2\/categories?post=121285"},{"taxonomy":"post_tag","embeddable":true,"href":"https:\/\/www.europesays.com\/se\/wp-json\/wp\/v2\/tags?post=121285"}],"curies":[{"name":"wp","href":"https:\/\/api.w.org\/{rel}","templated":true}]}}