{"id":121289,"date":"2025-12-30T23:23:24","date_gmt":"2025-12-30T23:23:24","guid":{"rendered":"https:\/\/www.europesays.com\/se\/121289\/"},"modified":"2025-12-30T23:23:24","modified_gmt":"2025-12-30T23:23:24","slug":"det-har-ar-somaligate-i-minnesota-kvartal","status":"publish","type":"post","link":"https:\/\/www.europesays.com\/se\/121289\/","title":{"rendered":"Det h\u00e4r \u00e4r Somaligate i Minnesota &#8211; Kvartal"},"content":{"rendered":"<ol>\n<li><a href=\"https:\/\/news.google.com\/rss\/articles\/CBMilwFBVV95cUxQWmpqWWF3UnRDZ2ZTclVHLUtJS3gwMFVEQURFMmt6WnA0TUMxa01ZZ3c4RGk4ZkN5UkkwNmtiNm5hVVFWUGVTbUpBMno3cUhTOFBrVmxqem5rSTN3bGI2U24zNmZCQW9kZTdOcTlxNDI5WjFhTjgzRmRYUk90ckQxYkcyMDhqMHVRRFZiN25qOFNzT3NPbC1v?oc=5\" target=\"_blank\" rel=\"nofollow noopener\">Det h\u00e4r \u00e4r Somaligate i Minnesota<\/a>&nbsp;&nbsp;Kvartal<\/li>\n<li><a href=\"https:\/\/news.google.com\/rss\/articles\/CBMiyAFBVV95cUxQMVY1a3lFaE1RV0t5QjNCdldkUjRNRjd0bjlJY2RqNExORWxMeWtTTlN0MExmR24wMGtoNUlnVnpBdVF1bmJUT2J3Ym1qMkdQcl8tTWZNSU50bHNmMURKcFNyRU8yNW9fNi1CN3dNdjRQTklPeU1iWEM5OTZYQnFTUGdFZEpveWlYLVNNYV9NSjlNbTA3bXJzZjA0UW9tQ0FURHZqM2MyRW80R0RCUkxLN2h4U3E1ZTZNSWFsUGJVQmNGTDVJbVNqWg?oc=5\" target=\"_blank\" rel=\"nofollow noopener\">USA:s st\u00f6rsta covid-bedr\u00e4geri splittrar Minnesotas somalier<\/a>&nbsp;&nbsp;GP<\/li>\n<li><a href=\"https:\/\/news.google.com\/rss\/articles\/CBMiggFBVV95cUxNT0h0MlFGRHlBRW9XNmRyT28xWFQ5N0MyZFVyclVPTmwwNVhvaVhfM2lDYjBVbF9zU1RSeWhrUHRvNC1vVVJaSGlpeHNUT0VLZXpiVWg2Sk4wQzNvQUpnZnl6TEphZHRBSEhsVzRpNGZCVVZUMTNrVWRuMl96TmY4U2pB?oc=5\" target=\"_blank\" rel=\"nofollow noopener\">Varf\u00f6r i Minnesota \u2013 och vem finansierar Liz Truss?<\/a>&nbsp;&nbsp;internationalen.se<\/li>\n<li><a href=\"https:\/\/news.google.com\/rss\/articles\/CBMigAFBVV95cUxPdTU3eC1aU3hRTGwwZTJjWDdDdjhWajdkX2ZNUm81cnEyNG1oSjJhQkJqaFFLSXY4Q1YwOElTQVFLd0prRVhnTFRRdXd4dlprbmNiQlNldW03T1VFVVo0UENZWW1yMlJSMU1Lc3hidWhTNV9QZFJPVm9GM3ZOSUxiTQ?oc=5\" target=\"_blank\" rel=\"nofollow noopener\">Ytterligare misstankar om bedr\u00e4gerier i Minnesota<\/a>&nbsp;&nbsp;Svenska Epoch Times<\/li>\n<li><a href=\"https:\/\/news.google.com\/rss\/articles\/CBMihwFBVV95cUxONGFPZEZCZU1oaFoxSEV4WTlWa0t5WjhtR29KSUNnQWs2SzdCemRWMFh4MFE4T2VTWEFDdk53bXZHVmcydGVVbFRYQ1JON1lEX1FXUHpmSzF2M0NTN1dFb04ydFh2cDA2VmRGSkdkX1lieFh5Q05Na2I3T1JWNmt3cjlpM1ExLW8?oc=5\" target=\"_blank\" rel=\"nofollow noopener\">FBI-chefen om bidragsh\u00e4rvan i Minnesota: \u201dToppen p\u00e5 ett isberg\u201d<\/a>&nbsp;&nbsp;Bulletin<\/li>\n<\/ol>\n","protected":false},"excerpt":{"rendered":"Det h\u00e4r \u00e4r Somaligate i Minnesota&nbsp;&nbsp;Kvartal USA:s st\u00f6rsta covid-bedr\u00e4geri splittrar Minnesotas somalier&nbsp;&nbsp;GP Varf\u00f6r i Minnesota \u2013 och vem&hellip;\n","protected":false},"author":2,"featured_media":121290,"comment_status":"","ping_status":"","sticky":false,"template":"","format":"standard","meta":{"footnotes":""},"categories":[5],"tags":[22,23,26,27,17,21,2992,24,25,28,29,15,16,18,34,12875,31,33,32,30,19,20,74],"class_list":{"0":"post-121289","1":"post","2":"type-post","3":"status-publish","4":"format-standard","5":"has-post-thumbnail","7":"category-rubriker","8":"tag-breaking-news","9":"tag-breakingnews","10":"tag-featured-news","11":"tag-featurednews","12":"tag-headlines","13":"tag-huvudnyheter","14":"tag-korruption","15":"tag-latest-news","16":"tag-latestnews","17":"tag-main-news","18":"tag-mainnews","19":"tag-news","20":"tag-nyheter","21":"tag-rubriker","22":"tag-se","23":"tag-segregering","24":"tag-svenska","25":"tag-sverige","26":"tag-sweden","27":"tag-swedish","28":"tag-top-stories","29":"tag-topstories","30":"tag-usa"},"share_on_mastodon":{"url":"https:\/\/pubeurope.com\/@se\/115811097167159404","error":""},"_links":{"self":[{"href":"https:\/\/www.europesays.com\/se\/wp-json\/wp\/v2\/posts\/121289","targetHints":{"allow":["GET"]}}],"collection":[{"href":"https:\/\/www.europesays.com\/se\/wp-json\/wp\/v2\/posts"}],"about":[{"href":"https:\/\/www.europesays.com\/se\/wp-json\/wp\/v2\/types\/post"}],"author":[{"embeddable":true,"href":"https:\/\/www.europesays.com\/se\/wp-json\/wp\/v2\/users\/2"}],"replies":[{"embeddable":true,"href":"https:\/\/www.europesays.com\/se\/wp-json\/wp\/v2\/comments?post=121289"}],"version-history":[{"count":0,"href":"https:\/\/www.europesays.com\/se\/wp-json\/wp\/v2\/posts\/121289\/revisions"}],"wp:featuredmedia":[{"embeddable":true,"href":"https:\/\/www.europesays.com\/se\/wp-json\/wp\/v2\/media\/121290"}],"wp:attachment":[{"href":"https:\/\/www.europesays.com\/se\/wp-json\/wp\/v2\/media?parent=121289"}],"wp:term":[{"taxonomy":"category","embeddable":true,"href":"https:\/\/www.europesays.com\/se\/wp-json\/wp\/v2\/categories?post=121289"},{"taxonomy":"post_tag","embeddable":true,"href":"https:\/\/www.europesays.com\/se\/wp-json\/wp\/v2\/tags?post=121289"}],"curies":[{"name":"wp","href":"https:\/\/api.w.org\/{rel}","templated":true}]}}