{"id":121295,"date":"2025-12-30T23:47:07","date_gmt":"2025-12-30T23:47:07","guid":{"rendered":"https:\/\/www.europesays.com\/se\/121295\/"},"modified":"2025-12-30T23:47:07","modified_gmt":"2025-12-30T23:47:07","slug":"fransk-stororder-for-saab-svt-nyheter","status":"publish","type":"post","link":"https:\/\/www.europesays.com\/se\/121295\/","title":{"rendered":"Fransk stororder f\u00f6r Saab | SVT Nyheter"},"content":{"rendered":"<p>Saab ingick avtalet med den franska motsvarigheten till F\u00f6rsvarets materielverk, direction g\u00e9n\u00e9rale de l&#8217;Armement (DGA). Frankrike k\u00f6per tv\u00e5 spaningsplan av typen GlobalEye, i avtalet ing\u00e5r ocks\u00e5 markutrustning , utbildning och support.<\/p>\n<p>V\u00e4rdet p\u00e5 ordern uppg\u00e5r till cirka 12,3 miljarder kronor och leveranserna av flygplanen \u00e4r t\u00e4nkta att ske \u00e5ren 2029-2032. Ut\u00f6ver det inneh\u00e5ller avtalet en option f\u00f6r Frankrike att k\u00f6pa ytterligare tv\u00e5 flygplan.<\/p>\n<p>\u2013 Det \u00e4r ett genombrott att Frankrike, som f\u00f6rsta land i Europa utanf\u00f6r Sverige, investerar i en f\u00f6rm\u00e5ga som passar dem b\u00e4st f\u00f6r att st\u00e4rka sin suver\u00e4nitet och bidra till Europas och NATO:s skydd, s\u00e4ger Saabs presschef Mattias R\u00e5dstr\u00f6m till SVT.<\/p>\n<p>\u2013 Dessutom bidrar ordern till h\u00f6gkvalitativa arbetstillf\u00e4llen i b\u00e5de Sverige och Frankrike.<\/p>\n<p>Jonson: \u201dStor framg\u00e5ng\u201d<\/p>\n<p>GlobalEye kan anv\u00e4ndas f\u00f6r spaning och stridsledning. Frankrike skrev under en avsiktsf\u00f6rklaring om ett k\u00f6p i samband med Paris Air Show i somras. <\/p>\n<p>Den f\u00e4rdiga aff\u00e4ren v\u00e4lkomnas av bland annat f\u00f6rsvarsminister P\u00e5l Jonson.<\/p>\n<p>\u2013 Det \u00e4r en stor framg\u00e5ng f\u00f6r svensk f\u00f6rsvarsindustri. Vi expanderar v\u00e5rt f\u00f6rsvarsindustriella avtryck och visar att Sverige \u00e4r en viktig partner f\u00f6r att g\u00f6ra Europa s\u00e4krare. Vi hoppas p\u00e5 att fler ska v\u00e4lja GlobalEye fram\u00f6ver, s\u00e4ger f\u00f6rsvarsminister P\u00e5l Jonson (M) till SVT.<\/p>\n<p>Sedan tidigare har Sverige best\u00e4llt tre GlobalEye som inte levererats \u00e4n. F\u00f6renade arabemiraten har f\u00e5tt fem flygplan levererade. Det har ocks\u00e5 spekulerats i att fler Natol\u00e4nder kan vara intresserade, bland annat Danmark och Tyskland.<\/p>\n","protected":false},"excerpt":{"rendered":"Saab ingick avtalet med den franska motsvarigheten till F\u00f6rsvarets materielverk, direction g\u00e9n\u00e9rale de l&#8217;Armement (DGA). Frankrike k\u00f6per tv\u00e5&hellip;\n","protected":false},"author":2,"featured_media":793,"comment_status":"","ping_status":"","sticky":false,"template":"","format":"standard","meta":{"footnotes":""},"categories":[5],"tags":[22,23,26,27,17,21,24,25,28,29,15,16,18,34,31,33,32,30,19,20],"class_list":{"0":"post-121295","1":"post","2":"type-post","3":"status-publish","4":"format-standard","5":"has-post-thumbnail","7":"category-rubriker","8":"tag-breaking-news","9":"tag-breakingnews","10":"tag-featured-news","11":"tag-featurednews","12":"tag-headlines","13":"tag-huvudnyheter","14":"tag-latest-news","15":"tag-latestnews","16":"tag-main-news","17":"tag-mainnews","18":"tag-news","19":"tag-nyheter","20":"tag-rubriker","21":"tag-se","22":"tag-svenska","23":"tag-sverige","24":"tag-sweden","25":"tag-swedish","26":"tag-top-stories","27":"tag-topstories"},"share_on_mastodon":{"url":"https:\/\/pubeurope.com\/@se\/115811191491320091","error":""},"_links":{"self":[{"href":"https:\/\/www.europesays.com\/se\/wp-json\/wp\/v2\/posts\/121295","targetHints":{"allow":["GET"]}}],"collection":[{"href":"https:\/\/www.europesays.com\/se\/wp-json\/wp\/v2\/posts"}],"about":[{"href":"https:\/\/www.europesays.com\/se\/wp-json\/wp\/v2\/types\/post"}],"author":[{"embeddable":true,"href":"https:\/\/www.europesays.com\/se\/wp-json\/wp\/v2\/users\/2"}],"replies":[{"embeddable":true,"href":"https:\/\/www.europesays.com\/se\/wp-json\/wp\/v2\/comments?post=121295"}],"version-history":[{"count":0,"href":"https:\/\/www.europesays.com\/se\/wp-json\/wp\/v2\/posts\/121295\/revisions"}],"wp:featuredmedia":[{"embeddable":true,"href":"https:\/\/www.europesays.com\/se\/wp-json\/wp\/v2\/media\/793"}],"wp:attachment":[{"href":"https:\/\/www.europesays.com\/se\/wp-json\/wp\/v2\/media?parent=121295"}],"wp:term":[{"taxonomy":"category","embeddable":true,"href":"https:\/\/www.europesays.com\/se\/wp-json\/wp\/v2\/categories?post=121295"},{"taxonomy":"post_tag","embeddable":true,"href":"https:\/\/www.europesays.com\/se\/wp-json\/wp\/v2\/tags?post=121295"}],"curies":[{"name":"wp","href":"https:\/\/api.w.org\/{rel}","templated":true}]}}