{"id":121296,"date":"2025-12-30T23:53:06","date_gmt":"2025-12-30T23:53:06","guid":{"rendered":"https:\/\/www.europesays.com\/se\/121296\/"},"modified":"2025-12-30T23:53:06","modified_gmt":"2025-12-30T23:53:06","slug":"konflikten-leder-israelerna-till-gud","status":"publish","type":"post","link":"https:\/\/www.europesays.com\/se\/121296\/","title":{"rendered":"Konflikten leder israelerna till Gud"},"content":{"rendered":"<p>Vi ser det bland judar \u00f6ver hela v\u00e4rlden,<br \/>\noch vi har sett det g\u00e5ng p\u00e5 g\u00e5ng i\u00a0historien: ju mer man angriper dem, desto mer<br \/>\ns\u00f6ker sig judarna till sin identitet. Det som \u00e4r speciellt med de senaste tv\u00e5<br \/>\n\u00e5ren \u00e4r att \u00e4ven judar i\u00a0diasporan, i\u00a0en grad vi inte sett f\u00f6rut, identifierar<br \/>\nsig med den judiska staten.<\/p>\n<p>                ERBJUDANDE!<br \/>\n<br \/>V\u00e4rlden idag DIGITAL<br \/>\n                2 m\u00e5nader f\u00f6r 10 kr!<\/p>\n<p>\n                    <a class=\"lab-paywall-teaser-offer-button\" href=\"https:\/\/api.varldenidag.se\/paywall\/order?providerUrl=https%3A%2F%2Forder.flowy.se%2Fvarldenidag%2Fvarldenidagdigital%2F3990%2Fuserform%3FcouponNumber%3D124&amp;siteAlias=varldenidag&amp;&amp;siteId=2&amp;contentUrl=https%3A%2F%2Fwww.varldenidag.se%2Fkroenikor%2Fkonflikten-leder-israelerna-till-gud%2F899094\" rel=\"nofollow noopener\" target=\"_blank\">K\u00d6P<\/a>\n                <\/p>\n<p>                V\u00e4rlden idag<br \/>\n<br \/>DIGITAL<br \/>\n                129,-<\/p>\n<p class=\"price_description\">kr\/m\u00e5nad \u200b\u200b\u200b\u200b\u200b\u200b<\/p>\n<p>\n                    <a class=\"lab-paywall-teaser-offer-button\" href=\"https:\/\/order.flowy.se\/varldenidag\/varldenidagdigital\" rel=\"nofollow noopener\" target=\"_blank\">K\u00d6P<\/a>\n                <\/p>\n<p>                V\u00e4rlden idag<br \/>\n<br \/>PAPPER<br \/>\n                189,-<\/p>\n<p class=\"price_description\">kr\/m\u00e5nad \u200b\u200b\u200b\u200b\u200b\u200b<\/p>\n<p>\n                    <a class=\"lab-paywall-teaser-offer-button\" href=\"https:\/\/order.flowy.se\/varldenidag\/varldenidag\" rel=\"nofollow noopener\" target=\"_blank\">K\u00d6P<\/a>\n                <\/p>\n","protected":false},"excerpt":{"rendered":"Vi ser det bland judar \u00f6ver hela v\u00e4rlden, och vi har sett det g\u00e5ng p\u00e5 g\u00e5ng i\u00a0historien: ju&hellip;\n","protected":false},"author":2,"featured_media":38081,"comment_status":"","ping_status":"","sticky":false,"template":"","format":"standard","meta":{"footnotes":""},"categories":[14],"tags":[22,23,26,27,17,21,24,25,28,29,15,16,18,34,31,33,32,30,19,20,51,52,53,54],"class_list":{"0":"post-121296","1":"post","2":"type-post","3":"status-publish","4":"format-standard","5":"has-post-thumbnail","7":"category-varlden","8":"tag-breaking-news","9":"tag-breakingnews","10":"tag-featured-news","11":"tag-featurednews","12":"tag-headlines","13":"tag-huvudnyheter","14":"tag-latest-news","15":"tag-latestnews","16":"tag-main-news","17":"tag-mainnews","18":"tag-news","19":"tag-nyheter","20":"tag-rubriker","21":"tag-se","22":"tag-svenska","23":"tag-sverige","24":"tag-sweden","25":"tag-swedish","26":"tag-top-stories","27":"tag-topstories","28":"tag-varlden","29":"tag-world","30":"tag-world-news","31":"tag-worldnews"},"share_on_mastodon":{"url":"https:\/\/pubeurope.com\/@se\/115811215119878672","error":""},"_links":{"self":[{"href":"https:\/\/www.europesays.com\/se\/wp-json\/wp\/v2\/posts\/121296","targetHints":{"allow":["GET"]}}],"collection":[{"href":"https:\/\/www.europesays.com\/se\/wp-json\/wp\/v2\/posts"}],"about":[{"href":"https:\/\/www.europesays.com\/se\/wp-json\/wp\/v2\/types\/post"}],"author":[{"embeddable":true,"href":"https:\/\/www.europesays.com\/se\/wp-json\/wp\/v2\/users\/2"}],"replies":[{"embeddable":true,"href":"https:\/\/www.europesays.com\/se\/wp-json\/wp\/v2\/comments?post=121296"}],"version-history":[{"count":0,"href":"https:\/\/www.europesays.com\/se\/wp-json\/wp\/v2\/posts\/121296\/revisions"}],"wp:featuredmedia":[{"embeddable":true,"href":"https:\/\/www.europesays.com\/se\/wp-json\/wp\/v2\/media\/38081"}],"wp:attachment":[{"href":"https:\/\/www.europesays.com\/se\/wp-json\/wp\/v2\/media?parent=121296"}],"wp:term":[{"taxonomy":"category","embeddable":true,"href":"https:\/\/www.europesays.com\/se\/wp-json\/wp\/v2\/categories?post=121296"},{"taxonomy":"post_tag","embeddable":true,"href":"https:\/\/www.europesays.com\/se\/wp-json\/wp\/v2\/tags?post=121296"}],"curies":[{"name":"wp","href":"https:\/\/api.w.org\/{rel}","templated":true}]}}